{"id":131763,"date":"2025-05-27T12:27:08","date_gmt":"2025-05-27T12:27:08","guid":{"rendered":"https:\/\/www.europesays.com\/fr\/131763\/"},"modified":"2025-05-27T12:27:08","modified_gmt":"2025-05-27T12:27:08","slug":"incivilites-au-volant-les-francais-sont-champions-deurope","status":"publish","type":"post","link":"https:\/\/www.europesays.com\/fr\/131763\/","title":{"rendered":"Incivilit\u00e9s au volant\u00a0: les Fran\u00e7ais sont champions d\u2019Europe"},"content":{"rendered":"<p>Prises de risque, agressivit\u00e9, non-respect des r\u00e8gles\u2026 Le climat sur la route reste \u00ab tr\u00e8s tendu \u00bb en France en 2025 par rapport \u00e0 d\u2019autres pays europ\u00e9ens, selon le 15e Barom\u00e8tre de la conduite responsable publi\u00e9 mardi par la Fondation Vinci Autoroutes (*).<\/p>\n<p>Injures : 63 % des Fran\u00e7ais concern\u00e9s<\/p>\n<p>Les conducteurs fran\u00e7ais sont les plus enclins \u00e0 commettre des actes d\u2019incivilit\u00e9s au volant, puisque 63 % des personnes interrog\u00e9es reconnaissent injurier d\u2019autres usagers, devant les Italiens (58 %) et les Grecs (57 %), selon les chiffres de l\u2019\u00e9tude r\u00e9alis\u00e9e dans onze pays europ\u00e9ens par l\u2019institut de sondage Ipsos. Plus de la moiti\u00e9 des Fran\u00e7ais interrog\u00e9s d\u00e9clarent \u00e9galement klaxonner de fa\u00e7on intempestive les usagers de la route qui les \u00e9nervent.<\/p>\n<p>Cons\u00e9quence du climat d\u00e9l\u00e9t\u00e8re qui r\u00e8gne sur les routes fran\u00e7aises, 87 % des usagers affirment avoir peur du comportement agressif des autres conducteurs, contre 83 % en moyenne dans les onze pays \u00e9tudi\u00e9s.<\/p>\n<blockquote><p>\u00ab Une tr\u00e8s large majorit\u00e9 des comportements \u00e9tudi\u00e9s \u00e9voluent dans le bon sens \u00bb<\/p><\/blockquote>\n<p>Vitesse : neuf conducteurs sur dix d\u00e9passent les limitations<\/p>\n<p>Concernant le respect du code de la route, les Fran\u00e7ais font \u00e9galement figure de mauvais \u00e9l\u00e8ves puisque neuf conducteurs sur dix d\u00e9clarent d\u00e9passer de quelques km\/h la limitation de vitesse et 68 % ne pas respecter les distances de s\u00e9curit\u00e9.<\/p>\n<p>Cependant, pour la premi\u00e8re ann\u00e9e depuis la cr\u00e9ation du Barom\u00e8tre en 2011, \u00ab une tr\u00e8s large majorit\u00e9 des comportements \u00e9tudi\u00e9s \u00e9voluent dans le bon sens \u00bb, a observ\u00e9 Bernadette Moreau, d\u00e9l\u00e9gu\u00e9e g\u00e9n\u00e9rale de la Fondation Vinci Autoroutes, cit\u00e9e dans un communiqu\u00e9.<\/p>\n<p>Smartphone au volant : 75 %<\/p>\n<p><a href=\"https:\/\/www.letelegramme.fr\/france\/80-des-automobilistes-utilisent-leur-telephone-au-volant-230865.php\" target=\"_blank\" rel=\"noopener\">La part de conducteurs qui utilisent leur smartphone<\/a> ou programment leur GPS au volant a par exemple baiss\u00e9 de trois points en un an, m\u00eame si elle reste importante (75 %).<\/p>\n<p>Les Fran\u00e7ais sont \u00e9galement moins nombreux \u00e0 prendre le volant alors qu\u2019ils se sentent tr\u00e8s fatigu\u00e9s (39 % contre 43 % en 2024) ou lorsqu\u2019ils sont en \u00e9tat d\u2019\u00e9bri\u00e9t\u00e9 (7 % contre 9 % en 2024).<\/p>\n<p>Selon les estimations de l\u2019Observatoire national interminist\u00e9riel de la s\u00e9curit\u00e9 routi\u00e8re, 247 personnes sont d\u00e9c\u00e9d\u00e9es en avril 2025 sur les routes de France m\u00e9tropolitaine, contre 237 en avril 2024 (+ 4 %).<\/p>\n<p class=\"note\">* Pour cette enqu\u00eate men\u00e9e entre le 11 f\u00e9vrier et le 5 mars 2025 dans onze pays europ\u00e9ens, 12 403 personnes \u00e2g\u00e9es de 16 ans et plus ont \u00e9t\u00e9 interrog\u00e9es par Internet, selon la m\u00e9thode des quotas.<\/p>\n","protected":false},"excerpt":{"rendered":"Prises de risque, agressivit\u00e9, non-respect des r\u00e8gles\u2026 Le climat sur la route reste \u00ab tr\u00e8s tendu \u00bb en&hellip;\n","protected":false},"author":2,"featured_media":131764,"comment_status":"","ping_status":"","sticky":false,"template":"","format":"standard","meta":{"footnotes":""},"categories":[1586],"tags":[11,765,1777,674,1011,27,12,25,656,5009],"class_list":{"0":"post-131763","1":"post","2":"type-post","3":"status-publish","4":"format-standard","5":"has-post-thumbnail","7":"category-europe","8":"tag-actualites","9":"tag-en-continu","10":"tag-eu","11":"tag-europe","12":"tag-fr","13":"tag-france","14":"tag-news","15":"tag-republique-francaise","16":"tag-securite","17":"tag-securite-routiere"},"share_on_mastodon":{"url":"https:\/\/pubeurope.com\/@fr\/114579796360963401","error":""},"_links":{"self":[{"href":"https:\/\/www.europesays.com\/fr\/wp-json\/wp\/v2\/posts\/131763","targetHints":{"allow":["GET"]}}],"collection":[{"href":"https:\/\/www.europesays.com\/fr\/wp-json\/wp\/v2\/posts"}],"about":[{"href":"https:\/\/www.europesays.com\/fr\/wp-json\/wp\/v2\/types\/post"}],"author":[{"embeddable":true,"href":"https:\/\/www.europesays.com\/fr\/wp-json\/wp\/v2\/users\/2"}],"replies":[{"embeddable":true,"href":"https:\/\/www.europesays.com\/fr\/wp-json\/wp\/v2\/comments?post=131763"}],"version-history":[{"count":0,"href":"https:\/\/www.europesays.com\/fr\/wp-json\/wp\/v2\/posts\/131763\/revisions"}],"wp:featuredmedia":[{"embeddable":true,"href":"https:\/\/www.europesays.com\/fr\/wp-json\/wp\/v2\/media\/131764"}],"wp:attachment":[{"href":"https:\/\/www.europesays.com\/fr\/wp-json\/wp\/v2\/media?parent=131763"}],"wp:term":[{"taxonomy":"category","embeddable":true,"href":"https:\/\/www.europesays.com\/fr\/wp-json\/wp\/v2\/categories?post=131763"},{"taxonomy":"post_tag","embeddable":true,"href":"https:\/\/www.europesays.com\/fr\/wp-json\/wp\/v2\/tags?post=131763"}],"curies":[{"name":"wp","href":"https:\/\/api.w.org\/{rel}","templated":true}]}}