{"id":131765,"date":"2025-05-27T12:28:09","date_gmt":"2025-05-27T12:28:09","guid":{"rendered":"https:\/\/www.europesays.com\/fr\/131765\/"},"modified":"2025-05-27T12:28:09","modified_gmt":"2025-05-27T12:28:09","slug":"qui-est-cette-artiste-belge-qui-a-eu-lhonneur-dune-visite-royale","status":"publish","type":"post","link":"https:\/\/www.europesays.com\/fr\/131765\/","title":{"rendered":"Qui est cette artiste belge qui a eu l&rsquo;honneur d&rsquo;une visite royale\u00a0?"},"content":{"rendered":"<p class=\"ap-StoryElement ap-StoryElement--mb js-paywall-target ap-StoryText\">N\u00e9e \u00e0 Gand, en 1964, o\u00f9 elle vit et travaille aujourd&rsquo;hui mari\u00e9e au sculpteur Peter Buggenhout, elle est fille unique. Son p\u00e8re tenait une boucherie, aid\u00e9 par sa m\u00e8re. \u00ab\u00a0C&rsquo;est vrai, nous disait-elle, que je suis habitu\u00e9e depuis mon enfance au contact des carcasses de viande et \u00e0 ne pas craindre la mort. Mais ce que je fais est tout diff\u00e9rent. Chez moi, ce n&rsquo;est plus du tout de la viande, je redonne vie \u00e0 l&rsquo;animal mort, je lui t\u00e9moigne du respect. Il n&rsquo;y avait jamais eu d&rsquo;artiste chez nous, m\u00eame si \u00e0 leur mani\u00e8re, mes parents et grands-parents \u00e9taient tr\u00e8s cr\u00e9atifs. Mon grand-p\u00e8re \u00e9tait fermier et tr\u00e8s innovant dans la mani\u00e8re avec laquelle il greffait les arbres et bouturait les fleurs.\u00a0\u00bb<\/p>\n<p class=\"ap-StoryElement ap-StoryElement--mb ap-StoryText\">Ses premi\u00e8res \u0153uvres montraient des femmes repli\u00e9es, cach\u00e9es sous les couvertures qui r\u00e9chauffent et prot\u00e8gent, mais aussi qui \u00e9touffent et occultent les visages.<\/p>\n<p><a href=\"https:\/\/www.lalibre.be\/culture\/arts\/2025\/02\/19\/berlinde-de-bruyckere-conjugue-le-tragique-et-la-beaute-TIG3WHSFXNCYJCRMWRRLJ72ENI\/\" target=\"_blank\" rel=\"noopener noreferrer\" class=\"ap-StoryInterstitialLink ap-StoryElement ap-StoryElement--mb\">Berlinde De Bruyckere conjugue le tragique et la beaut\u00e9<\/a><\/p>\n<p class=\"ap-StoryElement ap-StoryElement--mb ap-StoryText\">Impressionn\u00e9e par des images de chevaux morts le long des routes pendant la guerre 14-18, elle a beaucoup travaill\u00e9 avec des corps et des peaux de chevaux qu&rsquo;elle pend comme des drap\u00e9s ou qu&rsquo;elle gonfle et recoud.<\/p>\n<p class=\"ap-StoryElement ap-StoryElement--mb ap-StoryText\">Elle repr\u00e9senta la Belgique \u00e0 la Biennale de Venise 2013, occupant tout le pavillon belge avec un \u00e9norme arbre couch\u00e9 dans la p\u00e9nombre, comme un corps bless\u00e9. Un Saint-S\u00e9bastien fait d&rsquo;un orme frapp\u00e9 par une temp\u00eate en France. Elle avait repris l&rsquo;arbre dans son atelier pour en faire un double en cire. Caut\u00e9risant les plaies, bouturant les branches, disposant des coussins et des bandages entre les blessures de l&rsquo;arbre.<\/p>\n<p class=\"ap-StoryElement ap-StoryElement--mb ap-StoryText\">Ces derniers mois, elle a montr\u00e9 de Venise \u00e0 Mons, d&rsquo;Essen \u00e0 Maastricht ses \u00ab\u00a0Arcangelo\u00a0\u00bb debout sur la plante des pieds, la t\u00eate et le haut du corps recouverts de couvertures grises, imitant des peaux. Ils semblent d\u00e9coller ou atterrir.<\/p>\n<p class=\"ap-StoryElement ap-StoryElement--mb ap-StoryText\">Elle puise son inspiration dans l&rsquo;actualit\u00e9 comme dans l&rsquo;histoire de la litt\u00e9rature et de l&rsquo;art, de Gr\u00fcnewald, Cranach, Antonello da Messina ou Giorgione \u00e0 l&rsquo;\u0153uvre de Pasolini et Coetzee. Le chor\u00e9graphe Alain Platel est pour elle une \u00ab\u00a0\u00e2me s\u0153ur\u00a0\u00bb dans \u00ab\u00a0l&rsquo;expression de l&rsquo;\u00eatre humain en perp\u00e9tuelle recherche.\u00a0\u00bb<\/p>\n","protected":false},"excerpt":{"rendered":"N\u00e9e \u00e0 Gand, en 1964, o\u00f9 elle vit et travaille aujourd&rsquo;hui mari\u00e9e au sculpteur Peter Buggenhout, elle est&hellip;\n","protected":false},"author":2,"featured_media":131766,"comment_status":"","ping_status":"","sticky":false,"template":"","format":"standard","meta":{"footnotes":""},"categories":[1586],"tags":[25652,17,11,3734,2937,25653,25654,10001,25655,1777,674,1779,3293,1011,27,25656,25657,25658,25659,25660,25661,25662,12,12483,25663,25,16866,25664,1778,364],"class_list":{"0":"post-131765","1":"post","2":"type-post","3":"status-publish","4":"format-standard","5":"has-post-thumbnail","7":"category-europe","8":"tag-didelebrun-famille-royale","9":"tag-17","10":"tag-actualites","11":"tag-art","12":"tag-artistes","13":"tag-berlinde-de-bruyckere","14":"tag-bozar","15":"tag-brussels","16":"tag-didier-lebrun","17":"tag-eu","18":"tag-europe","19":"tag-european-union","20":"tag-exposition","21":"tag-fr","22":"tag-france","23":"tag-khoros","24":"tag-koningin","25":"tag-koningin-mathilde","26":"tag-koninklijke-familie","27":"tag-kunst","28":"tag-kunstenaars","29":"tag-mathilde","30":"tag-news","31":"tag-reine","32":"tag-reine-mathilde","33":"tag-republique-francaise","34":"tag-royalty","35":"tag-tentoonstelling","36":"tag-ue","37":"tag-union-europeenne"},"share_on_mastodon":{"url":"https:\/\/pubeurope.com\/@fr\/114579800381117511","error":""},"_links":{"self":[{"href":"https:\/\/www.europesays.com\/fr\/wp-json\/wp\/v2\/posts\/131765","targetHints":{"allow":["GET"]}}],"collection":[{"href":"https:\/\/www.europesays.com\/fr\/wp-json\/wp\/v2\/posts"}],"about":[{"href":"https:\/\/www.europesays.com\/fr\/wp-json\/wp\/v2\/types\/post"}],"author":[{"embeddable":true,"href":"https:\/\/www.europesays.com\/fr\/wp-json\/wp\/v2\/users\/2"}],"replies":[{"embeddable":true,"href":"https:\/\/www.europesays.com\/fr\/wp-json\/wp\/v2\/comments?post=131765"}],"version-history":[{"count":0,"href":"https:\/\/www.europesays.com\/fr\/wp-json\/wp\/v2\/posts\/131765\/revisions"}],"wp:featuredmedia":[{"embeddable":true,"href":"https:\/\/www.europesays.com\/fr\/wp-json\/wp\/v2\/media\/131766"}],"wp:attachment":[{"href":"https:\/\/www.europesays.com\/fr\/wp-json\/wp\/v2\/media?parent=131765"}],"wp:term":[{"taxonomy":"category","embeddable":true,"href":"https:\/\/www.europesays.com\/fr\/wp-json\/wp\/v2\/categories?post=131765"},{"taxonomy":"post_tag","embeddable":true,"href":"https:\/\/www.europesays.com\/fr\/wp-json\/wp\/v2\/tags?post=131765"}],"curies":[{"name":"wp","href":"https:\/\/api.w.org\/{rel}","templated":true}]}}