{"id":131775,"date":"2025-05-27T12:34:10","date_gmt":"2025-05-27T12:34:10","guid":{"rendered":"https:\/\/www.europesays.com\/fr\/131775\/"},"modified":"2025-05-27T12:34:10","modified_gmt":"2025-05-27T12:34:10","slug":"super-xiii-tony-gigot-tire-sa-reverence-rugby-a-xiii","status":"publish","type":"post","link":"https:\/\/www.europesays.com\/fr\/131775\/","title":{"rendered":"Super XIII &#8211; Tony Gigot tire sa r\u00e9v\u00e9rence &#8211; Rugby \u00e0 XIII"},"content":{"rendered":"<p style=\"text-align: justify;\"><strong>La boucle est boucl\u00e9e pour Tony Gigot. Suite \u00e0 son titre de champion de France avec Albi, le meneur a annonc\u00e9 qu\u2019il prenait sa retraite. <\/strong><\/p>\n<p style=\"text-align: justify;\">Quelle belle mani\u00e8re de se retirer du rugby \u00e0 XIII fran\u00e7ais que d\u2019offrir un titre de champion de France \u00e0 Albi RL XIII. <a href=\"https:\/\/treizemondial.fr\/albi-crucifie-carcassonne-dans-les-derniers-instants-et-soffre-le-titre-de-champion-de-france\/\" rel=\"nofollow noopener\" target=\"_blank\">Sacr\u00e9s champions apr\u00e8s 48 ans d\u2019attente<\/a>, les Tigers ont c\u00e9l\u00e9br\u00e9 leur titre sans retenue en ce d\u00e9but de semaine. L\u2019occasion pour le buteur et pi\u00e8ce ma\u00eetresse de l\u2019\u00e9quipe de Joris Canton de mettre un terme \u00e0 une carri\u00e8re parmi les plus belles des joueurs fran\u00e7ais.<\/p>\n<p style=\"text-align: justify;\">\u00c0 l\u2019aube de sa 35\u00e8me ann\u00e9e, l\u2019ancien meneur des Dragons Catalans et du Toulouse Olympique a referm\u00e9, par un dernier titre, une armoire \u00e0 troph\u00e9es bien remplie. Et par quel titre ? Celui de champion de France de Super XIII, le dernier qu\u2019il lui manquait. Lui qui avait soulev\u00e9 la Challenge Cup en 2018 avec les Dracs avant de remporter le Championship en 2021 et de vivre la mont\u00e9e en Super League avec le TO XIII l\u2019ann\u00e9e suivante.<\/p>\n<p>Un dernier petit titre et puis s\u2019en va<\/p>\n<p style=\"text-align: justify;\">Au terme d\u2019une finale aussi ind\u00e9cise qu\u2019intense face \u00e0 Carcassonne, Tony G\u00a0exultait et pouvait lever les bras au ciel. Il le savait, il sortirait par la grande porte. Interview\u00e9 par nos confr\u00e8res de L\u2019Ind\u00e9pendant, \u00e0 peine le coup de sifflet final donn\u00e9, le meneur se livrait :<\/p>\n<blockquote>\n<p style=\"text-align: justify;\">Ce titre est une somme de travail et de doutes. Car rien n\u2019est jamais acquis tant que le coup de sifflet final n\u2019a pas \u00e9t\u00e9 donn\u00e9. Je ressens beaucoup d\u2019\u00e9motions aujourd\u2019hui, d\u2019autant plus que je peux vous confier que c\u2019\u00e9tait le dernier match de ma carri\u00e8re.<\/p>\n<\/blockquote>\n<p style=\"text-align: justify;\">Nul doute que les fins connaisseurs de rugby \u00e0 XIII n\u2019oublieront pas les grandes envol\u00e9es, les exploits personnels et ce style de jeu si particulier qui nous a fait briller les yeux de nombreuses fois. Une page se tourne, mais les souvenirs, eux, restent. Et gr\u00e2ce \u00e0 Tony Gigot, nous n\u2019en manquerons s\u00fbrement pas. Ciao l\u2019artiste !<\/p>\n<blockquote class=\"instagram-media\" data-instgrm-captioned=\"\" data-instgrm-permalink=\"https:\/\/www.instagram.com\/p\/DKJP4gVRQvh\/?utm_source=ig_embed&amp;utm_campaign=loading\" data-instgrm-version=\"14\" style=\" background:#FFF; border:0; border-radius:3px; box-shadow:0 0 1px 0 rgba(0,0,0,0.5),0 1px 10px 0 rgba(0,0,0,0.15); margin: 1px; max-width:500px; min-width:326px; padding:0; width:99.375%; width:-webkit-calc(100% - 2px); width:calc(100% - 2px);\">\n<\/blockquote>\n<p>        <script async src=\"\/\/www.instagram.com\/embed.js\"><\/script><\/p>\n","protected":false},"excerpt":{"rendered":"La boucle est boucl\u00e9e pour Tony Gigot. Suite \u00e0 son titre de champion de France avec Albi, le&hellip;\n","protected":false},"author":2,"featured_media":131776,"comment_status":"","ping_status":"","sticky":false,"template":"","format":"standard","meta":{"footnotes":""},"categories":[1416],"tags":[20088,3248,1011,27,479,2228,1468,2229,60,2231,25665,3502],"class_list":{"0":"post-131775","1":"post","2":"type-post","3":"status-publish","4":"format-standard","5":"has-post-thumbnail","7":"category-rugby","8":"tag-albi-rl-xiii","9":"tag-dragons-catalans","10":"tag-fr","11":"tag-france","12":"tag-rugby","13":"tag-rugby-a-xiii","14":"tag-rugby-football","15":"tag-rugby-league","16":"tag-sports","17":"tag-super-xiii","18":"tag-tony-gigot","19":"tag-toulouse-olympique"},"share_on_mastodon":{"url":"https:\/\/pubeurope.com\/@fr\/114579824143432175","error":""},"_links":{"self":[{"href":"https:\/\/www.europesays.com\/fr\/wp-json\/wp\/v2\/posts\/131775","targetHints":{"allow":["GET"]}}],"collection":[{"href":"https:\/\/www.europesays.com\/fr\/wp-json\/wp\/v2\/posts"}],"about":[{"href":"https:\/\/www.europesays.com\/fr\/wp-json\/wp\/v2\/types\/post"}],"author":[{"embeddable":true,"href":"https:\/\/www.europesays.com\/fr\/wp-json\/wp\/v2\/users\/2"}],"replies":[{"embeddable":true,"href":"https:\/\/www.europesays.com\/fr\/wp-json\/wp\/v2\/comments?post=131775"}],"version-history":[{"count":0,"href":"https:\/\/www.europesays.com\/fr\/wp-json\/wp\/v2\/posts\/131775\/revisions"}],"wp:featuredmedia":[{"embeddable":true,"href":"https:\/\/www.europesays.com\/fr\/wp-json\/wp\/v2\/media\/131776"}],"wp:attachment":[{"href":"https:\/\/www.europesays.com\/fr\/wp-json\/wp\/v2\/media?parent=131775"}],"wp:term":[{"taxonomy":"category","embeddable":true,"href":"https:\/\/www.europesays.com\/fr\/wp-json\/wp\/v2\/categories?post=131775"},{"taxonomy":"post_tag","embeddable":true,"href":"https:\/\/www.europesays.com\/fr\/wp-json\/wp\/v2\/tags?post=131775"}],"curies":[{"name":"wp","href":"https:\/\/api.w.org\/{rel}","templated":true}]}}