{"id":131779,"date":"2025-05-27T12:37:09","date_gmt":"2025-05-27T12:37:09","guid":{"rendered":"https:\/\/www.europesays.com\/fr\/131779\/"},"modified":"2025-05-27T12:37:09","modified_gmt":"2025-05-27T12:37:09","slug":"ils-sont-conscients-de-ma-valeur","status":"publish","type":"post","link":"https:\/\/www.europesays.com\/fr\/131779\/","title":{"rendered":"Ils sont conscients de ma valeur"},"content":{"rendered":"<p>Tout laisse \u00e0 croire que <a href=\"https:\/\/fr.motorsport.com\/driver\/luca-marini\/201098\/\" target=\"_blank\" rel=\"noopener\">Luca Marini<\/a> se trouve aujourd&rsquo;hui dans une position d\u00e9licate, lui qui n&rsquo;a de contrat que jusqu&rsquo;\u00e0 la fin de la saison en cours, alors que son co\u00e9quipier\u00a0<a href=\"https:\/\/fr.motorsport.com\/driver\/joan-mir\/289392\/\" target=\"_blank\" rel=\"noopener\">Joan Mir<\/a> a un engagement jusqu&rsquo;\u00e0 fin 2026. <a href=\"https:\/\/fr.motorsport.com\/driver\/johann-zarco\/96107\/\" target=\"_blank\" rel=\"noopener\">Johann Zarco<\/a> ne cache pas son envie de prendre sa place dans l&rsquo;\u00e9quipe d&rsquo;usine Honda, en faisant valoir sa position de meilleur pilote de la marque, mais aussi sa victoire au Mans et sa solide deuxi\u00e8me place \u00e0 Silverstone. Mais une autre option a \u00e9merg\u00e9 \u00e0 la surprise g\u00e9n\u00e9rale avec la volont\u00e9 de <a href=\"https:\/\/fr.motorsport.com\/driver\/jorge-martin\/109391\/\" target=\"_blank\" rel=\"noopener\">Jorge Mart\u00edn<\/a> de quitter Aprilia.<\/p>\n<p>Pour autant, Marini ne manifeste pas de signes d&rsquo;inqui\u00e9tude. \u00ab\u00a0Clairement, \u00e9videmment que je l&rsquo;esp\u00e8re\u00a0\u00bb, a-t-il r\u00e9pondu jeudi lorsqu&rsquo;il lui a \u00e9t\u00e9 demand\u00e9 s&rsquo;il esp\u00e9rait rester en poste en 2026. \u00ab\u00a0C&rsquo;est normal qu&rsquo;on parle de tout \u00e7a. Au final, je suis un pilote en fin de contrat, alors c&rsquo;est normal. Mais \u00e7a fait d\u00e9j\u00e0 plusieurs semaines qu&rsquo;on parle avec Honda pour trouver la meilleure solution pour nous deux, et je pense que c&rsquo;est de continuer comme \u00e7a, parce qu&rsquo;on ram\u00e8ne vraiment \u00e9norm\u00e9ment de r\u00e9sultats.\u00a0\u00bb<\/p>\n<p>\u00ab\u00a0Ils sont tr\u00e8s conscients de ma valeur et de l&rsquo;aide que je leur apporte dans le d\u00e9veloppement de la moto. Leur reconnaissance a toujours \u00e9t\u00e9 tr\u00e8s claire, et je l&rsquo;appr\u00e9cie beaucoup donc je suis content comme \u00e7a. On verra.\u00a0\u00bb<\/p>\n<p>Poursuivant au sujet des discussions qu&rsquo;il a avec Honda, Marini a ajout\u00e9\u00a0:\u00a0\u00ab\u00a0On en a eu beaucoup. J&rsquo;ai dit il y a quelques courses <a href=\"https:\/\/fr.motorsport.com\/motogp\/news\/luca-marini-commence-parler-avenir-honda\/10721030\/\" target=\"_self\" rel=\"noopener\">qu&rsquo;on discutait du renouvellement du contrat<\/a> donc je dirais que tout est sous contr\u00f4le. Les deux parties veulent le meilleur et je suis assez content de \u00e7a. On verra au cours des prochains mois ou semaines. J&rsquo;esp\u00e8re que \u00e7a se fera aussi vite que possible mais il n&rsquo;y a pas de p\u00e9riode [de transfert], comme en football. Ce serait un peu plus facile pour tout le monde mais je pense que ce serait impossible\u00a0!\u00a0Donc pas de souci.\u00a0\u00bb<\/p>\n<p>Lire aussi :<\/p>\n<p>Interrog\u00e9 sur l&rsquo;affaire qui oppose Jorge Mart\u00edn et Aprilia, alors que le constructeur a transmis par voie de presse <a href=\"https:\/\/fr.motorsport.com\/motogp\/news\/aprilia-avertissement-validite-contrat-martin\/10725062\/\" target=\"_self\" rel=\"noopener\">un avertissement clair quant au respect qu&rsquo;il attend des contrats en vigueur<\/a>, Luca Marini a livr\u00e9 un point de vue g\u00e9n\u00e9ral sur l&rsquo;attitude \u00e0 adopter\u00a0:\u00a0\u00ab\u00a0\u00c0 mon avis, ce qui est juste c&rsquo;est d&rsquo;essayer d&rsquo;\u00eatre correct, de discuter de la mani\u00e8re la plus transparente possible avec ceux qui sont vos employeurs et d&rsquo;essayer de trouver la meilleure solution pour les deux parties, c&rsquo;est tout.\u00a0\u00bb<\/p>\n<p>\u00ab\u00a0Ce qui est important c&rsquo;est que tout soit fait de fa\u00e7on transparente, correcte. Au final, on discute toujours entre adultes et on cherche toujours la meilleure solution pour les deux parties. Pas seulement pour ce qui est du pilote, mais aussi pour l&rsquo;\u00e9quipe.\u00a0\u00bb<\/p>\n<p>Un passage au Japon entre Le Mans et Silverstone<\/p>\n<p>Luca Marini a aussi fait savoir qu&rsquo;il s&rsquo;est rendu au Japon entre les GP de France et de Grande-Bretagne, signe de son implication dans la pr\u00e9paration de la moto pour 2026. Et c&rsquo;\u00e9tait \u00e9galement l&rsquo;occasion de poursuivre les discussions.<\/p>\n<p>\u00ab\u00a0On est all\u00e9 en soufflerie, on a fait quelques autres choses et on devait aussi travailler un peu sur l&rsquo;ergonomie de la moto de l&rsquo;ann\u00e9e prochaine, essayer d&rsquo;\u00e9tudier certains d\u00e9tails qu&rsquo;on n&rsquo;avait, non pas laiss\u00e9s de c\u00f4t\u00e9 mais pas eu le temps de mettre au point jusqu&rsquo;\u00e0 pr\u00e9sent. L&rsquo;id\u00e9e \u00e9tait d&rsquo;essayer de tout mettre au point pour le moment o\u00f9 arrivera la nouvelle moto pour la saison prochaine.\u00a0\u00bb<\/p>\n<p>\u00ab\u00a0On a parl\u00e9 de l&rsquo;an prochain, de mon contrat, on a essay\u00e9 de discuter d&rsquo;une mani\u00e8re positive. On conna\u00eet la situation et on essaie d&rsquo;avoir la meilleure conclusion pour tout le monde\u00a0\u00bb, a ajout\u00e9 le pilote italien aupr\u00e8s du site officiel du MotoGP.<\/p>\n<p>Lire aussi :<\/p>\n<p>\u00ab\u00a0J&rsquo;aimerais rester ici parce qu&rsquo;on fait partie d&rsquo;un projet qui nous permet de beaucoup am\u00e9liorer la moto, et on fait de tr\u00e8s gros progr\u00e8s cette saison. Je pense que Honda conna\u00eet tr\u00e8s bien mon attitude, les efforts que je mets dans ce projet, et ils seraient tr\u00e8s heureux de continuer \u00e0 travailler avec moi, donc on verra au cours des prochains moins.\u00a0\u00bb<\/p>\n<p>Maintenant que le GP de Grande-Bretagne est boucl\u00e9, Luca Marini retourne au Japon, cette fois pour r\u00e9aliser un test visant \u00e0 <a href=\"https:\/\/fr.motorsport.com\/motogp\/news\/miller-zarco-marini-8-heures-suzuka\/10726464\/\" target=\"_self\" rel=\"noopener\">\u00e9valuer sa capacit\u00e9 \u00e0 disputer les 8 Heures de Suzuka<\/a>, une course \u00e9minemment importante pour le constructeur.<\/p>\n<p>Interrog\u00e9 vendredi sur les options dont dispose Honda, le team manager Alberto Puig a admis l&rsquo;int\u00e9r\u00eat que susciterait Jorge Mart\u00edn s&rsquo;il venait \u00e0 \u00eatre l\u00e9galement libre de quitter Aprilia. Lucio Cecchinello r\u00e9p\u00e8te quant \u00e0 lui qu&rsquo;il esp\u00e8re conserver Johann Zarco dans son \u00e9quipe et prolonger ce qui est un partenariat solide avec l&rsquo;usine.<\/p>\n<p style=\"text-align: right;\">Avec Vincent Lalanne-Sicaud<\/p>\n<p>Dans cet article<\/p>\n<p>    L\u00e9na Buffa\n<\/p>\n<p>    MotoGP\n<\/p>\n<p>    Luca Marini\n<\/p>\n<p>    Honda HRC\n<\/p>\n<p>Soyez le premier inform\u00e9 et souscrivez aux alertes mails pour recevoir les infos en temps r\u00e9el<\/p>\n<p>    S&rsquo;abonner aux alertes de news<\/p>\n","protected":false},"excerpt":{"rendered":"Tout laisse \u00e0 croire que Luca Marini se trouve aujourd&rsquo;hui dans une position d\u00e9licate, lui qui n&rsquo;a de&hellip;\n","protected":false},"author":2,"featured_media":131780,"comment_status":"","ping_status":"","sticky":false,"template":"","format":"standard","meta":{"footnotes":""},"categories":[1413],"tags":[1011,27,3345,15966,1457,1456,1458,60],"class_list":{"0":"post-131779","1":"post","2":"type-post","3":"status-publish","4":"format-standard","5":"has-post-thumbnail","7":"category-moto","8":"tag-fr","9":"tag-france","10":"tag-honda-hrc","11":"tag-luca-marini","12":"tag-moto","13":"tag-motocycle","14":"tag-motogp","15":"tag-sports"},"share_on_mastodon":{"url":"https:\/\/pubeurope.com\/@fr\/114579835635082061","error":""},"_links":{"self":[{"href":"https:\/\/www.europesays.com\/fr\/wp-json\/wp\/v2\/posts\/131779","targetHints":{"allow":["GET"]}}],"collection":[{"href":"https:\/\/www.europesays.com\/fr\/wp-json\/wp\/v2\/posts"}],"about":[{"href":"https:\/\/www.europesays.com\/fr\/wp-json\/wp\/v2\/types\/post"}],"author":[{"embeddable":true,"href":"https:\/\/www.europesays.com\/fr\/wp-json\/wp\/v2\/users\/2"}],"replies":[{"embeddable":true,"href":"https:\/\/www.europesays.com\/fr\/wp-json\/wp\/v2\/comments?post=131779"}],"version-history":[{"count":0,"href":"https:\/\/www.europesays.com\/fr\/wp-json\/wp\/v2\/posts\/131779\/revisions"}],"wp:featuredmedia":[{"embeddable":true,"href":"https:\/\/www.europesays.com\/fr\/wp-json\/wp\/v2\/media\/131780"}],"wp:attachment":[{"href":"https:\/\/www.europesays.com\/fr\/wp-json\/wp\/v2\/media?parent=131779"}],"wp:term":[{"taxonomy":"category","embeddable":true,"href":"https:\/\/www.europesays.com\/fr\/wp-json\/wp\/v2\/categories?post=131779"},{"taxonomy":"post_tag","embeddable":true,"href":"https:\/\/www.europesays.com\/fr\/wp-json\/wp\/v2\/tags?post=131779"}],"curies":[{"name":"wp","href":"https:\/\/api.w.org\/{rel}","templated":true}]}}