{"id":131783,"date":"2025-05-27T12:39:11","date_gmt":"2025-05-27T12:39:11","guid":{"rendered":"https:\/\/www.europesays.com\/fr\/131783\/"},"modified":"2025-05-27T12:39:11","modified_gmt":"2025-05-27T12:39:11","slug":"giro-tour-ditalie-primoz-roglic-au-depart-revenir-au-general-pas-realiste","status":"publish","type":"post","link":"https:\/\/www.europesays.com\/fr\/131783\/","title":{"rendered":"Giro. Tour d&rsquo;Italie &#8211; Primoz Roglic au d\u00e9part : \u00abRevenir au g\u00e9n\u00e9ral ? Pas r\u00e9aliste&#8230;\u00bb"},"content":{"rendered":"<p>Comme indiqu\u00e9 ces derni\u00e8res heures, <strong><a href=\"https:\/\/www.cyclismactu.net\/..\/news-tour-d-italie-route-primoz-roglic-en-larmes-pourrait-abandonner-giro-d-italia-88050.html\" target=\"_blank\" rel=\"nofollow noopener\">Primoz Roglic<\/a> <\/strong>(Red Bull-BORA-hansgrohe) s&rsquo;est bien rendu au d\u00e9part de la 16e \u00e9tape du <strong>Tour d&rsquo;Italie <\/strong>ce mardi. Apr\u00e8s sa d\u00e9sillusion dimanche, et les mots du directeur de l&rsquo;\u00e9quipe allemande, on pouvait penser ne jamais revoir <strong>Primoz Roglic<\/strong>. Cependant, le Slov\u00e8ne va tenter de s&rsquo;accrocher sur l&rsquo;une des \u00e9tapes les plus dures du 108e <strong>Giro<\/strong>. Cependant, le Slov\u00e8ne ne se fait pas d&rsquo;illusion. \u00ab\u00a0Revenir au classement g\u00e9n\u00e9ral,\u00a0je ne pense pas que ce soit r\u00e9aliste \u00e0 ce stade. Clairement, je me bats juste pour survivre\u00a0\u00bb, a-t-il d\u00e9clar\u00e9 avant de prendre le d\u00e9part.<\/p>\n<p>Vid\u00e9o &#8211; Roglic&#8230; presque 4 minutes de retard sur Del Toro Lire la suite de l&rsquo;article&#13;<\/p>\n<p>\u00a0<\/p>\n<p>&#13;<br \/>\n\u00ab\u00a0Hier, je n\u2019arrivais m\u00eame pas \u00e0 monter sur le v\u00e9lo\u00a0\u00bb&#13;<\/p>\n<p>\u00ab\u00a0Oui, clairement, je me sens mieux qu\u2019hier. Ce que \u00e7a signifie concr\u00e8tement, on verra\u2026 Il faut \u00eatre \u00e0 200 % pour esp\u00e9rer \u00eatre vraiment bien. Mais voil\u00e0, on verra bien\u00a0\u00bb, a d&rsquo;abord d\u00e9clar\u00e9 le Slov\u00e8ne. \u00ab\u00a0Comme je l\u2019ai dit, je vais simplement essayer. Si je sens que je peux le faire, je tenterai. Sinon, chaque kilom\u00e8tre parcouru sera d\u00e9j\u00e0 une petite victoire\u00a0\u00bb, explique <strong>Roglic.<\/strong><\/p>\n<p>&#13;<\/p>\n<p><strong>\u00ab\u00a0<\/strong>Revenir au classement g\u00e9n\u00e9ral ?\u00a0Non, je ne pense pas que ce soit r\u00e9aliste \u00e0 ce stade. Clairement, je me bats juste pour survivre, comme je l\u2019ai dit. Aujourd\u2019hui, je suis encore au d\u00e9part, et c\u2019est d\u00e9j\u00e0 quelque chose : hier, je n\u2019arrivais m\u00eame pas \u00e0 monter sur le v\u00e9lo. Donc voil\u00e0, on verra si j\u2019y arrive aujourd\u2019hui\u00a0\u00bb, explique-t-il. Enfin, le Slov\u00e8ne a confirm\u00e9 que son jeune \u00e9quipier,<strong> Giulio Pellizzari<\/strong>, aura sa chance : \u00ab\u00a0Bien s\u00fbr. Il a clairement montr\u00e9 qu\u2019il avait les jambes, donc oui, \u00e9videmment.\u00a0\u00bb<\/p>\n<p>Tour d&rsquo;Italie &#8211; Classement g\u00e9n\u00e9ral provisoire apr\u00e8s la 15\u00e8 \u00e9tape<\/p>\n","protected":false},"excerpt":{"rendered":"Comme indiqu\u00e9 ces derni\u00e8res heures, Primoz Roglic (Red Bull-BORA-hansgrohe) s&rsquo;est bien rendu au d\u00e9part de la 16e \u00e9tape&hellip;\n","protected":false},"author":2,"featured_media":131784,"comment_status":"","ping_status":"","sticky":false,"template":"","format":"standard","meta":{"footnotes":""},"categories":[1411],"tags":[1154,207,1011,27,209,60,3318,208],"class_list":{"0":"post-131783","1":"post","2":"type-post","3":"status-publish","4":"format-standard","5":"has-post-thumbnail","7":"category-cyclisme","8":"tag-cycling","9":"tag-cyclisme","10":"tag-fr","11":"tag-france","12":"tag-route","13":"tag-sports","14":"tag-tour-d","15":"tag-velo"},"share_on_mastodon":{"url":"https:\/\/pubeurope.com\/@fr\/114579843538731328","error":""},"_links":{"self":[{"href":"https:\/\/www.europesays.com\/fr\/wp-json\/wp\/v2\/posts\/131783","targetHints":{"allow":["GET"]}}],"collection":[{"href":"https:\/\/www.europesays.com\/fr\/wp-json\/wp\/v2\/posts"}],"about":[{"href":"https:\/\/www.europesays.com\/fr\/wp-json\/wp\/v2\/types\/post"}],"author":[{"embeddable":true,"href":"https:\/\/www.europesays.com\/fr\/wp-json\/wp\/v2\/users\/2"}],"replies":[{"embeddable":true,"href":"https:\/\/www.europesays.com\/fr\/wp-json\/wp\/v2\/comments?post=131783"}],"version-history":[{"count":0,"href":"https:\/\/www.europesays.com\/fr\/wp-json\/wp\/v2\/posts\/131783\/revisions"}],"wp:featuredmedia":[{"embeddable":true,"href":"https:\/\/www.europesays.com\/fr\/wp-json\/wp\/v2\/media\/131784"}],"wp:attachment":[{"href":"https:\/\/www.europesays.com\/fr\/wp-json\/wp\/v2\/media?parent=131783"}],"wp:term":[{"taxonomy":"category","embeddable":true,"href":"https:\/\/www.europesays.com\/fr\/wp-json\/wp\/v2\/categories?post=131783"},{"taxonomy":"post_tag","embeddable":true,"href":"https:\/\/www.europesays.com\/fr\/wp-json\/wp\/v2\/tags?post=131783"}],"curies":[{"name":"wp","href":"https:\/\/api.w.org\/{rel}","templated":true}]}}