{"id":131789,"date":"2025-05-27T12:43:09","date_gmt":"2025-05-27T12:43:09","guid":{"rendered":"https:\/\/www.europesays.com\/fr\/131789\/"},"modified":"2025-05-27T12:43:09","modified_gmt":"2025-05-27T12:43:09","slug":"les-dix-livres-en-competition","status":"publish","type":"post","link":"https:\/\/www.europesays.com\/fr\/131789\/","title":{"rendered":"les dix livres en comp\u00e9tition"},"content":{"rendered":"<p>    Lire\u00a0plus\u00a0tard  <\/p>\n<p><a aria-label=\"Nous suivre sur Google News\" href=\"https:\/\/news.google.com\/publications\/CAAqBwgKMJe4nQkw3dFs?hl=fr&amp;gl=FR&amp;ceid=FR%3Afr\" target=\"_blank\" data-piano=\"Page_Article,Sous_date_publi,Nous_suivre_sur_google_news,1er_clic,action\" class=\"btn btn--small btn--secondary\" rel=\"nofollow noopener\"><\/p>\n<p>      Google Actualit\u00e9s<br \/>\n  <\/a><\/p>\n<p>  Partager<\/p>\n<p>        Facebook<\/p>\n<p>        Bluesky<\/p>\n<p>        E-mail<\/p>\n<p>        Copier le lien<\/p>\n<p>      Envoyer<\/p>\n<p>    Temps de lecture\u00a0:\u00a01\u00a0min.<\/p>\n<p class=\"article__description latino-600m mb-24 mb-lg-30\" data-oncrawl-chapo-length=\"152\">\n<p>    Le quatri\u00e8me prix Jean Daniel sera remis le 16\u00a0juin prochain. Voici la liste des dix ouvrages de \u00ab\u00a0journalisme litt\u00e9raire\u00a0\u00bb pr\u00e9selectionn\u00e9s par le jury.<\/p>\n<p class=\"node__paragraphe antonia-750r text-grey-800 pb-24 pb-md-30\">\nLe prix Jean Daniel\u00a0a pour vocation de \u00ab\u00a0r\u00e9compenser une enqu\u00eate de journaliste magnifi\u00e9e par sa qualit\u00e9 litt\u00e9raire ou un r\u00e9cit d\u2019\u00e9crivain renforc\u00e9 par une investigation journalistique \u00bb. Pour sa quatri\u00e8me \u00e9dition, le jury a pr\u00e9s\u00e9lectionn\u00e9 dix livres. Sont en comp\u00e9tition\u00a0:<\/p>\n<ul class=\"node__bulletedList antonia-750r text-grey-800 pb-24 pb-md-40\">\n<li><a href=\"https:\/\/www.nouvelobs.com\/bibliobs\/20241204.OBS97360\/la-troisieme-vie-par-fabrice-arfi-l-espion-qui-m-obsedait.html\" rel=\"nofollow noopener\" target=\"_blank\"><strong>\u00ab\u00a0La Troisi\u00e8me Vie\u00a0\u00bb<\/strong><\/a>, de Fabrice Arfi (Seuil).<\/li>\n<li><a href=\"https:\/\/www.nouvelobs.com\/bibliobs\/20240827.OBS92846\/personne-morale-par-justine-augier-le-livre-noir-de-lafarge.html\" rel=\"nofollow noopener\" target=\"_blank\"><strong>\u00ab\u00a0Personne morale\u00a0\u00bb<\/strong><\/a>, de Justine Augier (Actes Sud).<\/li>\n<li><a href=\"https:\/\/www.nouvelobs.com\/bibliobs\/20241018.OBS95165\/beyrouth-13-avril-1975-autopsie-d-une-etincelle-c-est-l-histoire-du-bus-a-l-origine-de-la-guerre-civile-au-liban.html#:~:text=Au%20matin%20du%2013%20avril,La%20plupart%20sont%20tu%C3%A9s.\" rel=\"nofollow noopener\" target=\"_blank\"><strong>\u00ab\u00a0Beyrouth, 13 avril 1975\u00a0\u00bb<\/strong><\/a>, de Marwan Chahine (Belfond).<\/li>\n<li>\u00ab<strong>\u00a0Le Sermon d\u2019Hippocrate\u00a0: la m\u00e9decine sous l\u2019emprise des id\u00e9ologies identitaires\u00a0\u00bb<\/strong>, de Caroline Eliacheff et C\u00e9line Masson (L\u2019Observatoire).<\/li>\n<li><a href=\"https:\/\/www.nouvelobs.com\/bibliobs\/20241031.OBS95713\/mesopotamia-par-olivier-guez-la-vie-de-gertrude-d-arabie.html\" rel=\"nofollow noopener\" target=\"_blank\"><strong>\u00ab\u00a0Mesopotamia\u00a0\u00bb<\/strong><\/a>, d\u2019Olivier Guez (Grasset).<\/li>\n<li><a href=\"https:\/\/www.nouvelobs.com\/chroniques\/20250317.OBS101557\/le-bloc-notes-de-jerome-garcin-le-retour-de-jean-paul-kauffmann-dans-son-village-de-corps-nuds.html\" rel=\"nofollow noopener\" target=\"_blank\"><strong>\u00ab\u00a0L\u2019Accident\u00a0\u00bb<\/strong><\/a>, de Jean-Paul Kauffmann (Equateurs).<\/li>\n<li><a href=\"https:\/\/www.nouvelobs.com\/bibliobs\/20250512.OBS103818\/la-fureur-et-l-extase-par-laurent-larcher-inhumain-trop-humain.html\" rel=\"nofollow noopener\" target=\"_blank\"><strong>\u00ab\u00a0La Fureur et l\u2019Extase\u00a0\u00bb<\/strong><\/a>, de Laurent Larcher (Bayard).<\/li>\n<li><a href=\"https:\/\/www.nouvelobs.com\/mode\/20241124.OBS96868\/loic-prigent-si-ce-n-est-pas-absurde-ce-n-est-pas-de-la-mode.html\" rel=\"nofollow noopener\" target=\"_blank\"><strong>\u00ab\u00a0Mille milliards de rubans\u00a0: la vraie histoire de la mode\u00a0\u00bb<\/strong><\/a>, de Lo\u00efc Prigent (Grasset).<\/li>\n<li><strong>\u00ab\u00a0Ce que je veux sauver\u00a0\u00bb<\/strong>, de Peggy Sastre\u00a0(Anne Carri\u00e8re).<\/li>\n<li><strong>\u00ab\u00a0Triades\u00a0: la mafia chinoise \u00e0 la conqu\u00eate du monde\u00a0\u00bb<\/strong>, d\u2019Antoine Vitkine (Tallandier).<\/li>\n<\/ul>\n<p>            <img decoding=\"async\" class=\"w-100\" src=\"data:image\/svg+xml,%3Csvg%20xmlns%3D%27http%3A%2F%2Fwww.w3.org%2F2000%2Fsvg%27%20fill%3D%22%23e4e4e4%22%20viewBox%3D%270%200%201000%20594%27%20width%3D%221000%22%20height%3D%22594%22%3E%3Cpath%20d%3D%27M0%200h1000v594H0z%27%2F%3E%3C%2Fsvg%3E\"  alt=\"\" width=\"1000\" height=\"594\" loading=\"lazy\"\/><\/p>\n<p class=\"latino-500b text-grey-600 pb-16\">A lire aussi<\/p>\n<p><a href=\"https:\/\/www.nouvelobs.com\/bibliobs\/20220614.OBS59663\/jerome-chantreau-premier-laureat-du-prix-jean-daniel.html\" data-article-key=\"20220614.OBS59663\" class=\"link--box flex-grow-1\" data-piano=\"Page_Article,Lire_aussi,,Lien1,navigation\" rel=\"nofollow noopener\" target=\"_blank\"><\/p>\n<p>                <img decoding=\"async\" src=\"data:image\/svg+xml,%3Csvg%20xmlns%3D%27http%3A%2F%2Fwww.w3.org%2F2000%2Fsvg%27%20fill%3D%22%23e4e4e4%22%20viewBox%3D%270%200%20120%2080%27%20width%3D%22120%22%20height%3D%2280%22%3E%3Cpath%20d%3D%27M0%200h120v80H0z%27%2F%3E%3C%2Fsvg%3E\"  width=\"120\" height=\"79\" loading=\"lazy\" alt=\"J\u00e9r\u00f4me Chantreau, en avril 2021.\"\/><\/p>\n<p class=\"latino-300r latino-lg-600m text-grey-800\">\n                      <strong class=\"latino-300b latino-lg-600m text-grey-500\">Critique\u00a0<\/strong><br \/>\n                    J\u00e9r\u00f4me Chantreau, premier laur\u00e9at du \u00ab\u00a0prix Jean Daniel\u00a0\u00bb        <\/p>\n<p><\/a><\/p>\n<p>    Lire\u00a0plus\u00a0tard  <\/p>\n<p class=\"node__paragraphe antonia-750r text-grey-800 pb-24 pb-md-30\">\nLe prix Jean Daniel soutenu par SFA, La Poste et le restaurant Marcello sera remis le 16\u00a0juin. En 2024, il avait \u00e9t\u00e9 attribu\u00e9 \u00e0 Joann Sfar pour \u00ab\u00a0Nous vivrons\u00a0: enqu\u00eate sur l\u2019avenir des Juifs\u00a0\u00bb (Les Ar\u00e8nes BD)\u00a0; en 2023, \u00e0 Rapha\u00ebl Glucksmann pour \u00ab\u00a0la Grande Confrontation\u00a0\u00bb (Allary Editions) et, en 2022, \u00e0 J\u00e9r\u00f4me Chantreau pour <a href=\"https:\/\/www.nouvelobs.com\/romans\/20210829.OBS48007\/j-ai-suivi-un-mort-la-folle-enquete-de-jerome-chantreau-sur-son-ancien-eleve.html\" rel=\"nofollow noopener\" target=\"_blank\">\u00ab\u00a0B\u00e9lhazar\u00a0\u00bb<\/a> (Ph\u00e9bus).<\/p>\n<p class=\"latino-500b text-grey-600 pb-16\">A lire aussi<\/p>\n<p><a href=\"https:\/\/www.nouvelobs.com\/bibliobs\/20230628.OBS75061\/raphael-glucksmann-recoit-le-prix-jean-daniel-2023.html\" data-article-key=\"20230628.OBS75061\" class=\"link--box flex-grow-1\" data-piano=\"Page_Article,Lire_aussi,,Lien2,navigation\" rel=\"nofollow noopener\" target=\"_blank\"><\/p>\n<p>                <img decoding=\"async\" src=\"data:image\/svg+xml,%3Csvg%20xmlns%3D%27http%3A%2F%2Fwww.w3.org%2F2000%2Fsvg%27%20fill%3D%22%23e4e4e4%22%20viewBox%3D%270%200%20120%2080%27%20width%3D%22120%22%20height%3D%2280%22%3E%3Cpath%20d%3D%27M0%200h120v80H0z%27%2F%3E%3C%2Fsvg%3E\"  width=\"120\" height=\"80\" loading=\"lazy\" alt=\"Rapha\u00ebl Glucksmann lors de la remise du prix Jean-Daniel 2023, \u00e0 Paris, le 26 juin 2023.\"\/><\/p>\n<p class=\"latino-300r latino-lg-600m text-grey-800\">\n                    Rapha\u00ebl Glucksmann re\u00e7oit le prix Jean-Daniel\u00a02023        <\/p>\n<p><\/a><\/p>\n<p>    Lire\u00a0plus\u00a0tard  <\/p>\n<p class=\"node__paragraphe antonia-750r text-grey-800 pb-24 pb-md-30\">\nLe jury, pr\u00e9sid\u00e9e par Sara Daniel (grand reporter au\u00a0\u00ab\u00a0Nouvel Obs\u00a0\u00bb) est compos\u00e9 de Jean Birnbaum (directeur du\u00a0\u00ab\u00a0Monde des livres\u00a0\u00bb), Bernard-Henri L\u00e9vy (philosophe, \u00e9crivain et cin\u00e9aste), Sylvain Courage (directeur adjoint de la r\u00e9daction du\u00a0\u00ab\u00a0Nouvel Obs\u00a0\u00bb),\u00a0Amin Maalouf (secr\u00e9taire perp\u00e9tuel de l\u2019Acad\u00e9mie fran\u00e7aise), Kamel Daoud (journaliste et \u00e9crivain, Prix Goncourt 2024)\u200b, Laure Mandeville (grand reporter au\u00a0\u00ab\u00a0Figaro\u00a0\u00bb), Sophie des D\u00e9serts (grand reporter \u00e0\u00a0\u00ab\u00a0Lib\u00e9ration\u00a0\u00bb), Martine de Rabaudy (journaliste et essayiste), Marie-France Etchegoin (journaliste et \u00e9crivaine), Marie-Lorna Vaconsin (\u00e9crivaine).<\/p>\n","protected":false},"excerpt":{"rendered":"Lire\u00a0plus\u00a0tard Google Actualit\u00e9s Partager Facebook Bluesky E-mail Copier le lien Envoyer Temps de lecture\u00a0:\u00a01\u00a0min. Le quatri\u00e8me prix Jean&hellip;\n","protected":false},"author":2,"featured_media":131790,"comment_status":"","ping_status":"","sticky":false,"template":"","format":"standard","meta":{"footnotes":""},"categories":[1357],"tags":[17,6473,1379,827,251,13432,58,59,1011,27,13392,1380,2141],"class_list":{"0":"post-131789","1":"post","2":"type-post","3":"status-publish","4":"format-standard","5":"has-post-thumbnail","7":"category-livres","8":"tag-17","9":"tag-bibliobs","10":"tag-books","11":"tag-competition","12":"tag-culture","13":"tag-daniel","14":"tag-divertissement","15":"tag-entertainment","16":"tag-fr","17":"tag-france","18":"tag-jean","19":"tag-livres","20":"tag-prix"},"share_on_mastodon":{"url":"https:\/\/pubeurope.com\/@fr\/114579859377709928","error":""},"_links":{"self":[{"href":"https:\/\/www.europesays.com\/fr\/wp-json\/wp\/v2\/posts\/131789","targetHints":{"allow":["GET"]}}],"collection":[{"href":"https:\/\/www.europesays.com\/fr\/wp-json\/wp\/v2\/posts"}],"about":[{"href":"https:\/\/www.europesays.com\/fr\/wp-json\/wp\/v2\/types\/post"}],"author":[{"embeddable":true,"href":"https:\/\/www.europesays.com\/fr\/wp-json\/wp\/v2\/users\/2"}],"replies":[{"embeddable":true,"href":"https:\/\/www.europesays.com\/fr\/wp-json\/wp\/v2\/comments?post=131789"}],"version-history":[{"count":0,"href":"https:\/\/www.europesays.com\/fr\/wp-json\/wp\/v2\/posts\/131789\/revisions"}],"wp:featuredmedia":[{"embeddable":true,"href":"https:\/\/www.europesays.com\/fr\/wp-json\/wp\/v2\/media\/131790"}],"wp:attachment":[{"href":"https:\/\/www.europesays.com\/fr\/wp-json\/wp\/v2\/media?parent=131789"}],"wp:term":[{"taxonomy":"category","embeddable":true,"href":"https:\/\/www.europesays.com\/fr\/wp-json\/wp\/v2\/categories?post=131789"},{"taxonomy":"post_tag","embeddable":true,"href":"https:\/\/www.europesays.com\/fr\/wp-json\/wp\/v2\/tags?post=131789"}],"curies":[{"name":"wp","href":"https:\/\/api.w.org\/{rel}","templated":true}]}}