{"id":131809,"date":"2025-05-27T12:58:09","date_gmt":"2025-05-27T12:58:09","guid":{"rendered":"https:\/\/www.europesays.com\/fr\/131809\/"},"modified":"2025-05-27T12:58:09","modified_gmt":"2025-05-27T12:58:09","slug":"affaire-betharram-bayrou-se-dit-victime-de-cyberattaques-lempechant-de-publier-ses-preuves-liberation","status":"publish","type":"post","link":"https:\/\/www.europesays.com\/fr\/131809\/","title":{"rendered":"Affaire B\u00e9tharram : Bayrou se dit victime de \u00abcyberattaques\u00bb l\u2019emp\u00eachant de publier ses \u00abpreuves\u00bb &#8211; Lib\u00e9ration"},"content":{"rendered":"<ol>\n<li><a href=\"https:\/\/news.google.com\/rss\/articles\/CBMi9gFBVV95cUxNa2tEZXRyMHM0WVJXaXpQZXdRUkFTX2ZuUjJqTTFDdDE4ZUJ4ZjdrZUJza1U5N3I2VFlKTndOdjRJMlR1WGhiMS13akZTTFFzbnhMSWo5LUJPTnVQaEVoRjBqajMtaXRZOGpadG1yTVZVZldrVU4xYldBZnF0UUMwaVk2TFctMWUxbmJzaUtNZllCUXo4bUVIZnFxQlZsQmpuRDJyV2xDcmZxUmYtY3p2WUMwYTY0LWVjYjZ2X2JsN25MckZkOElrN2Z4S3dEOEJwdjRvWk1rOHlrRlFCUUpLaXFkZUVwVFJEMkFQMFREQldTdzMxOUE?oc=5\" target=\"_blank\" rel=\"noopener\">Affaire B\u00e9tharram : Bayrou se dit victime de \u00abcyberattaques\u00bb l\u2019emp\u00eachant de publier ses \u00abpreuves\u00bb<\/a>&nbsp;&nbsp;Lib\u00e9ration<\/li>\n<li><a href=\"https:\/\/news.google.com\/rss\/articles\/CBMi5AFBVV95cUxPYndLVjA4UXkzY00tcmxzMkJ4M0s5ZkRkZEJFMTJtTTgwalQ4LUlLRDFySkVxSHllV09jN1lTdWlrMUx4dUxEb09NRERtTUo5NU9Cb0xxNGhicnVLVVhJeDlETVUwc1RDa3hjSFhrdXQzZTREcGFZWUsyTDBBcDh2OVUxYkEyaFZELW5HM1cyTy1hT0F4RDZHWEZmVkF6Tk51VUlwTUVQMEVQVC1aQV9KeC1JeWhTbURrcWVHeXNPbDlkS1NnNTRTVFpaX2U1XzlMcFJMRGZQSXJ3UVhyWmpuRzV0clQ?oc=5\" target=\"_blank\" rel=\"noopener\">Fran\u00e7ois Bayrou croit savoir pourquoi son site de \u00ab preuves \u00bb sur B\u00e9tharram \u00e9tait inaccessible<\/a>&nbsp;&nbsp;Le HuffPost<\/li>\n<li><a href=\"https:\/\/news.google.com\/rss\/articles\/CBMi5wFBVV95cUxQQUhTU25ERjNYSDQ1R0ljdE9UWGxSbFpjM05FYjVvZWs1WExDckFyV2FBVUl6TDI3T29MdWg5UnNuSVFYU2dzeWlpVV9SY2ttcm5nOEE3Z055bDQxSkRUMWNGNnI3eElTald5ZnhuNlE3eTd0RFMxeFFVbl9icGJMbnlPa1lGc2FzQnZPSmltOXk4WGNFV1lpYXdEUDhoMmc2Y2JBbmhuZHZEalAxZ3JGNERWX1VRbU9ocnlnTktXekZYcE5ZQlY4OHJacWlULXhHZFJ3SkxBQXRvMEttV3FDM1JtZ2stdWM?oc=5\" target=\"_blank\" rel=\"noopener\">Affaire B\u00e9tharram : Bayrou d\u00e9nonce \u00ab une cyberattaque massive \u00bb contre son site de d\u00e9fense<\/a>&nbsp;&nbsp;Sud Ouest<\/li>\n<li><a href=\"https:\/\/news.google.com\/rss\/articles\/CBMiqwJBVV95cUxPSDlfVDVZV09VVmJPOEZvWHhybmJNTHg0YlRLT1hjNjAxLTNiQ2czV085SkVQVXFOUlZaODNNa29iN3QzYTUwbXJuc3QwZTZweXdDam9yUFEwcXdZRnp2b2s2alZJNkRXLVp0MVRNZW1zMkU1Q3JNV01NOFFrYUE1THdvbUNtZzhzTXRWb1RvQWFZZC1NTFdBTExMeWYzdDdxc3VyYmkzdjlnTmx4WHNuQmstOG5ScW84clJ0OW40bkIzeDV6Tm9xZktTNVQ2cWVQNjNWUk0xSkpTY2tfWTVQOW9fY0tkTUdRa05VeGY3S3RwTEtFSkZtQXVpcXJPeE9JRXM1Y2dYZTU3U2ktZExhX2J4anJVUnlsbEh3TG5oeTI0UFZTRVNGOWl4UQ?oc=5\" target=\"_blank\" rel=\"noopener\">Affaire B\u00e9tharram: \u00ab\u00a0Je partage compl\u00e8tement ce constat d&rsquo;instrumentalisation de LFI\u00a0\u00bb, indique Violette Spillebout (Ensemble pour la R\u00e9publique)<\/a>&nbsp;&nbsp;BFMTV<\/li>\n<li><a href=\"https:\/\/news.google.com\/rss\/articles\/CBMiiAJBVV95cUxQWjNUcUNhb2ZwMVFmRERuOC1hY21uZXV3TDFpTW5icDZVMWhTQkxRSm1yWjVxWmRGdmRtMml0b290b0gwZ01Xa1JUYTU4ZExCYUxYRGZyUnJXcjFFMFEwOUg5dmMydGxsTjE2cGMwREJEcVI3UEtyQmR5TjJkbWlmSkFudDlCdS1OYk4tYUpQdDJPOHE4YzRHUVVjVHJaTXZWY3dlODRiTEZjb2hETzh2RkU3RUdfSUtYV3RtZmwtWHZjN3M4SjdtMFREd3NUZm0yVF8yekRqMHZZMzlyOVNubm5Vc3NONGFiTUs2aVVrOGUyMkUzWHlSazQyMWhnNTNLRXpYRmRZNE4?oc=5\" target=\"_blank\" rel=\"noopener\">Affaire B\u00e9tharram : apr\u00e8s les plaintes d\u00e9pos\u00e9es contre Fran\u00e7ois Bayrou, le parquet de Pau se dessaisit au profit de celui de Tarbes<\/a>&nbsp;&nbsp;ladepeche.fr<\/li>\n<\/ol>\n","protected":false},"excerpt":{"rendered":"Affaire B\u00e9tharram : Bayrou se dit victime de \u00abcyberattaques\u00bb l\u2019emp\u00eachant de publier ses \u00abpreuves\u00bb&nbsp;&nbsp;Lib\u00e9ration Fran\u00e7ois Bayrou croit savoir&hellip;\n","protected":false},"author":2,"featured_media":131810,"comment_status":"","ping_status":"","sticky":false,"template":"","format":"standard","meta":{"footnotes":""},"categories":[2],"tags":[11,11870,1075,1011,27,431,12],"class_list":{"0":"post-131809","1":"post","2":"type-post","3":"status-publish","4":"format-standard","5":"has-post-thumbnail","7":"category-actualites","8":"tag-actualites","9":"tag-betharram","10":"tag-cybersecurite","11":"tag-fr","12":"tag-france","13":"tag-francois-bayrou","14":"tag-news"},"share_on_mastodon":{"url":"https:\/\/pubeurope.com\/@fr\/114579918355876113","error":""},"_links":{"self":[{"href":"https:\/\/www.europesays.com\/fr\/wp-json\/wp\/v2\/posts\/131809","targetHints":{"allow":["GET"]}}],"collection":[{"href":"https:\/\/www.europesays.com\/fr\/wp-json\/wp\/v2\/posts"}],"about":[{"href":"https:\/\/www.europesays.com\/fr\/wp-json\/wp\/v2\/types\/post"}],"author":[{"embeddable":true,"href":"https:\/\/www.europesays.com\/fr\/wp-json\/wp\/v2\/users\/2"}],"replies":[{"embeddable":true,"href":"https:\/\/www.europesays.com\/fr\/wp-json\/wp\/v2\/comments?post=131809"}],"version-history":[{"count":0,"href":"https:\/\/www.europesays.com\/fr\/wp-json\/wp\/v2\/posts\/131809\/revisions"}],"wp:featuredmedia":[{"embeddable":true,"href":"https:\/\/www.europesays.com\/fr\/wp-json\/wp\/v2\/media\/131810"}],"wp:attachment":[{"href":"https:\/\/www.europesays.com\/fr\/wp-json\/wp\/v2\/media?parent=131809"}],"wp:term":[{"taxonomy":"category","embeddable":true,"href":"https:\/\/www.europesays.com\/fr\/wp-json\/wp\/v2\/categories?post=131809"},{"taxonomy":"post_tag","embeddable":true,"href":"https:\/\/www.europesays.com\/fr\/wp-json\/wp\/v2\/tags?post=131809"}],"curies":[{"name":"wp","href":"https:\/\/api.w.org\/{rel}","templated":true}]}}