{"id":131813,"date":"2025-05-27T13:00:08","date_gmt":"2025-05-27T13:00:08","guid":{"rendered":"https:\/\/www.europesays.com\/fr\/131813\/"},"modified":"2025-05-27T13:00:08","modified_gmt":"2025-05-27T13:00:08","slug":"saint-etienne-lhopital-va-construire-un-nouveau-batiment-voici-a-quoi-il-va-servir","status":"publish","type":"post","link":"https:\/\/www.europesays.com\/fr\/131813\/","title":{"rendered":"Saint-\u00c9tienne. L&rsquo;h\u00f4pital va construire un nouveau b\u00e2timent, voici \u00e0 quoi il va servir"},"content":{"rendered":"<p>            Par<br \/>\n        <strong><br \/>\n            <a href=\"https:\/\/actu.fr\/auteur\/julien-sournies\" title=\"Consulter tous les articles de Julien Sournies\" rel=\"nofollow noopener\" target=\"_blank\">Julien Sournies<\/a><br \/>\n        <\/strong><\/p>\n<p>        Publi\u00e9 le<\/p>\n<p>            27 mai 2025 \u00e0 14h45        <\/p>\n<p>Un grand b\u00e2timent va bient\u00f4t sortir de terre sur le site du CHU Nord de <a href=\"https:\/\/actu.fr\/saint-etienne\/\" rel=\"nofollow noopener\" target=\"_blank\">Saint-\u00c9tienne<\/a> (<a href=\"https:\/\/actu.fr\/auvergne-rhone-alpes\/loire_42\" rel=\"nofollow noopener\" target=\"_blank\">Loire<\/a>). \u00ab\u2009Afin de r\u00e9pondre aux besoins d\u00e9mographiques et soutenir le d\u00e9veloppement du p\u00f4le Femme-M\u00e8re-Couple-Enfant, le futur b\u00e2timent regroupera toutes les activit\u00e9s du p\u00f4le dans une entit\u00e9 unique \u00e0 l\u2019H\u00f4pital Nord\u2009\u00bb, indique l\u2019h\u00f4pital dans un communiqu\u00e9.<\/p>\n<p class=\" wall-content\">Cette toute nouvelle structure, dont l\u2019ouverture est pr\u00e9vue pour la fin de l\u2019ann\u00e9e 2027, voire d\u00e9but 2028, permettra ainsi de r\u00e9pondre \u00ab\u2009aux objectifs de modernisation et d\u2019am\u00e9lioration des parcours de soins, des conditions de travail des professionnels et de l\u2019ensemble des flux\u2009\u00bb.<\/p>\n<p>Le b\u00e2timent verra le jour \u00e0 la place de l\u2019actuel parking P1<\/p>\n<p class=\" wall-content\">Dans le d\u00e9tail, le permis de construire a \u00e9t\u00e9 d\u00e9pos\u00e9 en ce d\u00e9but d\u2019ann\u00e9e et les travaux d\u00e9marreront<strong> fin 2025<\/strong> apr\u00e8s la construction d\u2019un parking \u00e0 \u00e9tages sur l\u2019actuel parking P2. Le b\u00e2timent sera, quant \u00e0 lui, construit \u00e0 la place du parking P1, situ\u00e9 juste derri\u00e8re l\u2019arr\u00eat de tramway, et sera reli\u00e9 au b\u00e2timent E par des galeries sur six niveaux\u2009:<\/p>\n<ul class=\" wall-content\">\n<li>Les consultations gyn\u00e9cologiques et obst\u00e9triques ainsi que l\u2019Unit\u00e9 d\u2019accueil p\u00e9diatrique enfants en danger (UAPED) et la prise en charge de la mort inattendue du nourrisson (niveau rez-de-jardin)<\/li>\n<li>Les urgences et l\u2019Unit\u00e9 d\u2019hospitalisation de courte dur\u00e9e (UHCD) p\u00e9diatriques (niveau 0)<\/li>\n<li>Les soins intensifs, la r\u00e9animation n\u00e9onatale et la n\u00e9onatalogie (niveau 1)<\/li>\n<li>Les deux services de maternit\u00e9 (niveau 2)<\/li>\n<li>La pathologie de la grossesse et la chirurgie gyn\u00e9cologique ainsi que la p\u00e9diatrie C (niveau 3)<\/li>\n<li>Les urgences gyn\u00e9cologiques et obst\u00e9triques, les salles de naissances et salles op\u00e9ratoires d\u00e9di\u00e9es (niveau 4).<\/li>\n<\/ul>\n<p>Les b\u00e2timents E et F bient\u00f4t r\u00e9habilit\u00e9s<\/p>\n<p class=\" wall-content\">\u00ab\u2009La nouvelle morphologie de ce p\u00f4le permettra \u00e9galement de hi\u00e9rarchiser les acc\u00e8s, de rendre les accueils plus lisibles et de fluidifier les parcours, optimisant ainsi les d\u00e9placements des patients d\u00e8s leur arriv\u00e9e. Tout est mis en \u0153uvre pour am\u00e9liorer la qualit\u00e9 d\u2019usage, r\u00e9duire les impacts environnementaux et optimiser les co\u00fbts d\u2019exploitation\u2009\u00bb, promet en tout cas le CHU.<\/p>\n<p>Vid\u00e9os : en ce moment sur Actu<\/p>\n<p class=\" wall-content\">\u00c0 noter par ailleurs que ce projet se d\u00e9coupe en <strong>deux parties<\/strong>. \u00c0 l\u2019issue de la construction de ce nouveau p\u00f4le, les b\u00e2timents E et F d\u00e9j\u00e0 existants du CHU feront en effet l\u2019objet d\u2019une r\u00e9habilitation.<\/p>\n<p class=\" wall-content\">Suivez toute l\u2019actualit\u00e9 de vos villes et m\u00e9dias favoris en vous inscrivant \u00e0 <a href=\"https:\/\/moncompte.actu.fr\" title=\"D\u00e9couvez Mon Actu\" rel=\"nofollow noopener\" data-trk=\"{&quot;cta&quot;:{&quot;action&quot;:&quot;https:\\\/\\\/moncompte.actu.fr&quot;,&quot;category&quot;:&quot;mon compte&quot;,&quot;from&quot;:&quot;article footer&quot;,&quot;name&quot;:&quot;Mon actu&quot;,&quot;type&quot;:&quot;cta&quot;}}\" target=\"_blank\">Mon Actu<\/a>.<\/p>\n","protected":false},"excerpt":{"rendered":"Par Julien Sournies Publi\u00e9 le 27 mai 2025 \u00e0 14h45 Un grand b\u00e2timent va bient\u00f4t sortir de terre&hellip;\n","protected":false},"author":2,"featured_media":131814,"comment_status":"","ping_status":"","sticky":false,"template":"","format":"standard","meta":{"footnotes":""},"categories":[9653],"tags":[1111,11,2430,1777,674,1011,27,100,12,25,4001,71,104],"class_list":{"0":"post-131813","1":"post","2":"type-post","3":"status-publish","4":"format-standard","5":"has-post-thumbnail","7":"category-saint-etienne","8":"tag-actu","9":"tag-actualites","10":"tag-auvergne-rhone-alpes","11":"tag-eu","12":"tag-europe","13":"tag-fr","14":"tag-france","15":"tag-hopital","16":"tag-news","17":"tag-republique-francaise","18":"tag-saint-etienne","19":"tag-sante","20":"tag-societe"},"share_on_mastodon":{"url":"https:\/\/pubeurope.com\/@fr\/114579926378347479","error":""},"_links":{"self":[{"href":"https:\/\/www.europesays.com\/fr\/wp-json\/wp\/v2\/posts\/131813","targetHints":{"allow":["GET"]}}],"collection":[{"href":"https:\/\/www.europesays.com\/fr\/wp-json\/wp\/v2\/posts"}],"about":[{"href":"https:\/\/www.europesays.com\/fr\/wp-json\/wp\/v2\/types\/post"}],"author":[{"embeddable":true,"href":"https:\/\/www.europesays.com\/fr\/wp-json\/wp\/v2\/users\/2"}],"replies":[{"embeddable":true,"href":"https:\/\/www.europesays.com\/fr\/wp-json\/wp\/v2\/comments?post=131813"}],"version-history":[{"count":0,"href":"https:\/\/www.europesays.com\/fr\/wp-json\/wp\/v2\/posts\/131813\/revisions"}],"wp:featuredmedia":[{"embeddable":true,"href":"https:\/\/www.europesays.com\/fr\/wp-json\/wp\/v2\/media\/131814"}],"wp:attachment":[{"href":"https:\/\/www.europesays.com\/fr\/wp-json\/wp\/v2\/media?parent=131813"}],"wp:term":[{"taxonomy":"category","embeddable":true,"href":"https:\/\/www.europesays.com\/fr\/wp-json\/wp\/v2\/categories?post=131813"},{"taxonomy":"post_tag","embeddable":true,"href":"https:\/\/www.europesays.com\/fr\/wp-json\/wp\/v2\/tags?post=131813"}],"curies":[{"name":"wp","href":"https:\/\/api.w.org\/{rel}","templated":true}]}}