{"id":131819,"date":"2025-05-27T13:03:11","date_gmt":"2025-05-27T13:03:11","guid":{"rendered":"https:\/\/www.europesays.com\/fr\/131819\/"},"modified":"2025-05-27T13:03:11","modified_gmt":"2025-05-27T13:03:11","slug":"a-paris-sept-collegiens-de-saint-mandrier-remportent-un-prestigieux-concours-avec-leur-materiau-innovant-et-durable","status":"publish","type":"post","link":"https:\/\/www.europesays.com\/fr\/131819\/","title":{"rendered":"\u00c0 Paris, sept coll\u00e9giens de Saint-Mandrier remportent un prestigieux concours avec leur mat\u00e9riau innovant et durable"},"content":{"rendered":"<p>Dans le cadre du <strong>concours national CG\u00e9gnial<\/strong>, et apr\u00e8s avoir remport\u00e9 les s\u00e9lections acad\u00e9miques en avril dernier, <strong>des coll\u00e9giens mandr\u00e9ens ont repr\u00e9sent\u00e9 brillamment notre r\u00e9gion lors des finales \u00e0 Paris.<\/strong><\/p>\n<p>Instaur\u00e9 afin d\u2019encourager les \u00e9l\u00e8ves de coll\u00e8ges et de lyc\u00e9es \u00e0 exposer des solutions innovantes dans de nombreuses disciplines math\u00e9matiques et scientifiques, le concours CG\u00e9gnial tenait la finale de sa 18e \u00e9dition \u00e0 la cit\u00e9 des sciences et de l\u2019industrie.<\/p>\n<p>\u00ab\u00a0Dans notre \u00e9tablissement, le projet est port\u00e9 depuis de nombreuses ann\u00e9es par le professeur de physique chimie Philippe Mancini, avec notre soutien et celui de la municipalit\u00e9. Cette ann\u00e9e, sur volontariat, sept \u00e9l\u00e8ves de la classe de 4e ont particip\u00e9 aux ateliers du temps m\u00e9ridien. Leur projet s\u2019intitule \u00ab\u00a0De la vache \u00e0 la cuill\u00e8re\u00a0\u00bb. Un projet ambitieux de cr\u00e9ation d\u2019un mat\u00e9riau biosourc\u00e9, alternatif au plastique, \u00e0 partir d\u2019ingr\u00e9dients naturels comme le lait. Ils ont travaill\u00e9 \u00e0 concevoir des objets du quotidien, tels que des couverts jetables dans une d\u00e9marche \u00e9coresponsable\u00a0\u00bb.<\/p>\n<p>Un travail de recherche qui leur rapporte plusieurs distinctions <\/p>\n<p>\u00ab\u00a0Les \u00e9l\u00e8ves ont tout d\u2019abord particip\u00e9 \u00e0 la finale acad\u00e9mique CG\u00e9nial en avril dernier, qui avait lieu \u00e0 Nice, et remport\u00e9 le 1er prix, une visite au centre arch\u00e9ologique du Var de Toulon. En parall\u00e8le, une semaine apr\u00e8s, ils pr\u00e9sentaient leur projet au concours Faites de la science, organis\u00e9 \u00e0 l\u2019universit\u00e9 de La Garde et ont obtenu le 2e prix. Soit un bon d\u2019achat de 400 euros de ch\u00e8ques-cadeaux \u00e0 se partager. Pour terminer, \u00e0 la finale nationale, ils ont remport\u00e9 le Prix Arkema, une entreprise internationale de chimie, qui leur ouvre ses portes pour une visite exceptionnelle\u00a0\u00bb.<\/p>\n<p>\u00a0<\/p>\n<p>Vendredi dernier, de retour en terres mandr\u00e9ennes, Jeanne Delahegue, Ludivine De Maistre, L\u00e9andre Hopfner, Lyne Mathieu, Vanina Rossi, Enzo Tabahriti et Louis Za\u00efa, pouvaient \u00eatre fiers du chemin parcouru.<\/p>\n<p>F\u00e9licitations \u00e0 eux, pour avoir relev\u00e9 ce d\u00e9fi avec brio.<\/p>\n","protected":false},"excerpt":{"rendered":"Dans le cadre du concours national CG\u00e9gnial, et apr\u00e8s avoir remport\u00e9 les s\u00e9lections acad\u00e9miques en avril dernier, des&hellip;\n","protected":false},"author":2,"featured_media":131820,"comment_status":"","ping_status":"","sticky":false,"template":"","format":"standard","meta":{"footnotes":""},"categories":[9619],"tags":[1111,11,1777,674,1011,27,12,882,25,717,2310],"class_list":{"0":"post-131819","1":"post","2":"type-post","3":"status-publish","4":"format-standard","5":"has-post-thumbnail","7":"category-toulon","8":"tag-actu","9":"tag-actualites","10":"tag-eu","11":"tag-europe","12":"tag-fr","13":"tag-france","14":"tag-news","15":"tag-provence-alpes-cote-dazur","16":"tag-republique-francaise","17":"tag-technologie","18":"tag-toulon"},"share_on_mastodon":{"url":"https:\/\/pubeurope.com\/@fr\/114579937894573221","error":""},"_links":{"self":[{"href":"https:\/\/www.europesays.com\/fr\/wp-json\/wp\/v2\/posts\/131819","targetHints":{"allow":["GET"]}}],"collection":[{"href":"https:\/\/www.europesays.com\/fr\/wp-json\/wp\/v2\/posts"}],"about":[{"href":"https:\/\/www.europesays.com\/fr\/wp-json\/wp\/v2\/types\/post"}],"author":[{"embeddable":true,"href":"https:\/\/www.europesays.com\/fr\/wp-json\/wp\/v2\/users\/2"}],"replies":[{"embeddable":true,"href":"https:\/\/www.europesays.com\/fr\/wp-json\/wp\/v2\/comments?post=131819"}],"version-history":[{"count":0,"href":"https:\/\/www.europesays.com\/fr\/wp-json\/wp\/v2\/posts\/131819\/revisions"}],"wp:featuredmedia":[{"embeddable":true,"href":"https:\/\/www.europesays.com\/fr\/wp-json\/wp\/v2\/media\/131820"}],"wp:attachment":[{"href":"https:\/\/www.europesays.com\/fr\/wp-json\/wp\/v2\/media?parent=131819"}],"wp:term":[{"taxonomy":"category","embeddable":true,"href":"https:\/\/www.europesays.com\/fr\/wp-json\/wp\/v2\/categories?post=131819"},{"taxonomy":"post_tag","embeddable":true,"href":"https:\/\/www.europesays.com\/fr\/wp-json\/wp\/v2\/tags?post=131819"}],"curies":[{"name":"wp","href":"https:\/\/api.w.org\/{rel}","templated":true}]}}