{"id":131821,"date":"2025-05-27T13:04:11","date_gmt":"2025-05-27T13:04:11","guid":{"rendered":"https:\/\/www.europesays.com\/fr\/131821\/"},"modified":"2025-05-27T13:04:11","modified_gmt":"2025-05-27T13:04:11","slug":"a-toulon-numerisud-offre-des-ordinateurs-a-50-eleves-du-college-peiresc","status":"publish","type":"post","link":"https:\/\/www.europesays.com\/fr\/131821\/","title":{"rendered":"\u00c0 Toulon, Num\u00e9riSud offre des ordinateurs \u00e0 50 \u00e9l\u00e8ves du coll\u00e8ge Peiresc"},"content":{"rendered":"<p>                    <img loading=\"lazy\" decoding=\"async\" src=\"https:\/\/www.europesays.com\/fr\/wp-content\/uploads\/2025\/05\/241f141bb7ff82396b7682eb3d92b2.jpg\" class=\"img-responsive post-image\" width=\"680\" height=\"510\" alt=\"\u00c0 Toulon, Num\u00e9riSud (\u2026)\" title=\"\u00c0 Toulon, Num\u00e9riSud offre des ordinateurs \u00e0 50 \u00e9l\u00e8ves du coll\u00e8ge Peiresc\"\/><\/p>\n<p class=\"chapo\">Le 11 mars, le coll\u00e8ge Peiresc de Toulon a re\u00e7u une donation de 50 ordinateurs, marquant une \u00e9tape significative dans la lutte contre la fracture num\u00e9rique.<\/p>\n<p>Cette initiative s\u2019inscrit dans un effort plus large puisque plus de 3 000 ordinateurs ont \u00e9t\u00e9 offerts en moins de trois ans aux \u00e9l\u00e8ves en situation de pr\u00e9carit\u00e9 num\u00e9rique au sein de l\u2019acad\u00e9mie de Nice.<\/p>\n<p>Cette ann\u00e9e, <strong>Fran\u00e7ois Bonny, <\/strong> pr\u00e9sident de Num\u00e9riSud, a propos\u00e9 \u00e0 <strong>Mme\u00a0Massoni,<\/strong> principale du coll\u00e8ge Peiresc, d\u2019\u00e9quiper les \u00e9l\u00e8ves de son \u00e9tablissement. Apr\u00e8s un sondage aupr\u00e8s des familles, 50 \u00e9l\u00e8ves ont \u00e9t\u00e9 s\u00e9lectionn\u00e9s pour b\u00e9n\u00e9ficier de ces ordinateurs qui sont \u00e9quip\u00e9s de 40 applications p\u00e9dagogiques, faisant d\u2019eux de v\u00e9ritables outils d\u2019apprentissage.<\/p>\n<p>Cette action a \u00e9t\u00e9 permise gr\u00e2ce \u00e0 l\u2019association Num\u00e9riSud qui c\u00e9l\u00e8bre ses trois ans d\u2019existence. Fond\u00e9e par Fran\u00e7ois Bonny, professeur de Physiques et r\u00e9f\u00e9rent num\u00e9rique au coll\u00e8ge Jean L\u2019Herminier \u00e0 La Seyne-sur-Mer, elle r\u00e9cup\u00e8re des ordinateurs dans les \u00e9tablissements scolaires, les remet en \u00e9tat avec l\u2019aide de professeurs et d\u2019\u00e9l\u00e8ves et les \u00e9quipes de logiciels p\u00e9dagogiques sous Linux, afin de favoriser la r\u00e9ussite scolaire des \u00e9l\u00e8ves. Le pr\u00e9sident a remerci\u00e9 toutes les personnes impliqu\u00e9es dans ce projet et notamment Jean-Pierre Colin, vice-pr\u00e9sident de la R\u00e9gion Sud, qui soutient l\u2019initiative depuis son lancement.<\/p>\n<p>\u00c9CONOMIE CIRCULAIRE<\/p>\n<p>\u00c0 cette occasion, il a soulign\u00e9 l\u2019importance de cette initiative en mati\u00e8re d\u2019\u00e9conomie circulaire\u00a0: \u00ab\u00a0Donner des exemples d\u2019\u00e9conomie circulaire n\u2019est pas toujours facile. L\u00e0, nous avons un v\u00e9ritable exemple. Non seulement, nous avons des ordinateurs viables mais nous les remettons au go\u00fbt du jour avec l\u2019aide d\u2019\u00e9l\u00e8ves et nous les offrons aux familles qui en ont besoin. Dans l\u2019Acad\u00e9mie du Var et des Alpes-Maritimes, 16\u00a0% des \u00e9l\u00e8ves des lyc\u00e9es n\u2019ont pas d\u2019ordinateurs \u00e0 la maison et 20\u00a0% dans les coll\u00e8ges. Cette action, qui r\u00e9pond \u00e0 une r\u00e9alit\u00e9 sociale, est rendue possible gr\u00e2ce \u00e0 la collaboration du Rectorat, des chefs d\u2019\u00e9tablissements scolaires, de la R\u00e9gion, du D\u00e9partement ainsi que de partenaires priv\u00e9s dont la MAIF. C\u2019est une belle illustration de solidarit\u00e9 et d\u2019engagement pour l\u2019\u00e9ducation de tous \u00a0\u00bb.<\/p>\n<p>La donation s\u2019est d\u00e9roul\u00e9e en pr\u00e9sence des \u00e9l\u00e8ves accompagn\u00e9s de leur famille.<\/p>\n<p>Photo de Une\u00a0: \u00a9Philippe OLIVIER<\/p>\n","protected":false},"excerpt":{"rendered":"Le 11 mars, le coll\u00e8ge Peiresc de Toulon a re\u00e7u une donation de 50 ordinateurs, marquant une \u00e9tape&hellip;\n","protected":false},"author":2,"featured_media":131822,"comment_status":"","ping_status":"","sticky":false,"template":"","format":"standard","meta":{"footnotes":""},"categories":[9619],"tags":[1111,11,2408,1777,674,1011,27,12,882,25,2310],"class_list":{"0":"post-131821","1":"post","2":"type-post","3":"status-publish","4":"format-standard","5":"has-post-thumbnail","7":"category-toulon","8":"tag-actu","9":"tag-actualites","10":"tag-appels-d","11":"tag-eu","12":"tag-europe","13":"tag-fr","14":"tag-france","15":"tag-news","16":"tag-provence-alpes-cote-dazur","17":"tag-republique-francaise","18":"tag-toulon"},"share_on_mastodon":{"url":"https:\/\/pubeurope.com\/@fr\/114579941804877084","error":""},"_links":{"self":[{"href":"https:\/\/www.europesays.com\/fr\/wp-json\/wp\/v2\/posts\/131821","targetHints":{"allow":["GET"]}}],"collection":[{"href":"https:\/\/www.europesays.com\/fr\/wp-json\/wp\/v2\/posts"}],"about":[{"href":"https:\/\/www.europesays.com\/fr\/wp-json\/wp\/v2\/types\/post"}],"author":[{"embeddable":true,"href":"https:\/\/www.europesays.com\/fr\/wp-json\/wp\/v2\/users\/2"}],"replies":[{"embeddable":true,"href":"https:\/\/www.europesays.com\/fr\/wp-json\/wp\/v2\/comments?post=131821"}],"version-history":[{"count":0,"href":"https:\/\/www.europesays.com\/fr\/wp-json\/wp\/v2\/posts\/131821\/revisions"}],"wp:featuredmedia":[{"embeddable":true,"href":"https:\/\/www.europesays.com\/fr\/wp-json\/wp\/v2\/media\/131822"}],"wp:attachment":[{"href":"https:\/\/www.europesays.com\/fr\/wp-json\/wp\/v2\/media?parent=131821"}],"wp:term":[{"taxonomy":"category","embeddable":true,"href":"https:\/\/www.europesays.com\/fr\/wp-json\/wp\/v2\/categories?post=131821"},{"taxonomy":"post_tag","embeddable":true,"href":"https:\/\/www.europesays.com\/fr\/wp-json\/wp\/v2\/tags?post=131821"}],"curies":[{"name":"wp","href":"https:\/\/api.w.org\/{rel}","templated":true}]}}