{"id":131825,"date":"2025-05-27T13:06:09","date_gmt":"2025-05-27T13:06:09","guid":{"rendered":"https:\/\/www.europesays.com\/fr\/131825\/"},"modified":"2025-05-27T13:06:09","modified_gmt":"2025-05-27T13:06:09","slug":"educapcity-le-rallye-educatif-qui-forme-les-citoyens-de-demain","status":"publish","type":"post","link":"https:\/\/www.europesays.com\/fr\/131825\/","title":{"rendered":"EducapCity, le rallye \u00e9ducatif qui forme les citoyens de demain"},"content":{"rendered":"<p>\n\t\t\t\t\t\u00ab Pour le droit \u00e0 la diff\u00e9rence contre l\u2019indiff\u00e9rence \u00bb, telle est la devise de l\u2019association CAP SAAA organisant ce rallye \u00e9ducatif destin\u00e9 aux jeunes coll\u00e9giens de Montpellier.  \t\t\t\t<\/p>\n<p>\n\t\t\t\t\t\t\t\t\t\u00a9 Camille Casanova \/ InfOccitanie \u2013 EducapCity au Peyrou, \u00e0 Montpellier.\t\t\t\t\t\t\t\t<\/p>\n<p>Ce <strong>mardi 27 mai<\/strong>, le parc du <strong>Peyrou<\/strong> \u00e0 <a href=\"https:\/\/infoccitanie.fr\/tag\/montpellier\/\" target=\"_blank\" rel=\"noopener\">Montpellier<\/a> accueille <strong><a href=\"https:\/\/educapcity.org\/\" target=\"_blank\" rel=\"nofollow noopener\">EducapCity<\/a><\/strong>, un <strong>\u00e9v\u00e9nement \u00e9ducatif et citoyen<\/strong> in\u00e9dit destin\u00e9 aux jeunes de 8 \u00e0 14 ans. Port\u00e9 par l\u2019association CAP SAAA, ce programme d\u2019\u00e9ducation populaire engage les coll\u00e9giens dans un <strong>parcours d\u2019orientation <\/strong>\u00e0 la d\u00e9couverte des institutions, entreprises et lieux embl\u00e9matiques d\u2019une ville.<\/p>\n<p>Un rallye \u00e9ducatif pour les jeunes Montpelli\u00e9rains<\/p>\n<p>Cet \u00e9v\u00e8nement transforme <a href=\"https:\/\/infoccitanie.fr\/tag\/montpellier\/\" target=\"_blank\" rel=\"noopener\">Montpellier<\/a> en <strong>terrain d\u2019apprentissage ludique<\/strong>. \u00c0 l\u2019aide d\u2019une carte, les enfants participent \u00e0 une grande chasse aux tr\u00e9sors o\u00f9 se m\u00ealent sport, culture, civisme et solidarit\u00e9. Parmi les ateliers phares, d\u00e9couverte de la langue des signes fran\u00e7aise, immersion dans le quotidien des pompiers ou de la gendarmerie ou encore la visite de lieux embl\u00e9matiques comme la facult\u00e9 de m\u00e9decine ou le jardin des plantes. En effet, le projet touche <strong>trois piliers essentiels de la soci\u00e9t\u00e9<\/strong>\u00a0: le secteur \u00e9ducatif, le secteur social et les institutions locales.<\/p>\n<p>Une ville engag\u00e9e pour l\u2019\u00e9ducation citoyenne<\/p>\n<p><a href=\"https:\/\/infoccitanie.fr\/tag\/montpellier\/\" target=\"_blank\" rel=\"noopener\">Montpellier<\/a>, ville \u00e9tudiante, culturelle et dynamique, s\u2019inscrit pleinement dans la<strong> logique d\u2019inclusion et de formation citoyenne<\/strong>. En accueillant EducapCity, elle r\u00e9affirme son engagement \u00e0 faire de la jeunesse un moteur du changement social.<\/p>\n","protected":false},"excerpt":{"rendered":"\u00ab Pour le droit \u00e0 la diff\u00e9rence contre l\u2019indiff\u00e9rence \u00bb, telle est la devise de l\u2019association CAP SAAA&hellip;\n","protected":false},"author":2,"featured_media":131826,"comment_status":"","ping_status":"","sticky":false,"template":"","format":"standard","meta":{"footnotes":""},"categories":[9599],"tags":[1111,11,1122,1777,674,1011,27,2208,12,2680,25],"class_list":{"0":"post-131825","1":"post","2":"type-post","3":"status-publish","4":"format-standard","5":"has-post-thumbnail","7":"category-montpellier","8":"tag-actu","9":"tag-actualites","10":"tag-ecole","11":"tag-eu","12":"tag-europe","13":"tag-fr","14":"tag-france","15":"tag-montpellier","16":"tag-news","17":"tag-occitanie","18":"tag-republique-francaise"},"share_on_mastodon":{"url":"https:\/\/pubeurope.com\/@fr\/114579949729125225","error":""},"_links":{"self":[{"href":"https:\/\/www.europesays.com\/fr\/wp-json\/wp\/v2\/posts\/131825","targetHints":{"allow":["GET"]}}],"collection":[{"href":"https:\/\/www.europesays.com\/fr\/wp-json\/wp\/v2\/posts"}],"about":[{"href":"https:\/\/www.europesays.com\/fr\/wp-json\/wp\/v2\/types\/post"}],"author":[{"embeddable":true,"href":"https:\/\/www.europesays.com\/fr\/wp-json\/wp\/v2\/users\/2"}],"replies":[{"embeddable":true,"href":"https:\/\/www.europesays.com\/fr\/wp-json\/wp\/v2\/comments?post=131825"}],"version-history":[{"count":0,"href":"https:\/\/www.europesays.com\/fr\/wp-json\/wp\/v2\/posts\/131825\/revisions"}],"wp:featuredmedia":[{"embeddable":true,"href":"https:\/\/www.europesays.com\/fr\/wp-json\/wp\/v2\/media\/131826"}],"wp:attachment":[{"href":"https:\/\/www.europesays.com\/fr\/wp-json\/wp\/v2\/media?parent=131825"}],"wp:term":[{"taxonomy":"category","embeddable":true,"href":"https:\/\/www.europesays.com\/fr\/wp-json\/wp\/v2\/categories?post=131825"},{"taxonomy":"post_tag","embeddable":true,"href":"https:\/\/www.europesays.com\/fr\/wp-json\/wp\/v2\/tags?post=131825"}],"curies":[{"name":"wp","href":"https:\/\/api.w.org\/{rel}","templated":true}]}}