{"id":131837,"date":"2025-05-27T13:15:15","date_gmt":"2025-05-27T13:15:15","guid":{"rendered":"https:\/\/www.europesays.com\/fr\/131837\/"},"modified":"2025-05-27T13:15:15","modified_gmt":"2025-05-27T13:15:15","slug":"me-jean-weyl-elu-batonnier","status":"publish","type":"post","link":"https:\/\/www.europesays.com\/fr\/131837\/","title":{"rendered":"Me Jean Weyl \u00e9lu b\u00e2tonnier"},"content":{"rendered":"<p>Les 1\u00a0290 avocats et avocats honoraires du barreau de Strasbourg \u00e9taient appel\u00e9s aux urnes lundi 26\u00a0mai afin d\u2019\u00e9lire leur futur b\u00e2tonnier pour l\u2019exercice 2026-2027. Un peu plus d\u2019un tiers d\u2019entre eux (463 votants) ont pris part au scrutin.<\/p>\n<p>\u00c0 l\u2019issue du vote Me Jean Weyl, 64 ans, a \u00e9t\u00e9 \u00e9lu b\u00e2tonnier. Il se pr\u00e9sentait en bin\u00f4me avec Me Emmanuelle Florentin, 32 ans, qui devient vice-b\u00e2tonni\u00e8re. Les deux avocats succ\u00e9deront respectivement \u00e0 Mes Paule Thines et \ufeffSendegul Aras.<\/p>\n<p>Ils sont \u00e9lus pour deux ans afin de porter la voix de la profession sur les questions d\u2019actualit\u00e9 et la vie sociale.<\/p>\n","protected":false},"excerpt":{"rendered":"Les 1\u00a0290 avocats et avocats honoraires du barreau de Strasbourg \u00e9taient appel\u00e9s aux urnes lundi 26\u00a0mai afin d\u2019\u00e9lire&hellip;\n","protected":false},"author":2,"featured_media":131838,"comment_status":"","ping_status":"","sticky":false,"template":"","format":"standard","meta":{"footnotes":""},"categories":[2820],"tags":[1111,11,2389,2649,2880,1777,674,274,107,1011,27,775,12,25,640,2879],"class_list":{"0":"post-131837","1":"post","2":"type-post","3":"status-publish","4":"format-standard","5":"has-post-thumbnail","7":"category-strasbourg","8":"tag-actu","9":"tag-actualites","10":"tag-alsace","11":"tag-bas-rhin","12":"tag-edition-strasbourg","13":"tag-eu","14":"tag-europe","15":"tag-faits-divers-justice","16":"tag-fil-info","17":"tag-fr","18":"tag-france","19":"tag-grand-est","20":"tag-news","21":"tag-republique-francaise","22":"tag-strasbourg","23":"tag-strasbourg-ville"},"share_on_mastodon":{"url":"https:\/\/pubeurope.com\/@fr\/114579985152667135","error":""},"_links":{"self":[{"href":"https:\/\/www.europesays.com\/fr\/wp-json\/wp\/v2\/posts\/131837","targetHints":{"allow":["GET"]}}],"collection":[{"href":"https:\/\/www.europesays.com\/fr\/wp-json\/wp\/v2\/posts"}],"about":[{"href":"https:\/\/www.europesays.com\/fr\/wp-json\/wp\/v2\/types\/post"}],"author":[{"embeddable":true,"href":"https:\/\/www.europesays.com\/fr\/wp-json\/wp\/v2\/users\/2"}],"replies":[{"embeddable":true,"href":"https:\/\/www.europesays.com\/fr\/wp-json\/wp\/v2\/comments?post=131837"}],"version-history":[{"count":0,"href":"https:\/\/www.europesays.com\/fr\/wp-json\/wp\/v2\/posts\/131837\/revisions"}],"wp:featuredmedia":[{"embeddable":true,"href":"https:\/\/www.europesays.com\/fr\/wp-json\/wp\/v2\/media\/131838"}],"wp:attachment":[{"href":"https:\/\/www.europesays.com\/fr\/wp-json\/wp\/v2\/media?parent=131837"}],"wp:term":[{"taxonomy":"category","embeddable":true,"href":"https:\/\/www.europesays.com\/fr\/wp-json\/wp\/v2\/categories?post=131837"},{"taxonomy":"post_tag","embeddable":true,"href":"https:\/\/www.europesays.com\/fr\/wp-json\/wp\/v2\/tags?post=131837"}],"curies":[{"name":"wp","href":"https:\/\/api.w.org\/{rel}","templated":true}]}}