{"id":131839,"date":"2025-05-27T13:16:08","date_gmt":"2025-05-27T13:16:08","guid":{"rendered":"https:\/\/www.europesays.com\/fr\/131839\/"},"modified":"2025-05-27T13:16:08","modified_gmt":"2025-05-27T13:16:08","slug":"pres-de-nice-lisian-disparu-en-pleine-broussaille-pendant-quatre-jours-a-ete-retrouve","status":"publish","type":"post","link":"https:\/\/www.europesays.com\/fr\/131839\/","title":{"rendered":"Pr\u00e8s de Nice. Lisian disparu en pleine broussaille pendant quatre jours a \u00e9t\u00e9 retrouv\u00e9"},"content":{"rendered":"<p>            Par<br \/>\n        <strong><br \/>\n            <a href=\"https:\/\/actu.fr\/auteur\/ugo-maillard\" title=\"Consulter tous les articles de Ugo Maillard\" rel=\"nofollow noopener\" target=\"_blank\">Ugo Maillard<\/a><br \/>\n        <\/strong><\/p>\n<p>        Publi\u00e9 le<\/p>\n<p>            27 mai 2025 \u00e0 13h17<br \/>\n        ; mis \u00e0 jour le 27 mai 2025 \u00e0 13h54    <\/p>\n<p>Depuis le vendredi 23 mai 2025, <strong>Lisian Lambert<\/strong> \u00e9tait port\u00e9 disparu alors qu\u2019il \u00e9tait parti \u00ab\u2009marcher\u2009\u00bb dans le secteur du Rouret (<a href=\"https:\/\/actu.fr\/provence-alpes-cote-d-azur\/alpes-maritimes_06\" rel=\"nofollow noopener\" target=\"_blank\">Alpes-Maritimes<\/a>).<\/p>\n<p>    <a href=\"https:\/\/www.google.com\/maps\/embed?pb=!1m18!1m12!1m3!1d253575.97597762753!2d7.001137222523869!3d43.71595828557119!2m3!1f0!2f0!3f0!3m2!1i1024!2i768!4f13.1!3m3!1m2!1s0x12cc2c27931bb277%3A0x40819a5fd9798f0!2sLe%20Rouret!5e0!3m2!1sfr!2sfr!4v1748341909660!5m2!1sfr!2sfr\" title=\"Ouvrie le lien\" rel=\"nofollow noopener\" target=\"_blank\">Cliquez ici pour visualiser le contenu<\/a><\/p>\n<p class=\" wall-content\"><a href=\"https:\/\/actu.fr\/provence-alpes-cote-d-azur\/le-rouret_06112\" rel=\"nofollow noopener\" target=\"_blank\">Habitant du secteur<\/a> depuis des dizaines d\u2019ann\u00e9es, l\u2019homme de 74 ans n\u2019avait plus donn\u00e9 de signe de vie.<\/p>\n<p class=\" wall-content\">Coralie, sa ni\u00e8ce, indique \u00e0 notre r\u00e9daction qu\u2019il <strong>a \u00e9t\u00e9 retrouv\u00e9 vivant<\/strong> ce mardi en d\u00e9but d\u2019apr\u00e8s-midi.<\/p>\n<p>Des recherches men\u00e9es par les secours<\/p>\n<p class=\" wall-content\">Depuis le signalement de la disparition de Lisian Lambert, des op\u00e9rations de recherche ont \u00e9t\u00e9 organis\u00e9es par les gendarmes et les sapeurs-pompiers des Alpes-Maritimes.<\/p>\n<p>Vid\u00e9os : en ce moment sur Actu<\/p>\n<p class=\" wall-content\">\u00ab\u2009Les habitants ont organis\u00e9 des battues, une tr\u00e8s grande zone a \u00e9t\u00e9 ratiss\u00e9e. Les gendarmes ont men\u00e9 des recherches avec des drones et un h\u00e9licopt\u00e8re\u2009\u00bb, indique Coralie \u00e0 <a href=\"https:\/\/actu.fr\/nice\/\" rel=\"nofollow noopener\" target=\"_blank\">actu Nice<\/a>.<\/p>\n<p class=\" wall-content\">Les recherches a\u00e9riennes ont \u00e9t\u00e9 suspendues depuis ce mardi 27 mai 2025, mais les militaires ont poursuivi les patrouilles dans le secteur et ont fini par retrouver le Maralpin.<\/p>\n<p class=\" wall-content\">Suivez toute l\u2019actualit\u00e9 de vos villes et m\u00e9dias favoris en vous inscrivant \u00e0 <a href=\"https:\/\/moncompte.actu.fr\" title=\"D\u00e9couvez Mon Actu\" rel=\"nofollow noopener\" data-trk=\"{&quot;cta&quot;:{&quot;action&quot;:&quot;https:\\\/\\\/moncompte.actu.fr&quot;,&quot;category&quot;:&quot;mon compte&quot;,&quot;from&quot;:&quot;article footer&quot;,&quot;name&quot;:&quot;Mon actu&quot;,&quot;type&quot;:&quot;cta&quot;}}\" target=\"_blank\">Mon Actu<\/a>.<\/p>\n<ul class=\"ac-article-tag wall-content\">\n<li><a href=\"https:\/\/actu.fr\/tag\/disparition\" data-trk=\"{&quot;cta&quot;:{&quot;action&quot;:&quot;Disparition inqui\\u00e9tante&quot;,&quot;category&quot;:&quot;tag&quot;,&quot;from&quot;:&quot;article footer&quot;,&quot;name&quot;:&quot;Disparition inqui\\u00e9tante&quot;,&quot;type&quot;:&quot;cta&quot;}}\" rel=\"nofollow noopener\" target=\"_blank\">#Disparition inqui\u00e9tante<\/a><\/li>\n<li><a href=\"https:\/\/actu.fr\/tag\/gendarmerie\" data-trk=\"{&quot;cta&quot;:{&quot;action&quot;:&quot;Gendarmerie&quot;,&quot;category&quot;:&quot;tag&quot;,&quot;from&quot;:&quot;article footer&quot;,&quot;name&quot;:&quot;Gendarmerie&quot;,&quot;type&quot;:&quot;cta&quot;}}\" rel=\"nofollow noopener\" target=\"_blank\">#Gendarmerie<\/a><\/li>\n<\/ul>\n","protected":false},"excerpt":{"rendered":"Par Ugo Maillard Publi\u00e9 le 27 mai 2025 \u00e0 13h17 ; mis \u00e0 jour le 27 mai 2025&hellip;\n","protected":false},"author":2,"featured_media":131840,"comment_status":"","ping_status":"","sticky":false,"template":"","format":"standard","meta":{"footnotes":""},"categories":[2819],"tags":[1111,11,3676,1777,674,118,1011,27,3381,12,2401,882,25],"class_list":{"0":"post-131839","1":"post","2":"type-post","3":"status-publish","4":"format-standard","5":"has-post-thumbnail","7":"category-nice","8":"tag-actu","9":"tag-actualites","10":"tag-disparition-inquietante","11":"tag-eu","12":"tag-europe","13":"tag-faits-divers","14":"tag-fr","15":"tag-france","16":"tag-gendarmerie","17":"tag-news","18":"tag-nice","19":"tag-provence-alpes-cote-dazur","20":"tag-republique-francaise"},"share_on_mastodon":{"url":"https:\/\/pubeurope.com\/@fr\/114579989280357778","error":""},"_links":{"self":[{"href":"https:\/\/www.europesays.com\/fr\/wp-json\/wp\/v2\/posts\/131839","targetHints":{"allow":["GET"]}}],"collection":[{"href":"https:\/\/www.europesays.com\/fr\/wp-json\/wp\/v2\/posts"}],"about":[{"href":"https:\/\/www.europesays.com\/fr\/wp-json\/wp\/v2\/types\/post"}],"author":[{"embeddable":true,"href":"https:\/\/www.europesays.com\/fr\/wp-json\/wp\/v2\/users\/2"}],"replies":[{"embeddable":true,"href":"https:\/\/www.europesays.com\/fr\/wp-json\/wp\/v2\/comments?post=131839"}],"version-history":[{"count":0,"href":"https:\/\/www.europesays.com\/fr\/wp-json\/wp\/v2\/posts\/131839\/revisions"}],"wp:featuredmedia":[{"embeddable":true,"href":"https:\/\/www.europesays.com\/fr\/wp-json\/wp\/v2\/media\/131840"}],"wp:attachment":[{"href":"https:\/\/www.europesays.com\/fr\/wp-json\/wp\/v2\/media?parent=131839"}],"wp:term":[{"taxonomy":"category","embeddable":true,"href":"https:\/\/www.europesays.com\/fr\/wp-json\/wp\/v2\/categories?post=131839"},{"taxonomy":"post_tag","embeddable":true,"href":"https:\/\/www.europesays.com\/fr\/wp-json\/wp\/v2\/tags?post=131839"}],"curies":[{"name":"wp","href":"https:\/\/api.w.org\/{rel}","templated":true}]}}