{"id":131841,"date":"2025-05-27T13:17:10","date_gmt":"2025-05-27T13:17:10","guid":{"rendered":"https:\/\/www.europesays.com\/fr\/131841\/"},"modified":"2025-05-27T13:17:10","modified_gmt":"2025-05-27T13:17:10","slug":"meteo-voici-a-quoi-sattendre-cette-semaine-dans-les-alpes-maritimes","status":"publish","type":"post","link":"https:\/\/www.europesays.com\/fr\/131841\/","title":{"rendered":"M\u00e9t\u00e9o: voici \u00e0 quoi s&rsquo;attendre cette semaine dans les Alpes-Maritimes"},"content":{"rendered":"<p>Ce d\u00e9but de semaine est plus calme que la semaine pr\u00e9c\u00e9dente. Apr\u00e8s une matin\u00e9e d&rsquo;\u00e9claircies accompagn\u00e9e de quelques pluies mod\u00e9r\u00e9es \u00e0 Grasse et\u00a0Roquebilli\u00e8re, le ciel devrait se voiler sur une bonne partie du territoire.\u00a0<\/p>\n<p>Quelques averses pourraient s&rsquo;inviter \u00e0 Tende et Roquebilli\u00e8re. Les temp\u00e9ratures seront comprises entre 20 et 24\u00b0C. Il n&rsquo;y aura pas de vent.\u00a0<\/p>\n<p>Mercredi<\/p>\n<p>La tendance se poursuivra ce mercredi matin avec toujours un ciel voil\u00e9. Le thermom\u00e8tre affichera entre 19 et 23\u00b0C en matin\u00e9e, et jusqu&rsquo;\u00e0 26\u00b0C l&rsquo;apr\u00e8s-midi \u00e0 Puget-Th\u00e9niers et Guillaumes.\u00a0<\/p>\n<p>Il pourrait y avoir un peu de vent du c\u00f4t\u00e9 de Saint-Auban, jusqu&rsquo;\u00e0 45 km\/h.\u00a0<\/p>\n<p>                                Jeudi<\/p>\n<p>M\u00eame sc\u00e9nario ce jeudi. Les temp\u00e9ratures oscilleront entre 19 et 25\u00b0C en matin\u00e9e et grimperont jusqu&rsquo;\u00e0 28\u00b0C quelques heures plus tard. Du vent est annonc\u00e9, jusqu&rsquo;\u00e0 40km\/h du c\u00f4t\u00e9 de Guillaumes.\u00a0<\/p>\n<p>Vendredi<\/p>\n<p>Le ciel se d\u00e9gagera d\u00e8s le matin. Le thermom\u00e8tre ira de 20 \u00e0 26\u00b0C. Une matin\u00e9e id\u00e9ale et une apr\u00e8s-midi id\u00e9ale \u00e9galement. Il fera jusqu&rsquo;\u00e0 29\u00b0C \u00e0 Puget-Th\u00e9niers et 25\u00b0C sur le littoral.\u00a0<\/p>\n<p>Week-end<\/p>\n<p>La situation devrait se d\u00e9grader ce samedi sur la moiti\u00e9 nord du d\u00e9partement. Des orages sont pr\u00e9vus. Le littoral devrait \u00eatre \u00e9pargn\u00e9. On attend tout de m\u00eame quelques averses \u00e0 Grasse.\u00a0<\/p>\n<p>Les temp\u00e9ratures oscilleront entre 21 et 26\u00b0C le matin et 22 et 29\u00b0C l&rsquo;apr\u00e8s-midi.\u00a0<\/p>\n<p>La situation devrait \u00eatre similaire dimanche avec la moiti\u00e9 nord toujours touch\u00e9e par les orages. La moiti\u00e9 sud devrait \u00eatre \u00e9pargn\u00e9e. Les maximales seront atteintes \u00e0 Puget-Th\u00e9niers (29\u00b0C).<\/p>\n","protected":false},"excerpt":{"rendered":"Ce d\u00e9but de semaine est plus calme que la semaine pr\u00e9c\u00e9dente. Apr\u00e8s une matin\u00e9e d&rsquo;\u00e9claircies accompagn\u00e9e de quelques&hellip;\n","protected":false},"author":2,"featured_media":131842,"comment_status":"","ping_status":"","sticky":false,"template":"","format":"standard","meta":{"footnotes":""},"categories":[2819],"tags":[1111,11,1777,674,1011,27,2487,12,2401,882,25],"class_list":{"0":"post-131841","1":"post","2":"type-post","3":"status-publish","4":"format-standard","5":"has-post-thumbnail","7":"category-nice","8":"tag-actu","9":"tag-actualites","10":"tag-eu","11":"tag-europe","12":"tag-fr","13":"tag-france","14":"tag-meteo","15":"tag-news","16":"tag-nice","17":"tag-provence-alpes-cote-dazur","18":"tag-republique-francaise"},"share_on_mastodon":{"url":"https:\/\/pubeurope.com\/@fr\/114579993100562962","error":""},"_links":{"self":[{"href":"https:\/\/www.europesays.com\/fr\/wp-json\/wp\/v2\/posts\/131841","targetHints":{"allow":["GET"]}}],"collection":[{"href":"https:\/\/www.europesays.com\/fr\/wp-json\/wp\/v2\/posts"}],"about":[{"href":"https:\/\/www.europesays.com\/fr\/wp-json\/wp\/v2\/types\/post"}],"author":[{"embeddable":true,"href":"https:\/\/www.europesays.com\/fr\/wp-json\/wp\/v2\/users\/2"}],"replies":[{"embeddable":true,"href":"https:\/\/www.europesays.com\/fr\/wp-json\/wp\/v2\/comments?post=131841"}],"version-history":[{"count":0,"href":"https:\/\/www.europesays.com\/fr\/wp-json\/wp\/v2\/posts\/131841\/revisions"}],"wp:featuredmedia":[{"embeddable":true,"href":"https:\/\/www.europesays.com\/fr\/wp-json\/wp\/v2\/media\/131842"}],"wp:attachment":[{"href":"https:\/\/www.europesays.com\/fr\/wp-json\/wp\/v2\/media?parent=131841"}],"wp:term":[{"taxonomy":"category","embeddable":true,"href":"https:\/\/www.europesays.com\/fr\/wp-json\/wp\/v2\/categories?post=131841"},{"taxonomy":"post_tag","embeddable":true,"href":"https:\/\/www.europesays.com\/fr\/wp-json\/wp\/v2\/tags?post=131841"}],"curies":[{"name":"wp","href":"https:\/\/api.w.org\/{rel}","templated":true}]}}