{"id":131845,"date":"2025-05-27T13:19:13","date_gmt":"2025-05-27T13:19:13","guid":{"rendered":"https:\/\/www.europesays.com\/fr\/131845\/"},"modified":"2025-05-27T13:19:13","modified_gmt":"2025-05-27T13:19:13","slug":"une-nouvelle-tentative-denlevement-dejouee-lundi-pres-de-nantes-liberation","status":"publish","type":"post","link":"https:\/\/www.europesays.com\/fr\/131845\/","title":{"rendered":"une nouvelle tentative d\u2019enl\u00e8vement d\u00e9jou\u00e9e lundi pr\u00e8s de Nantes \u2013 Lib\u00e9ration"},"content":{"rendered":"<p class=\"sc-ksZaOG ehjQrN text-element\">\u00abPlus de vingt\u00bb interpellations ont eu lieu au total dans le cadre des <a href=\"https:\/\/www.liberation.fr\/societe\/police-justice\/serie-denlevements-dans-la-cryptomonnaie-une-dizaine-de-suspects-interpelles-et-places-en-garde-a-vue-20250526_ZZEDA5LENFBAHKXZSFATW6WV4A\/\" target=\"_blank\" rel=\"noreferrer nofollow noopener\" title=\"https:\/\/www.liberation.fr\/societe\/police-justice\/serie-denlevements-dans-la-cryptomonnaie-une-dizaine-de-suspects-interpelles-et-places-en-garde-a-vue-20250526_ZZEDA5LENFBAHKXZSFATW6WV4A\/\">enqu\u00eates men\u00e9es par la Brigade de r\u00e9pression du banditisme (BRB)<\/a> sur les tentatives et enl\u00e8vements r\u00e9cents dans le milieu de la cryptomonnaie, a-t-on appris ce mardi 27 mai de source proche du dossier. Cette s\u00e9rie d\u2019arrestations a notamment permis de d\u00e9jouer un projet de rapt imminent, qui visait un entrepreneur pr\u00e8s de Nantes, comme r\u00e9v\u00e9l\u00e9 par <a href=\"https:\/\/www.rtl.fr\/actu\/justice-faits-divers\/info-rtl-cryptomonnaies-un-enlevement-dejoue-a-nantes-lundi-une-dizaine-de-nouvelles-gardes-a-vue-7900509550\" target=\"_blank\" rel=\"noreferrer nofollow noopener\" title=\"https:\/\/www.rtl.fr\/actu\/justice-faits-divers\/info-rtl-cryptomonnaies-un-enlevement-dejoue-a-nantes-lundi-une-dizaine-de-nouvelles-gardes-a-vue-7900509550\">RTL<\/a>.<\/p>\n<p class=\"sc-ksZaOG ehjQrN text-element\">Selon la source proche du dossier, ce sont six personnes qui ont \u00e9t\u00e9 mises en examen dans le cadre de l\u2019enqu\u00eate sur l\u2019enl\u00e8vement du p\u00e8re d\u2019un homme ayant fait fortune dans la cryptomonnaie le 1er mai \u00e0 Paris. La victime \u2013 pour laquelle une ran\u00e7on de plusieurs millions d\u2019euros avait \u00e9t\u00e9 r\u00e9clam\u00e9e par ses ravisseurs \u2013, s\u00e9questr\u00e9e dans un pavillon de l\u2019Essonne, a \u00e9t\u00e9 lib\u00e9r\u00e9e par la Brigade de recherche et d\u2019intervention (BRI) lors d\u2019un assaut lanc\u00e9 le 3 mai. La victime avait \u00e9t\u00e9 enlev\u00e9e devant des t\u00e9moins par quatre hommes encagoul\u00e9s qui l\u2019avaient emmen\u00e9e \u00e0 bord d\u2019un fourgon de livraison.<\/p>\n<p class=\"sc-ksZaOG ehjQrN text-element\">Le 13 mai, la fille et le petit-fils de Pierre Noizat ont \u00e9chapp\u00e9 \u00e0 un enl\u00e8vement en pleine rue \u00e0 Paris. Dans cette enqu\u00eate, \u00abtout le commando a \u00e9t\u00e9 interpell\u00e9\u00bb, a affirm\u00e9 une source proche du dossier sans donner plus de pr\u00e9cisions sur le nombre de personnes concern\u00e9es.<\/p>\n","protected":false},"excerpt":{"rendered":"\u00abPlus de vingt\u00bb interpellations ont eu lieu au total dans le cadre des enqu\u00eates men\u00e9es par la Brigade&hellip;\n","protected":false},"author":2,"featured_media":131846,"comment_status":"","ping_status":"","sticky":false,"template":"","format":"standard","meta":{"footnotes":""},"categories":[2818],"tags":[1111,11,5392,1777,674,1011,27,766,12,626,2636,25],"class_list":{"0":"post-131845","1":"post","2":"type-post","3":"status-publish","4":"format-standard","5":"has-post-thumbnail","7":"category-nantes","8":"tag-actu","9":"tag-actualites","10":"tag-cryptomonnaies","11":"tag-eu","12":"tag-europe","13":"tag-fr","14":"tag-france","15":"tag-nantes","16":"tag-news","17":"tag-paris","18":"tag-pays-de-la-loire","19":"tag-republique-francaise"},"share_on_mastodon":{"url":"https:\/\/pubeurope.com\/@fr\/114580000841471754","error":""},"_links":{"self":[{"href":"https:\/\/www.europesays.com\/fr\/wp-json\/wp\/v2\/posts\/131845","targetHints":{"allow":["GET"]}}],"collection":[{"href":"https:\/\/www.europesays.com\/fr\/wp-json\/wp\/v2\/posts"}],"about":[{"href":"https:\/\/www.europesays.com\/fr\/wp-json\/wp\/v2\/types\/post"}],"author":[{"embeddable":true,"href":"https:\/\/www.europesays.com\/fr\/wp-json\/wp\/v2\/users\/2"}],"replies":[{"embeddable":true,"href":"https:\/\/www.europesays.com\/fr\/wp-json\/wp\/v2\/comments?post=131845"}],"version-history":[{"count":0,"href":"https:\/\/www.europesays.com\/fr\/wp-json\/wp\/v2\/posts\/131845\/revisions"}],"wp:featuredmedia":[{"embeddable":true,"href":"https:\/\/www.europesays.com\/fr\/wp-json\/wp\/v2\/media\/131846"}],"wp:attachment":[{"href":"https:\/\/www.europesays.com\/fr\/wp-json\/wp\/v2\/media?parent=131845"}],"wp:term":[{"taxonomy":"category","embeddable":true,"href":"https:\/\/www.europesays.com\/fr\/wp-json\/wp\/v2\/categories?post=131845"},{"taxonomy":"post_tag","embeddable":true,"href":"https:\/\/www.europesays.com\/fr\/wp-json\/wp\/v2\/tags?post=131845"}],"curies":[{"name":"wp","href":"https:\/\/api.w.org\/{rel}","templated":true}]}}