{"id":131855,"date":"2025-05-27T13:24:16","date_gmt":"2025-05-27T13:24:16","guid":{"rendered":"https:\/\/www.europesays.com\/fr\/131855\/"},"modified":"2025-05-27T13:24:16","modified_gmt":"2025-05-27T13:24:16","slug":"la-region-finance-23-me-de-travaux-dans-ce-lycee","status":"publish","type":"post","link":"https:\/\/www.europesays.com\/fr\/131855\/","title":{"rendered":"la R\u00e9gion finance 23 M\u20ac de travaux dans ce lyc\u00e9e"},"content":{"rendered":"<p>            Par<br \/>\n        <strong><br \/>\n            <a href=\"https:\/\/actu.fr\/auteur\/margot-nicodeme\" title=\"Consulter tous les articles de Margot Nicod\u00e8me\" target=\"_blank\" rel=\"noopener\">Margot Nicod\u00e8me<\/a><br \/>\n        <\/strong><\/p>\n<p>        Publi\u00e9 le<\/p>\n<p>            27 mai 2025 \u00e0 13h10        <\/p>\n<p>C\u2019est un investissement colossal, dont a b\u00e9n\u00e9fici\u00e9 un seul et m\u00eame \u00e9tablissement scolaire situ\u00e9 \u00e0 <a href=\"https:\/\/actu.fr\/hauts-de-france\/la-madeleine_59368\" target=\"_blank\" rel=\"noopener\">La Madeleine<\/a> (Nord) : <b>plus de 23 millions d\u2019euros<\/b>, enti\u00e8rement vers\u00e9s<b> <\/b>par la<b> R\u00e9gion Hauts-de-France<\/b>. Ils ont permis de faire sortir de terre un b\u00e2timent \u00e0 la pointe de la modernit\u00e9, dans l\u2019enceinte du <b>lyc\u00e9e polyvalent Valentine-Labb\u00e9<\/b>, non loin <a href=\"https:\/\/actu.fr\/hauts-de-france\/lille_59350\/metropole-de-lille-apres-les-abattages-une-campagne-de-plantation-darbres-debute-sur-le-grand-boulevard_62383320.html\" target=\"_blank\" rel=\"noopener\">du Grand boulevard<\/a>, et d\u2019en r\u00e9nover un autre. L\u2019ensemble a \u00e9t\u00e9 inaugur\u00e9 le 26 mai 2025 en pr\u00e9sence du pr\u00e9sident de R\u00e9gion, Xavier Bertrand, du maire S\u00e9bastien Lepr\u00eatre et de la rectrice Sophie B\u00e9jean, entre autres. Il se compose d\u2019une \u00ab\u00a0halle scientifique\u00a0\u00bb, o\u00f9 sont concentr\u00e9s <b>les cursus en biochimie et biotechnologie<\/b>, et d\u2019espaces remis au go\u00fbt du jour pour <b>les formations en sant\u00e9<\/b>. Visite.\u00a0<\/p>\n<p>    <img   decoding=\"async\" loading=\"lazy\" class=\"size-large\" src=\"https:\/\/www.europesays.com\/fr\/wp-content\/uploads\/2025\/05\/aefc0f6595386b20d0f659538560d0v-960x640.jpg\" alt=\"Xavier Bertrand a pu faire la rencontre de Suzie, le mannequin patient qui verbalise - par la voix d'une enseignante - ses sympt\u00f4mes.\" width=\"960\" height=\"640\"\/><br \/>\n    Xavier Bertrand a pu faire la rencontre de Suzie, le mannequin patient qui verbalise \u2013 par la voix d\u2019une enseignante \u2013 ses sympt\u00f4mes. \u00a9Margot Nicod\u00e8meUne salle radio, un mannequin plus vrai que nature qui joue les patients\u2026<\/p>\n<p class=\" wall-content\">Valentine-Labb\u00e9 pr\u00e9sente la particularit\u00e9 d\u2019\u00eatre <b>le seul lyc\u00e9e en France int\u00e9grant un Ifsi<\/b> (Institut de formation en soins infirmiers). Les infirmi\u00e8res et infirmiers de demain \u00e9tudient d\u00e9sormais dans un p\u00f4le sant\u00e9 totalement r\u00e9habilit\u00e9, \u00ab\u00a0ressemblant volontairement \u00e0 un h\u00f4pital\u00a0\u00bb, entend-on de la bouche de la proviseure, Caroline Bertolotti.<\/p>\n<p>    <img   decoding=\"async\" loading=\"lazy\" class=\"size-large\" src=\"https:\/\/www.europesays.com\/fr\/wp-content\/uploads\/2025\/05\/f6331f65953860b331f659538fe331v-960x640.jpg\" alt=\"S\u00e9bastien Lepr\u00eatre, le maire de La Madeleine, s'est laiss\u00e9 ausculter par une \u00e9tudiante infirmi\u00e8re lors de la visite presse du 26 mai.\" width=\"960\" height=\"640\"\/><br \/>\n    S\u00e9bastien Lepr\u00eatre, le maire de La Madeleine, s\u2019est laiss\u00e9 ausculter par une \u00e9tudiante infirmi\u00e8re lors de la visite presse du 26 mai. \u00a9Margot Nicod\u00e8me<\/p>\n<p class=\" wall-content\">Ces 600 \u00e9tudiants profitent d\u2019espaces hautement qualitatifs, avec notamment <b>une salle radio, pour les techniciens manipulateurs <\/b>en devenir. Autrefois, les jeunes devaient se rendre au <a href=\"https:\/\/actu.fr\/tag\/chu-de-lille\" target=\"_blank\" rel=\"noopener\">CHU de Lille<\/a> les samedis matin pour les simulations.<\/p>\n<p>    <img   decoding=\"async\" loading=\"lazy\" class=\"size-large\" src=\"https:\/\/www.europesays.com\/fr\/wp-content\/uploads\/2025\/05\/ab921f659538601a21f65953835a21v-960x640.jpg\" alt=\"La salle radio flambant neuve, pour les futurs techniciens manipulateurs. Les \u00e9tudiants devaient autrefois se rendre au CHU de Lille le samedi matin.\" width=\"960\" height=\"640\"\/><br \/>\n    La salle radio flambant neuve, pour les futurs techniciens manipulateurs. Les \u00e9tudiants devaient autrefois se rendre au CHU de Lille le samedi matin. \u00a9Margot Nicod\u00e8me<br \/>\n    <img   decoding=\"async\" loading=\"lazy\" class=\"size-large\" src=\"https:\/\/www.europesays.com\/fr\/wp-content\/uploads\/2025\/05\/d66d0f65953864c6d0f659538507d0v-960x640.jpg\" alt=\"De vastes salles de classe r\u00e9nov\u00e9es.\" width=\"960\" height=\"640\"\/><br \/>\n    De vastes salles de classe r\u00e9nov\u00e9es. \u00a9Margot Nicod\u00e8me<\/p>\n<p class=\" wall-content\">Mais il y a aussi une chambre d\u2019h\u00f4pital plus vraie que nature, dans laquelle est couch\u00e9 <b>un mannequin, \u00ab\u00a0Suzie\u00a0\u00bb, qui joue le r\u00f4le de malade<\/b>. Derri\u00e8re une vitre sans tain, une enseignante fait parler le patient, qui liste ses sympt\u00f4mes ; ce sont alors aux praticiens de sant\u00e9 de poser un diagnostic et d\u2019\u00e9tablir les soins ad\u00e9quats.<\/p>\n<p class=\" wall-content\">Ce jour-l\u00e0, le faux patient \u00ab\u00a0est arriv\u00e9 avec des c\u00e9phal\u00e9es, des sueurs\u00a0\u00bb, d\u00e9crivent les \u00e9tudiantes \u00e0 un Xavier Bertrand plut\u00f4t intrigu\u00e9. \u00ab\u00a0Et alors ?\u00a0\u00bb, s\u2019enquiert le pr\u00e9sident des Hauts-de-France. \u00ab\u00a0Il \u00e9tait en \u00e9tat de d\u00e9shydratation.\u00a0\u00bb<\/p>\n<p>Une halle scientifique en projet depuis 2003<\/p>\n<p class=\" wall-content\">Dans le b\u00e2timent flambant neuf, une \u00ab\u00a0halle scientifique\u00a0\u00bb nomm\u00e9e d\u2019apr\u00e8s un ancien proviseur, Denis Bruy\u00e8re, il y a d\u2019abord un espace interactif. Dans le hall, les \u00e9lus s\u2019essaient en effet \u00e0 un dr\u00f4le d\u2019exercice sur \u00e9cran : traduire le lexique m\u00e9dical dans des langues \u00e9trang\u00e8res. \u00ab\u00a0Moi, d\u00e9ambulateur en espagnol, je s\u00e8che\u2026\u00a0\u00bb, s\u2019amuse Xavier Bertrand.<\/p>\n<p class=\" wall-content\">Au premier \u00e9tage, <b>de grands laboratoires, avec des vestiaires<\/b> attenants pour enfiler les blouses, accueillent les \u00e9tudiants dans des conditions optimales.\u00a0<\/p>\n<p>    <img   decoding=\"async\" loading=\"lazy\" class=\"size-large\" src=\"https:\/\/www.europesays.com\/fr\/wp-content\/uploads\/2025\/05\/ab8bce65953866ebbce6595381fcbcv-960x640.jpg\" alt=\"Dans la nouvelle \" halle=\"\" scientifique=\"\" denis-bruy=\"\" des=\"\" laboratoires...=\"\" width=\"960\" height=\"640\"\/><br \/>\n    Dans la nouvelle \u00ab\u00a0halle scientifique\u00a0\u00bb Denis-Bruy\u00e8re, des laboratoires\u2026 \u00a9Margot Nicod\u00e8me<br \/>\n    <img   decoding=\"async\" loading=\"lazy\" class=\"size-large\" src=\"https:\/\/www.europesays.com\/fr\/wp-content\/uploads\/2025\/05\/b16ede65953865d6ede659538517edv-960x640.jpg\" alt=\"... Avec des salles informatiques et vestiaires attenants.\" width=\"960\" height=\"640\"\/><br \/>\n    \u2026 Avec des salles informatiques et vestiaires attenants. \u00a9Margot Nicod\u00e8me<\/p>\n<p class=\" wall-content\">Ces am\u00e9nagements d\u2019envergure ont pour la premi\u00e8re \u00e9t\u00e9 discut\u00e9s il y a plus de 20 ans, en 2003. Mais la m\u00e9tamorphose ne s\u2019est engag\u00e9e qu\u2019en 2020, donnant naissance \u00e0 \u00ab\u00a0un vrai p\u00f4le pour les professions sanitaires\u00a0\u00bb, qui rel\u00e8vent de l\u2019aide \u00e0 la personne, de la pu\u00e9riculture et incluent le m\u00e9tier d\u2019infirmier. \u00ab\u00a0Les conditions sont proches de la r\u00e9alit\u00e9 hospitali\u00e8re, avec des espaces de cours modulables\u00a0\u00bb, d\u00e9taille encore la proviseure.\u00a0<\/p>\n<p>    <img   decoding=\"async\" loading=\"lazy\" class=\"size-large\" src=\"https:\/\/www.europesays.com\/fr\/wp-content\/uploads\/2025\/05\/6137c846953868537c84695382937cv-960x640.jpg\" alt=\"Xavier Bertrand, pr\u00e9sident de la R\u00e9gion Hauts-de-France, \u00e9tait \u00e0 l'inauguration des nouveaux am\u00e9nagements dans le lyc\u00e9e Valentine-Labb\u00e9. Ils ont co\u00fbt\u00e9 plus de 23 millions d'euros \u00e0 la collectivit\u00e9.\" width=\"960\" height=\"640\"\/><br \/>\n    Xavier Bertrand, pr\u00e9sident de la R\u00e9gion Hauts-de-France, \u00e9tait \u00e0 l\u2019inauguration des nouveaux am\u00e9nagements dans le lyc\u00e9e Valentine-Labb\u00e9. Ils ont co\u00fbt\u00e9 plus de 23 millions d\u2019euros \u00e0 la collectivit\u00e9. \u00a9Margot Nicod\u00e8me<\/p>\n<p class=\" wall-content\">Aujourd\u2019hui, le lyc\u00e9e s\u2019impose comme un \u00e9tablissement de r\u00e9f\u00e9rence dans la m\u00e9tropole lilloise, o\u00f9 se croisent les fili\u00e8res de classe pr\u00e9paratoire, bac professionnel et d\u2019aide \u00e0 la personne.<\/p>\n<p class=\" wall-content\">Suivez toute l\u2019actualit\u00e9 de vos villes et m\u00e9dias favoris en vous inscrivant \u00e0 <a href=\"https:\/\/moncompte.actu.fr\" title=\"D\u00e9couvez Mon Actu\" rel=\"nofollow noopener\" data-trk=\"{&quot;cta&quot;:{&quot;action&quot;:&quot;https:\\\/\\\/moncompte.actu.fr&quot;,&quot;category&quot;:&quot;mon compte&quot;,&quot;from&quot;:&quot;article footer&quot;,&quot;name&quot;:&quot;Mon actu&quot;,&quot;type&quot;:&quot;cta&quot;}}\" target=\"_blank\">Mon Actu<\/a>.<\/p>\n","protected":false},"excerpt":{"rendered":"Par Margot Nicod\u00e8me Publi\u00e9 le 27 mai 2025 \u00e0 13h10 C\u2019est un investissement colossal, dont a b\u00e9n\u00e9fici\u00e9 un&hellip;\n","protected":false},"author":2,"featured_media":131856,"comment_status":"","ping_status":"","sticky":false,"template":"","format":"standard","meta":{"footnotes":""},"categories":[2815],"tags":[1111,11,1057,1777,674,1011,27,811,1307,12,25,104,2086,15431],"class_list":{"0":"post-131855","1":"post","2":"type-post","3":"status-publish","4":"format-standard","5":"has-post-thumbnail","7":"category-lille","8":"tag-actu","9":"tag-actualites","10":"tag-education","11":"tag-eu","12":"tag-europe","13":"tag-fr","14":"tag-france","15":"tag-hauts-de-france","16":"tag-lille","17":"tag-news","18":"tag-republique-francaise","19":"tag-societe","20":"tag-travaux","21":"tag-xavier-bertrand"},"share_on_mastodon":{"url":"https:\/\/pubeurope.com\/@fr\/114580020767734816","error":""},"_links":{"self":[{"href":"https:\/\/www.europesays.com\/fr\/wp-json\/wp\/v2\/posts\/131855","targetHints":{"allow":["GET"]}}],"collection":[{"href":"https:\/\/www.europesays.com\/fr\/wp-json\/wp\/v2\/posts"}],"about":[{"href":"https:\/\/www.europesays.com\/fr\/wp-json\/wp\/v2\/types\/post"}],"author":[{"embeddable":true,"href":"https:\/\/www.europesays.com\/fr\/wp-json\/wp\/v2\/users\/2"}],"replies":[{"embeddable":true,"href":"https:\/\/www.europesays.com\/fr\/wp-json\/wp\/v2\/comments?post=131855"}],"version-history":[{"count":0,"href":"https:\/\/www.europesays.com\/fr\/wp-json\/wp\/v2\/posts\/131855\/revisions"}],"wp:featuredmedia":[{"embeddable":true,"href":"https:\/\/www.europesays.com\/fr\/wp-json\/wp\/v2\/media\/131856"}],"wp:attachment":[{"href":"https:\/\/www.europesays.com\/fr\/wp-json\/wp\/v2\/media?parent=131855"}],"wp:term":[{"taxonomy":"category","embeddable":true,"href":"https:\/\/www.europesays.com\/fr\/wp-json\/wp\/v2\/categories?post=131855"},{"taxonomy":"post_tag","embeddable":true,"href":"https:\/\/www.europesays.com\/fr\/wp-json\/wp\/v2\/tags?post=131855"}],"curies":[{"name":"wp","href":"https:\/\/api.w.org\/{rel}","templated":true}]}}