{"id":131863,"date":"2025-05-27T13:28:08","date_gmt":"2025-05-27T13:28:08","guid":{"rendered":"https:\/\/www.europesays.com\/fr\/131863\/"},"modified":"2025-05-27T13:28:08","modified_gmt":"2025-05-27T13:28:08","slug":"une-circulation-extremement-difficile-des-ce-mercredi-sur-les-routes-de-la-region","status":"publish","type":"post","link":"https:\/\/www.europesays.com\/fr\/131863\/","title":{"rendered":"une circulation \u00ab\u00a0extr\u00eamement difficile\u00a0\u00bb d\u00e8s ce mercredi sur les routes de la r\u00e9gion"},"content":{"rendered":"<p itemprop=\"description\"><strong>Un nouveau week-end prolong\u00e9 s\u2019annonce.<\/strong><\/p>\n<p>Patience sera le ma\u00eetre-mot des prochains jours pour les automobilistes. Bison Fut\u00e9 annonce une circulation \u00ab extr\u00eamement difficile \u00bb d\u00e8s ce mercredi sur les routes \u00e0 l\u2019occasion du week-end prolong\u00e9 de l\u2019Ascension. Le drapeau rouge sera en effet de sortie dans le sens des d\u00e9parts ; il sera orange dans le sens des retours. L\u2019A7 entre Lyon et Orange sera notamment \u00e0 \u00e9viter de 16h \u00e0 23h.\u00a0<\/p>\n<p>Concernant la journ\u00e9e de jeudi, la couleur rouge dominera sur les routes des d\u00e9parts en week-end avec de nouveau des difficult\u00e9s sur l\u2019A7 entre Lyon et Orange de 11h \u00e0 17h.<\/p>\n<p>Il faudra une nouvelle fois faire preuve de patience ce dimanche. Bison Fut\u00e9 hisse le drapeau rouge dans le sens des retours, et m\u00eame noir sur le quart nord-ouest de la France.<\/p>\n<blockquote class=\"twitter-tweet\"><p>&#13;<\/p>\n<p dir=\"ltr\" lang=\"fr\">\ud83d\ude97\ud83d\udca8 Pr\u00e9visions de circulation Bison Fut\u00e9 pour le week-end de l\u2019ascension, une p\u00e9riode propice aux d\u00e9placements.<\/p>\n<p>Voici les pr\u00e9visions pour les journ\u00e9es concern\u00e9es \ud83d\udea7 :<\/p>\n<p>\ud83d\uddd3 Mercredi 28 mai 2025<br \/>&#13;<br \/>\n\ud83d\udd34 Sens des d\u00e9parts : Circulation tr\u00e8s difficile au niveau national.<br \/>&#13;<br \/>\n\ud83d\udfe0 Sens des\u2026 <a href=\"https:\/\/t.co\/12AAS7eXVu\">pic.twitter.com\/12AAS7eXVu<\/a><\/p>\n<p>&#13;<br \/>\n\u2014 Pr\u00e9f\u00e8te de r\u00e9gion Auvergne-Rh\u00f4ne-Alpes et du Rh\u00f4ne (@prefetrhone) <a href=\"https:\/\/twitter.com\/prefetrhone\/status\/1927230375970980010?ref_src=twsrc%5Etfw\" target=\"_blank\" rel=\"noopener\">May 27, 2025<\/a><\/p><\/blockquote>\n<p>\t\t  <script async src=\"https:\/\/platform.twitter.com\/widgets.js\" charset=\"utf-8\"><\/script><\/p>\n","protected":false},"excerpt":{"rendered":"Un nouveau week-end prolong\u00e9 s\u2019annonce. Patience sera le ma\u00eetre-mot des prochains jours pour les automobilistes. Bison Fut\u00e9 annonce&hellip;\n","protected":false},"author":2,"featured_media":131864,"comment_status":"","ping_status":"","sticky":false,"template":"","format":"standard","meta":{"footnotes":""},"categories":[1889],"tags":[1111,11,2813,2190,2430,1109,251,1112,2811,1777,674,118,1011,27,1922,1110,1114,2428,2810,12,241,316,25,2812,517,800],"class_list":{"0":"post-131863","1":"post","2":"type-post","3":"status-publish","4":"format-standard","5":"has-post-thumbnail","7":"category-lyon","8":"tag-actu","9":"tag-actualites","10":"tag-article","11":"tag-asvel","12":"tag-auvergne-rhone-alpes","13":"tag-breves","14":"tag-culture","15":"tag-depeches","16":"tag-economique","17":"tag-eu","18":"tag-europe","19":"tag-faits-divers","20":"tag-fr","21":"tag-france","22":"tag-info","23":"tag-informations","24":"tag-infos","25":"tag-lyon","26":"tag-lyonmag","27":"tag-news","28":"tag-ol","29":"tag-politique","30":"tag-republique-francaise","31":"tag-sociale","32":"tag-sport","33":"tag-transports"},"share_on_mastodon":{"url":"https:\/\/pubeurope.com\/@fr\/114580036291909655","error":""},"_links":{"self":[{"href":"https:\/\/www.europesays.com\/fr\/wp-json\/wp\/v2\/posts\/131863","targetHints":{"allow":["GET"]}}],"collection":[{"href":"https:\/\/www.europesays.com\/fr\/wp-json\/wp\/v2\/posts"}],"about":[{"href":"https:\/\/www.europesays.com\/fr\/wp-json\/wp\/v2\/types\/post"}],"author":[{"embeddable":true,"href":"https:\/\/www.europesays.com\/fr\/wp-json\/wp\/v2\/users\/2"}],"replies":[{"embeddable":true,"href":"https:\/\/www.europesays.com\/fr\/wp-json\/wp\/v2\/comments?post=131863"}],"version-history":[{"count":0,"href":"https:\/\/www.europesays.com\/fr\/wp-json\/wp\/v2\/posts\/131863\/revisions"}],"wp:featuredmedia":[{"embeddable":true,"href":"https:\/\/www.europesays.com\/fr\/wp-json\/wp\/v2\/media\/131864"}],"wp:attachment":[{"href":"https:\/\/www.europesays.com\/fr\/wp-json\/wp\/v2\/media?parent=131863"}],"wp:term":[{"taxonomy":"category","embeddable":true,"href":"https:\/\/www.europesays.com\/fr\/wp-json\/wp\/v2\/categories?post=131863"},{"taxonomy":"post_tag","embeddable":true,"href":"https:\/\/www.europesays.com\/fr\/wp-json\/wp\/v2\/tags?post=131863"}],"curies":[{"name":"wp","href":"https:\/\/api.w.org\/{rel}","templated":true}]}}