{"id":131865,"date":"2025-05-27T13:29:09","date_gmt":"2025-05-27T13:29:09","guid":{"rendered":"https:\/\/www.europesays.com\/fr\/131865\/"},"modified":"2025-05-27T13:29:09","modified_gmt":"2025-05-27T13:29:09","slug":"lyon-le-cout-des-reunions-de-gregory-doucet-fait-grincer-des-dents-le-maire-se-defend","status":"publish","type":"post","link":"https:\/\/www.europesays.com\/fr\/131865\/","title":{"rendered":"Lyon. Le co\u00fbt des r\u00e9unions de Gr\u00e9gory Doucet fait grincer des dents, le maire se d\u00e9fend"},"content":{"rendered":"<p>            Par<br \/>\n        <strong><br \/>\n            <a href=\"https:\/\/actu.fr\/auteur\/nicolas-zaugra\" title=\"Consulter tous les articles de Nicolas Zaugra\" rel=\"nofollow noopener\" target=\"_blank\">Nicolas Zaugra<\/a><br \/>\n        <\/strong><\/p>\n<p>        Publi\u00e9 le<\/p>\n<p>            27 mai 2025 \u00e0 14h53        <\/p>\n<p>Un d\u00e9but de campagne \u00e9lectorale ou pas ? Pour quel co\u00fbt ? Le lancement lundi 26 mai 2025 d\u2019une tourn\u00e9e des neuf arrondissements de <a href=\"https:\/\/actu.fr\/auvergne-rhone-alpes\/lyon_69123\" rel=\"nofollow noopener\" target=\"_blank\">Lyon<\/a> par le maire <a href=\"https:\/\/actu.fr\/auvergne-rhone-alpes\/lyon_69123\/lyon-gregory-doucet-veut-defendre-son-bilan-une-polemique-enfle_62686094.html\" rel=\"nofollow noopener\" target=\"_blank\">Gr\u00e9gory Doucet<\/a> continue de provoquer de vives pol\u00e9miques avec son opposition. Des \u00e9lus d\u00e9noncent une d\u00e9pense allant jusqu\u2019\u00e0 700 000 euros pour financer cette op\u00e9ration. \u00ab\u00a0Faux\u00a0\u00bb, r\u00e9pond le maire. Au tour aussi de <a href=\"https:\/\/actu.fr\/auvergne-rhone-alpes\/lyon_69123\/lyon-municipales-2026-jean-michel-aulas-propose-de-supprimer-le-cabinet-du-maire_62690848.html\" rel=\"nofollow noopener\" target=\"_blank\">Jean-Michel Aulas<\/a> de se m\u00ealer de la pol\u00e9mique.<\/p>\n<p class=\" wall-content\">Moins d\u2019un an avant les <a href=\"https:\/\/actu.fr\/tag\/municipales-2026\" rel=\"nofollow noopener\" target=\"_blank\">municipales<\/a>, Gr\u00e9gory Doucet s\u2019est lanc\u00e9 dans une op\u00e9ration de \u00ab\u00a0redevabilit\u00e9\u00a0\u00bb comme il le dit.<\/p>\n<p class=\" wall-content\">Pour cette fin de mandat, il <strong>veut \u00ab\u00a0rendre des comptes \u00e0 tous les Lyonnais\u00a0\u00bb.<\/strong> Pour l\u2019occasion : neuf r\u00e9unions, une par arrondissement, sont pr\u00e9vues du 26 mai au 12 juin, un livret de 65 pages a \u00e9t\u00e9 imprim\u00e9 sur les actions men\u00e9es par la mairie, une campagne de communication a \u00e9t\u00e9 lanc\u00e9e (affiches, site internet), un clip a \u00e9t\u00e9 tourn\u00e9, des distributions de tracts r\u00e9alis\u00e9es sur des march\u00e9s\u2026<\/p>\n<p>\u00ab\u00a0Injuste\u00a0\u00bb, \u00ab\u00a0choquant\u00a0\u00bb, \u00ab\u00a0manque de transparence\u00a0\u00bb<\/p>\n<p class=\" wall-content\">Une op\u00e9ration de communication qui emprunte les codes d\u2019une campagne \u00e9lectorale et fait bondir l\u2019opposition. \u00ab\u00a0\u00c0 Lyon, les \u00e9cologistes organisent leurs r\u00e9unions de campagne\u2026 avec l\u2019argent des Lyonnais. Pendant que les autres candidats financent leurs salles et tracts, Gr\u00e9gory Doucet utilise les moyens de la Ville. C\u2019est injuste, et c\u2019est choquant\u00a0\u00bb, fulmine, <a href=\"https:\/\/actu.fr\/auvergne-rhone-alpes\/lyon_69123\/lyon-pierre-oliver-accuse-gregory-doucet-de-faire-sa-campagne-avec-l-argent-des-lyonnais_62632452.html\" rel=\"nofollow noopener\" target=\"_blank\">Pierre Oliver<\/a> (LR), candidat aux municipales.<\/p>\n<p class=\" wall-content\">\u00ab\u00a0Litt\u00e9ralement, ils se paient un bilan de mandat dans toutes les boites aux lettres de la ville. Dans le 2e, je suis en train d\u2019\u00e9tudier comment suspendre la distribution\u00a0\u00bb, expliquait le candidat il y a quelques jours \u00e0 actu Lyon.<\/p>\n<p>La somme de 700 000 euros \u00e9voqu\u00e9e par l\u2019opposition<\/p>\n<p class=\" wall-content\">Il d\u00e9nonce une \u00ab\u00a0honteuse utilisation de l\u2019argent du contribuable pour faire la campagne municipale des \u00e9lus EELV\u00a0\u00bb, une op\u00e9ration qui co\u00fbterait selon lui \u00ab\u00a0entre 400 et 700 000 \u20ac\u00a0\u00bb.<\/p>\n<p class=\" wall-content\">Pour <a href=\"https:\/\/actu.fr\/auvergne-rhone-alpes\/lyon_69123\/lyon-thomas-rudigoz-se-lance-aux-municipales-on-va-defaire-la-zone-a-trafic-limite_62398189.html\" rel=\"nofollow noopener\" target=\"_blank\">Thomas Rudigoz<\/a>, conseiller d\u2019opposition (Renaissance), m\u00eame critique. C\u2019est une op\u00e9ration \u00e9lectorale. L\u2019ancien d\u00e9put\u00e9 maintient le chiffre de 700 000 euros, \u00ab\u00a0selon ses estimations\u00a0\u00bb en listant un certain nombre de d\u00e9penses.<\/p>\n<p class=\" wall-content\">Il cite notamment l\u2019\u00e9dition sp\u00e9ciale du magazine municipal qui int\u00e8gre un suppl\u00e9ment de 65 pages sur le bilan (plus de 200 000 euros selon lui), le \u00ab\u00a0co\u00fbt des espaces publicitaires achet\u00e9s\u00a0\u00bb comme les affiches dans la rue, \u00ab\u00a0la s\u00e9rie de vid\u00e9os et de publicit\u00e9s sur l\u2019op\u00e9ration \u00e7a change quoi\u00a0\u00bb, l\u2019organisation de 21 rencontres dans les arrondissements dans la rue, l\u2019organisation des neuf r\u00e9unions publiques\u2026<\/p>\n<p>Gr\u00e9gory Doucet \u00ab\u00a0d\u00e9pense sans compter\u00a0\u00bb<\/p>\n<p class=\" wall-content\">L\u2019\u00e9lu d\u2019opposition demande un \u00ab\u00a0chiffrage clair et transparent\u00a0\u00bb incluant toutes les d\u00e9penses pour l\u2019organisation de cette op\u00e9ration de communication du maire.\u00a0<\/p>\n<p class=\" wall-content\">Pour l\u2019ancien maire et opposant <a href=\"https:\/\/actu.fr\/auvergne-rhone-alpes\/lyon_69123\/lyon-municipales-georges-kepenekian-et-jean-michel-aulas-se-claquent-la-porte-au-nez-pas-d-alliance-en-vue_62643191.html\" rel=\"nofollow noopener\" target=\"_blank\">Georges K\u00e9p\u00e9n\u00e9kian<\/a> et David Kimelfeld, m\u00eame son de cloche : ils regrettent une \u00ab\u00a0confusion entre communication et enjeux \u00e9lectoraux qui nuit \u00e0 la s\u00e9r\u00e9nit\u00e9 du d\u00e9bat d\u00e9mocratique et alimente la d\u00e9fiance des citoyens\u00a0\u00bb et demandent au maire de Lyon \u00ab\u00a0de faire toute la lumi\u00e8re sur les conditions d\u2019organisation de ces r\u00e9unions.\u00a0\u00bb<\/p>\n<p class=\" wall-content\">Jean-Michel Aulas s\u2019en est aussi m\u00eal\u00e9 ce lundi en <strong>accusant Gr\u00e9gory Doucet de \u00ab\u00a0d\u00e9penser sans compter\u00a0\u00bb.<\/strong><\/p>\n<p class=\" wall-content\">\n<p>Le maire de Lyon d\u00e9fend une op\u00e9ration \u00e0 228 000 euros<\/p>\n<p class=\" wall-content\">Interrog\u00e9 lundi soir par la presse, Gr\u00e9gory Doucet s\u2019est montr\u00e9 tr\u00e8s agac\u00e9. \u00ab\u00a0Je suis un peu choqu\u00e9 par votre question\u00a0\u00bb, a r\u00e9agi le maire. Il s\u2019est \u00e9mu que la presse relaie les chiffres avanc\u00e9s par l\u2019opposition. \u00ab\u00a0Cela laisse \u00e0 penser que deux v\u00e9rit\u00e9s co-existent. Quand nous faisons des calculs pour \u00e9valuer le co\u00fbt, nous sommes s\u00fbrs de nos calculs\u00a0\u00bb.<\/p>\n<p class=\" wall-content\">Gr\u00e9gory Doucet d\u00e9nonce des \u00ab\u00a0mensonges\u00a0\u00bb et une \u00ab\u00a0v\u00e9rit\u00e9 transform\u00e9e\u00a0\u00bb.<strong> \u00ab\u00a0228 000 euros, c\u2019est pr\u00e9cis\u00e9ment ce que co\u00fbte l\u2019exercice de redevabilit\u00e9 que nous r\u00e9alisons.<\/strong> Dans cette somme, il y a le livret re\u00e7u par les Lyonnais avec le magazine municipal, les permanences dans l\u2019espace public, des r\u00e9unions publiques\u2026 Tout cela n\u00e9cessite d\u2019investir de l\u2019argent public. Si on ne met pas \u00e7a sur la table, on ne fait rien ? Ce n\u2019est pas ma fa\u00e7on de voir les choses. Rendre compte, \u00e7a a un co\u00fbt, la d\u00e9mocratie \u00e7a a un prix\u00a0\u00bb.<\/p>\n<blockquote class=\"ac-article-quote wall-content\">\n<p>On n\u2019est pas dans un exercice de pr\u00e9paration de campagne ou \u00e9lectoral. Un bilan, c&rsquo;est ce qu&rsquo;on fait, ce qu&rsquo;on a r\u00e9alis\u00e9, ce qui peut se constater. On nous a confi\u00e9 une responsabilit\u00e9, c&rsquo;est fondamental. <\/p>\n<p>    <strong>Gr\u00e9gory Doucet<\/strong>\n            <\/p><\/blockquote>\n<p class=\" wall-content\">Dans l\u2019entourage du maire de Lyon, on s\u2019agace de la pol\u00e9mique. Le co\u00fbt de 228 000 euros est maintenu. \u00ab\u00a0Quand on accuse, on apporte des preuves, sinon c\u2019est de la d\u00e9magogie, du mensonge et pas \u00e0 la hauteur d\u2019un responsable politique\u00a0\u00bb, glissait-on \u00e0 l\u2019h\u00f4tel de ville mi-mai.<\/p>\n<p class=\" wall-content\">Suivez toute l\u2019actualit\u00e9 de vos villes et m\u00e9dias favoris en vous inscrivant \u00e0 <a href=\"https:\/\/moncompte.actu.fr\" title=\"D\u00e9couvez Mon Actu\" rel=\"nofollow noopener\" data-trk=\"{&quot;cta&quot;:{&quot;action&quot;:&quot;https:\\\/\\\/moncompte.actu.fr&quot;,&quot;category&quot;:&quot;mon compte&quot;,&quot;from&quot;:&quot;article footer&quot;,&quot;name&quot;:&quot;Mon actu&quot;,&quot;type&quot;:&quot;cta&quot;}}\" target=\"_blank\">Mon Actu<\/a>.<\/p>\n<ul class=\"ac-article-tag wall-content\">\n<li><a href=\"https:\/\/actu.fr\/tag\/gregory-doucet\" data-trk=\"{&quot;cta&quot;:{&quot;action&quot;:&quot;Gr\\u00e9gory Doucet&quot;,&quot;category&quot;:&quot;tag&quot;,&quot;from&quot;:&quot;article footer&quot;,&quot;name&quot;:&quot;Gr\\u00e9gory Doucet&quot;,&quot;type&quot;:&quot;cta&quot;}}\" rel=\"nofollow noopener\" target=\"_blank\">#Gr\u00e9gory Doucet<\/a><\/li>\n<li><a href=\"https:\/\/actu.fr\/tag\/municipales-2026\" data-trk=\"{&quot;cta&quot;:{&quot;action&quot;:&quot;Municipales 2026&quot;,&quot;category&quot;:&quot;tag&quot;,&quot;from&quot;:&quot;article footer&quot;,&quot;name&quot;:&quot;Municipales 2026&quot;,&quot;type&quot;:&quot;cta&quot;}}\" rel=\"nofollow noopener\" target=\"_blank\">#Municipales 2026<\/a><\/li>\n<\/ul>\n","protected":false},"excerpt":{"rendered":"Par Nicolas Zaugra Publi\u00e9 le 27 mai 2025 \u00e0 14h53 Un d\u00e9but de campagne \u00e9lectorale ou pas ?&hellip;\n","protected":false},"author":2,"featured_media":131866,"comment_status":"","ping_status":"","sticky":false,"template":"","format":"standard","meta":{"footnotes":""},"categories":[1889],"tags":[1111,11,2430,1777,674,1011,27,5226,2428,3434,12,316,25],"class_list":{"0":"post-131865","1":"post","2":"type-post","3":"status-publish","4":"format-standard","5":"has-post-thumbnail","7":"category-lyon","8":"tag-actu","9":"tag-actualites","10":"tag-auvergne-rhone-alpes","11":"tag-eu","12":"tag-europe","13":"tag-fr","14":"tag-france","15":"tag-gregory-doucet","16":"tag-lyon","17":"tag-municipales-2026","18":"tag-news","19":"tag-politique","20":"tag-republique-francaise"},"share_on_mastodon":{"url":"https:\/\/pubeurope.com\/@fr\/114580040160600796","error":""},"_links":{"self":[{"href":"https:\/\/www.europesays.com\/fr\/wp-json\/wp\/v2\/posts\/131865","targetHints":{"allow":["GET"]}}],"collection":[{"href":"https:\/\/www.europesays.com\/fr\/wp-json\/wp\/v2\/posts"}],"about":[{"href":"https:\/\/www.europesays.com\/fr\/wp-json\/wp\/v2\/types\/post"}],"author":[{"embeddable":true,"href":"https:\/\/www.europesays.com\/fr\/wp-json\/wp\/v2\/users\/2"}],"replies":[{"embeddable":true,"href":"https:\/\/www.europesays.com\/fr\/wp-json\/wp\/v2\/comments?post=131865"}],"version-history":[{"count":0,"href":"https:\/\/www.europesays.com\/fr\/wp-json\/wp\/v2\/posts\/131865\/revisions"}],"wp:featuredmedia":[{"embeddable":true,"href":"https:\/\/www.europesays.com\/fr\/wp-json\/wp\/v2\/media\/131866"}],"wp:attachment":[{"href":"https:\/\/www.europesays.com\/fr\/wp-json\/wp\/v2\/media?parent=131865"}],"wp:term":[{"taxonomy":"category","embeddable":true,"href":"https:\/\/www.europesays.com\/fr\/wp-json\/wp\/v2\/categories?post=131865"},{"taxonomy":"post_tag","embeddable":true,"href":"https:\/\/www.europesays.com\/fr\/wp-json\/wp\/v2\/tags?post=131865"}],"curies":[{"name":"wp","href":"https:\/\/api.w.org\/{rel}","templated":true}]}}