{"id":131877,"date":"2025-05-27T13:35:15","date_gmt":"2025-05-27T13:35:15","guid":{"rendered":"https:\/\/www.europesays.com\/fr\/131877\/"},"modified":"2025-05-27T13:35:15","modified_gmt":"2025-05-27T13:35:15","slug":"appartement-proche-de-paris-charme-atypique-le-documentaire-de-marion-angelosanto-sur-le-sauvetage-de-son-immeuble-a-pantin","status":"publish","type":"post","link":"https:\/\/www.europesays.com\/fr\/131877\/","title":{"rendered":"\u00ab\u00a0Appartement proche de Paris, charme atypique\u00a0\u00bb\u00a0: le documentaire de Marion Angelosanto sur le sauvetage de son immeuble \u00e0 Pantin"},"content":{"rendered":"<p>Avec humour, et comme une forme de politesse du d\u00e9sespoir, la r\u00e9alisatrice Marion Angelosanto raconte la tentative de sauvetage de son immeuble, \u00e0 Pantin. Et la fa\u00e7on dont, apr\u00e8s six ans de lutte, elle a jet\u00e9 l\u2019\u00e9ponge. Elle a achet\u00e9 son appartement, au 4e \u00e9tage d\u2019un joli immeuble en briques, dans le quartier des Quatre-Chemins \u00e0 Pantin.<\/p>\n<p>Ce secteur jouxte Aubervilliers d\u2019un c\u00f4t\u00e9, et <a href=\"https:\/\/www.humanite.fr\/societe\/benevolat\/en-2024-nous-avions-decompte-3-492-personnes-dans-la-rue-avec-ces-parisiens-qui-sengagent-pour-la-nuit-de-la-solidarite-2025\" target=\"_blank\" rel=\"noopener\">la porte de la Villette<\/a>, donc Paris, de l\u2019autre. Elle a \u00e9t\u00e9 heureuse dans ce lieu\u00a0: contente de mettre ses pas dans ceux de ses grands-parents, qui ont habit\u00e9 le coin\u00a0; contente de la fa\u00e7on dont elle a arrang\u00e9 son nid, avec une vue sur les toits rouges, de belles lumi\u00e8res au coucher et au lever du soleil. Elle aime aussi ce petit concentr\u00e9 de <a href=\"https:\/\/www.humanite.fr\/societe\/discrimination-au-travail\/repression-antisyndicale-en-seine-saint-denis-pourquoi-cinq-enseignants-sont-menaces-de-mutation-forcee\" target=\"_blank\" rel=\"noopener\">Seine-Saint-Denis<\/a> et d\u2019humanit\u00e9, o\u00f9 se c\u00f4toient \u00ab\u00a0ouvriers, retrait\u00e9s, agent de s\u00e9curit\u00e9, aide-soignant, intermittents\u2026\u00a0\u00bb, et o\u00f9 l\u2019on parle \u00ab\u00a0arabe, berb\u00e8re ou chinois\u00a0\u00bb.<\/p>\n<p>Un certain m\u00e9pris institutionnel des pauvres<\/p>\n<p>Sauf qu\u2019en 2019 la pr\u00e9fecture a lanc\u00e9 un avis de p\u00e9ril sur l\u2019immeuble. Et pour cause\u00a0: des dizaines de rats se baladent dans la cour, les murs moisis cloquent et sont bouff\u00e9s par les champignons. Alors, avec les copropri\u00e9taires, elle d\u00e9cide de changer de syndic, tombe sur une femme tr\u00e8s dynamique qui remue ciel et terre, rappelle la loi, fait entrer les 50\u00a0000\u00a0euros d\u2019impay\u00e9s de l\u2019immeuble. Et tout progresse\u00a0: la porte est repeinte, puis la cage d\u2019escalier, les marches sont ponc\u00e9es. Les locataires, parfois tr\u00e8s malmen\u00e9s par leurs propri\u00e9taires, s\u2019investissent \u00e0 fond dans le lieu.<\/p>\n<p>Mais les catastrophes s\u2019encha\u00eenent. D\u2019abord le d\u00e9placement du trafic de crack par <a href=\"https:\/\/www.humanite.fr\/societe\/cglpl\/un-delaissement-coupable-la-controleure-des-prisons-fustige-les-effets-dannonce-de-gerald-darmanin\" target=\"_blank\" rel=\"noopener\">G\u00e9rald Darmanin<\/a>, dans ce quartier dont la densit\u00e9 de population est importante, mais qu\u2019il a estim\u00e9, lui, de la place Beauvau, \u00ab\u00a0sans riverains\u00a0\u00bb. Sans \u00ab\u00a0riverains parisiens\u00a0\u00bb, corrige exc\u00e9d\u00e9e la r\u00e9alisatrice. Des propri\u00e9taires ind\u00e9licats refusent de r\u00e9parer des fuites qui fragilisent tout un \u00e9tage. Les instances cens\u00e9es aider financi\u00e8rement les travaux jettent l\u2019\u00e9ponge, et rendent impossible toute r\u00e9novation s\u00e9rieuse. Certains propri\u00e9taires, <a href=\"https:\/\/www.humanite.fr\/societe\/marchands-de-sommeil\/apres-4-ans-de-traque-le-marchand-de-sommeil-millionnaire-a-ete-retrouve-en-israel-et-va-enfin-indemniser-ses-victimes\" target=\"_blank\" rel=\"noopener\">v\u00e9ritables marchands de sommeil<\/a>, ont m\u00eame recours \u00e0 l\u2019intimidation et \u00e0 la menace sur leur locataire.<\/p>\n<p>Le documentaire en dit long, tr\u00e8s long, sur un certain m\u00e9pris institutionnel des pauvres, et des quartiers populaires. Et sur la faiblesse de l\u2019action publique contre le mal-logement\u00a0: une des voisines de Marion Angelosanto, expuls\u00e9e de son logement, a eu droit \u00e0 une indemnisation \u00ab\u00a0royale\u00a0\u00bb de 400\u00a0euros. Les responsables\u00a0? Ils courent toujours, et on ne leur demande pas de comptes. \u00c0 voir absolument, pour la pertinence du propos et la vivacit\u00e9 du ton.<\/p>\n<p class=\"wp-block-huma-titre-oeuvre\">Appartement proche Paris, charme atypique, Arte, mercredi 28\u00a0mai \u00e0 22\u00a0h\u00a045.<\/p>\n<p>Au plus pr\u00e8s de celles et ceux qui cr\u00e9ent<\/p>\n<p>L\u2019Humanit\u00e9 a toujours revendiqu\u00e9 l\u2019id\u00e9e que <strong>la culture n\u2019est pas une marchandise<\/strong>, qu\u2019elle est une condition de la vie politique et de l\u2019\u00e9mancipation humaine.<\/p>\n<p>Face \u00e0 des politiques culturelles lib\u00e9rales, qui fragilisent le service public de la culture, le journal rend compte de la r\u00e9sistance des cr\u00e9ateurs et de tous les personnels de la culture, mais aussi des solidarit\u00e9s du public.<\/p>\n<p>Les partis pris insolites, audacieux, singuliers sont la marque de fabrique des pages culture du journal. Nos journalistes explorent <strong>les coulisses du monde de la culture et la gen\u00e8se des \u0153uvres<\/strong> qui font et bousculent l\u2019actualit\u00e9.<\/p>\n<p><strong>Aidez-nous \u00e0 d\u00e9fendre une id\u00e9e ambitieuse de la culture\u00a0!<\/strong><br \/><a href=\"https:\/\/www.humanite.fr\/lhumanite-cest-vous\" target=\"_blank\" rel=\"noopener\">Je veux en savoir plus\u00a0!<\/a><\/p>\n","protected":false},"excerpt":{"rendered":"Avec humour, et comme une forme de politesse du d\u00e9sespoir, la r\u00e9alisatrice Marion Angelosanto raconte la tentative de&hellip;\n","protected":false},"author":2,"featured_media":131878,"comment_status":"","ping_status":"","sticky":false,"template":"","format":"standard","meta":{"footnotes":""},"categories":[1888],"tags":[11,6835,15463,1190,1777,674,1011,27,7998,25667,12,25668,626,25],"class_list":{"0":"post-131877","1":"post","2":"type-post","3":"status-publish","4":"format-standard","5":"has-post-thumbnail","7":"category-paris","8":"tag-actualites","9":"tag-arte","10":"tag-crack","11":"tag-documentaire","12":"tag-eu","13":"tag-europe","14":"tag-fr","15":"tag-france","16":"tag-lutte","17":"tag-mal-logu00e9s","18":"tag-news","19":"tag-pantin","20":"tag-paris","21":"tag-republique-francaise"},"share_on_mastodon":{"url":"https:\/\/pubeurope.com\/@fr\/114580063831927667","error":""},"_links":{"self":[{"href":"https:\/\/www.europesays.com\/fr\/wp-json\/wp\/v2\/posts\/131877","targetHints":{"allow":["GET"]}}],"collection":[{"href":"https:\/\/www.europesays.com\/fr\/wp-json\/wp\/v2\/posts"}],"about":[{"href":"https:\/\/www.europesays.com\/fr\/wp-json\/wp\/v2\/types\/post"}],"author":[{"embeddable":true,"href":"https:\/\/www.europesays.com\/fr\/wp-json\/wp\/v2\/users\/2"}],"replies":[{"embeddable":true,"href":"https:\/\/www.europesays.com\/fr\/wp-json\/wp\/v2\/comments?post=131877"}],"version-history":[{"count":0,"href":"https:\/\/www.europesays.com\/fr\/wp-json\/wp\/v2\/posts\/131877\/revisions"}],"wp:featuredmedia":[{"embeddable":true,"href":"https:\/\/www.europesays.com\/fr\/wp-json\/wp\/v2\/media\/131878"}],"wp:attachment":[{"href":"https:\/\/www.europesays.com\/fr\/wp-json\/wp\/v2\/media?parent=131877"}],"wp:term":[{"taxonomy":"category","embeddable":true,"href":"https:\/\/www.europesays.com\/fr\/wp-json\/wp\/v2\/categories?post=131877"},{"taxonomy":"post_tag","embeddable":true,"href":"https:\/\/www.europesays.com\/fr\/wp-json\/wp\/v2\/tags?post=131877"}],"curies":[{"name":"wp","href":"https:\/\/api.w.org\/{rel}","templated":true}]}}