{"id":13188,"date":"2025-04-09T17:37:26","date_gmt":"2025-04-09T17:37:26","guid":{"rendered":"https:\/\/www.europesays.com\/fr\/13188\/"},"modified":"2025-04-09T17:37:26","modified_gmt":"2025-04-09T17:37:26","slug":"ces-deux-stars-de-la-serie-seraient-en-couple-dans-la-vie","status":"publish","type":"post","link":"https:\/\/www.europesays.com\/fr\/13188\/","title":{"rendered":"Ces deux stars de la s\u00e9rie seraient en couple dans la vie"},"content":{"rendered":"<p>Deux com\u00e9diens de la s\u00e9rie colombienne J\u2019irai cracher sur vos tombes qui cartonne sur Netflix seraient bien plus que des coll\u00e8gues de travail. Ils seraient en couple depuis quelques mois.<\/p>\n<p>Parmi les s\u00e9ries qui font parler en ce moment, il y a <a href=\"https:\/\/www.programme-tv.net\/news\/series-tv\/373699-j-irai-cracher-sur-vos-tombes-netflix-c-est-quoi-cette-nouvelle-serie-dont-vous-connaissez-deja-tous-le-titre\/\" data-api-deeplink=\"teleloisirs:\/\/news\/373699\" target=\"_blank\" rel=\"noopener\">J&rsquo;irai cracher sur vos tombes<\/a>, disponible sur Netflix. <a href=\"https:\/\/www.programme-tv.net\/news\/series-tv\/372849-medusa-netflix-c-est-quoi-cette-serie-haletante-avec-une-star-de-qui-a-tue-sara\/\" data-api-deeplink=\"teleloisirs:\/\/news\/372849\" target=\"_blank\" rel=\"noopener\">\u00c0 l&rsquo;instar de Medusa, il s&rsquo;agit d&rsquo;une s\u00e9rie colombienne<\/a> qui a rapidement int\u00e9gr\u00e9 le classement de la plateforme de streaming. M\u00eame si, \u00e0 ce jour, J&rsquo;irai cracher sur vos tombes a quitt\u00e9 le top 10, elle continue d&rsquo;attirer les abonn\u00e9s. \u00c0 travers ses 60 \u00e9pisodes, la fiction suit Brian O\u2019Connor, un Afro-Am\u00e9ricain qui arrive en Colombie pour venger l\u2019assassinat de son fr\u00e8re Sonny. Pour mener sa mission en toute discr\u00e9tion, il infiltre la redoutable famille Obreg\u00f3n sous le nom de Vinicio Gallo.<\/p>\n<p>J&rsquo;irai cracher sur vos tombes : ces deux stars de la s\u00e9rie sont-elles en couple ?<\/p>\n<p>Parmi les acteurs de <a href=\"https:\/\/www.programme-tv.net\/news\/series-tv\/374293-j-irai-cracher-sur-vos-tombes-les-internautes-s-echarpent-autour-de-l-une-des-series-du-top-netflix\/\" data-api-deeplink=\"teleloisirs:\/\/news\/374293\" target=\"_blank\" rel=\"noopener\">J&rsquo;irai cracher sur vos tombes qui fait r\u00e9agir les internautes<\/a>, on retrouve Melanie Dell&rsquo;Olmo et Juan Fernando S\u00e1nchez, qui jouent respectivement Melissa et Federico. Ces derniers ne seraient pas que de simples camarades de jeu, puisqu&rsquo;ils seraient en couple. Il se trouve que lors des derni\u00e8res f\u00eates de fin d&rsquo;ann\u00e9e, les deux com\u00e9diens ont partag\u00e9 des photos de leurs vacances en duo, \u00e0 Rome en Italie. Si sur leurs premiers posts, ils se sont affich\u00e9s chacun de leur c\u00f4t\u00e9, ils ont publi\u00e9 d&rsquo;autres images plus tard, sur lesquelles ils posent ensemble.<\/p>\n<p>                        J&rsquo;irai cracher sur vos tombes : ces d\u00e9clarations qui veulent dire beaucoup sur une relation entre deux acteurs<\/p>\n<p>Les choses ne s&rsquo;arr\u00eatent pas l\u00e0, puisque Melanie Dell&rsquo;Olmo a publi\u00e9 le message suivant sur Instagram : \u00ab\u00a0Se promener avec le nez rouge \u00e0 cause du froid, boire beaucoup de vin, manger beaucoup de p\u00e2tes et appr\u00e9cier les petits moments avec la meilleure compagnie sont quelques-unes des choses que j&rsquo;ai demand\u00e9es pour ce No\u00ebl (et elles se r\u00e9alisent)\u00a0\u00bb. Un message qui a \u00e9t\u00e9 comment\u00e9 par Juan Fernando Sanchez qui a r\u00e9pondu avec des coeurs rouges. Sur son propre compte, il a ensuite \u00e9crit : \u00ab\u00a0C&rsquo;est No\u00ebl, et c&rsquo;est le moment o\u00f9 l&rsquo;on offre et re\u00e7oit des cadeaux. Personnellement, les plus beaux cadeaux sont la gratitude pour toutes les bonnes et moins bonnes choses qui nous arrivent, partager du temps avec les personnes qui comptent le plus pour nous, s&rsquo;offrir des exp\u00e9riences qui restent grav\u00e9es dans nos m\u00e9moires en r\u00e9compense de nos efforts\u2026 du moins, c&rsquo;est ce que je fais.\u00a0\u00bb Pour l&rsquo;heure, les deux com\u00e9diens n&rsquo;ont rien officialis\u00e9.<\/p>\n<blockquote class=\"instagram-media\" data-instgrm-captioned=\"\" data-instgrm-permalink=\"https:\/\/www.instagram.com\/p\/DD-xnYSsJGG\/?utm_source=ig_embed&amp;utm_campaign=loading\" data-instgrm-version=\"14\" style=\" background:#FFF; border:0; border-radius:3px; box-shadow:0 0 1px 0 rgba(0,0,0,0.5),0 1px 10px 0 rgba(0,0,0,0.15); margin: 1px; max-width:658px; min-width:326px; padding:0; width:99.375%; width:-webkit-calc(100% - 2px); width:calc(100% - 2px);\"\/>\n<p>Article \u00e9crit avec la collaboration de 6m\u00e9dias.<\/p>\n<p>        <script async src=\"\/\/www.instagram.com\/embed.js\"><\/script><\/p>\n","protected":false},"excerpt":{"rendered":"Deux com\u00e9diens de la s\u00e9rie colombienne J\u2019irai cracher sur vos tombes qui cartonne sur Netflix seraient bien plus&hellip;\n","protected":false},"author":2,"featured_media":13189,"comment_status":"","ping_status":"","sticky":false,"template":"","format":"standard","meta":{"footnotes":""},"categories":[1356],"tags":[244,58,59,1011,27,5961,127,1722,1721,129,252,1364],"class_list":{"0":"post-13188","1":"post","2":"type-post","3":"status-publish","4":"format-standard","5":"has-post-thumbnail","7":"category-television","8":"tag-commentaire","9":"tag-divertissement","10":"tag-entertainment","11":"tag-fr","12":"tag-france","13":"tag-jirai-cracher-sur-vos-tombes","14":"tag-netflix","15":"tag-pub-streaming-netflix","16":"tag-su00e9rie-netflix","17":"tag-svod","18":"tag-television","19":"tag-tv"},"share_on_mastodon":{"url":"https:\/\/pubeurope.com\/@fr\/114309224455143226","error":""},"_links":{"self":[{"href":"https:\/\/www.europesays.com\/fr\/wp-json\/wp\/v2\/posts\/13188","targetHints":{"allow":["GET"]}}],"collection":[{"href":"https:\/\/www.europesays.com\/fr\/wp-json\/wp\/v2\/posts"}],"about":[{"href":"https:\/\/www.europesays.com\/fr\/wp-json\/wp\/v2\/types\/post"}],"author":[{"embeddable":true,"href":"https:\/\/www.europesays.com\/fr\/wp-json\/wp\/v2\/users\/2"}],"replies":[{"embeddable":true,"href":"https:\/\/www.europesays.com\/fr\/wp-json\/wp\/v2\/comments?post=13188"}],"version-history":[{"count":0,"href":"https:\/\/www.europesays.com\/fr\/wp-json\/wp\/v2\/posts\/13188\/revisions"}],"wp:featuredmedia":[{"embeddable":true,"href":"https:\/\/www.europesays.com\/fr\/wp-json\/wp\/v2\/media\/13189"}],"wp:attachment":[{"href":"https:\/\/www.europesays.com\/fr\/wp-json\/wp\/v2\/media?parent=13188"}],"wp:term":[{"taxonomy":"category","embeddable":true,"href":"https:\/\/www.europesays.com\/fr\/wp-json\/wp\/v2\/categories?post=13188"},{"taxonomy":"post_tag","embeddable":true,"href":"https:\/\/www.europesays.com\/fr\/wp-json\/wp\/v2\/tags?post=13188"}],"curies":[{"name":"wp","href":"https:\/\/api.w.org\/{rel}","templated":true}]}}