{"id":131883,"date":"2025-05-27T13:38:08","date_gmt":"2025-05-27T13:38:08","guid":{"rendered":"https:\/\/www.europesays.com\/fr\/131883\/"},"modified":"2025-05-27T13:38:08","modified_gmt":"2025-05-27T13:38:08","slug":"les-entreprises-evaluent-les-risques","status":"publish","type":"post","link":"https:\/\/www.europesays.com\/fr\/131883\/","title":{"rendered":"les entreprises \u00e9valuent les risques"},"content":{"rendered":"\n<p>Consulter un avocat avant le d\u00e9part, n\u2019emporter qu\u2019un t\u00e9l\u00e9phone jetable, t\u00e9l\u00e9charger sur le cloud les donn\u00e9es stock\u00e9es sur leur ordinateur afin de pouvoir pr\u00e9senter au contr\u00f4le un ordinateur vierge. Telles sont quelques-unes des consignes donn\u00e9es d\u00e9sormais par les entreprises europ\u00e9ennes avant tout voyage professionnel aux \u00c9tats-Unis, <a class=\"ithalc\" data-ithal=\"lien_externe\" data-ithalc=\"[nav_article]\" target=\"_blank\" href=\"https:\/\/www.ft.com\/content\/41e1e8db-bf4d-435f-ae63-085f8cd28797\" rel=\"nofollow noopener\">rapporte le <strong>Financial Times<\/strong><\/a>.<\/p>\n<p>\u201cM\u00eame si la majorit\u00e9 des voyageurs ne rencontrent aucun probl\u00e8me, les entreprises pr\u00e9parent leur personnel en partance pour les \u00c9tats-Unis \u00e0 d\u2019\u00e9ventuels interrogatoires et les conseillent sur la conduite \u00e0 tenir en cas de fouille de leurs appareils\u201d, t\u00e9moigne une juriste dont les clients se demandent \u201c\u00e0 quoi ils doivent s\u2019attendre\u201d.<\/p>\n<p>En cause, le d\u00e9cret sign\u00e9 par Donald Trump le 20\u00a0janvier, qui met en place des proc\u00e9dures de contr\u00f4le renforc\u00e9es aux fronti\u00e8res pour les \u00e9trangers souhaitant entrer aux \u00c9tats-Unis ainsi que pour ceux qui sont d\u00e9j\u00e0 \u00e9tablis sur place. \u201cCe d\u00e9cret a \u00e9galement pos\u00e9 les bases de nouvelles restrictions de voyage et d\u2019une r\u00e9vision des visas d\u00e9j\u00e0 d\u00e9livr\u00e9s\u201d, pr\u00e9cise le quotidien financier. \u201cDe quoi inciter toutes les organisations \u00e0 r\u00e9\u00e9valuer les risques et les protocoles, \u201cm\u00eame pour les d\u00e9placements professionnels de routine\u201d.<\/p>\n<p>                    Climat de m\u00e9fiance       <\/p>\n<p>Un investisseur bas\u00e9 \u00e0 Londres, qui en est \u00e0 se demander si un voyage d\u2019affaires aux \u00c9tats-Unis \u201cne ressemblerait pas un peu \u00e0\u00a0un voyage en Chine\u201d, explique qu\u2019il incite ses employ\u00e9s \u00e0 \u201cfaire preuve d\u2019une grande prudence\u201d lorsqu\u2019ils emportent leurs t\u00e9l\u00e9phones portables personnels aux \u00c9tats-Unis. de leur c\u00f4t\u00e9, les entreprises technologiques am\u00e9ricaines exhortent leurs employ\u00e9s \u00e9trangers \u00e0 se munir, s\u2019ils doivent voyager, de documents personnels complets, notamment de certificats de mariage, de contrats de location et de fiches de paie, afin de faciliter leur retour.<\/p>\n<p>M\u00eames pr\u00e9cautions du c\u00f4t\u00e9 de certaines universit\u00e9s am\u00e9ricaines, notamment Duke et Columbia, qui conseillent \u00e0 leurs personnels comme \u00e0 leurs \u00e9tudiants \u00e9trangers de ne quitter le pays qu\u2019en cas d\u2019absolue n\u00e9cessit\u00e9. \u00c0 la Commission europ\u00e9enne comme au FMI, on cherche \u00e9galement \u00e0 se pr\u00e9munir contre les mauvaises surprises\u00a0: les collaborateurs envoy\u00e9s en mission aux \u00c9tats-Unis ont \u00e9t\u00e9 \u00e9quip\u00e9s de t\u00e9l\u00e9phones pr\u00e9pay\u00e9s et d\u2019ordinateurs portables basiques.<\/p>\n<p>Ce climat de m\u00e9fiance commence \u00e0 peser sur les r\u00e9servations aupr\u00e8s des compagnies a\u00e9riennes, note le Financial Times.<br \/>\nAux derni\u00e8res nouvelles, Air France-KLM et Lufthansa, notamment, enregistrent des signes de fl\u00e9chissement de la demande sur les lignes transatlantiques de la part des voyageurs d\u2019affaires europ\u00e9ens.<\/p>\n","protected":false},"excerpt":{"rendered":"Consulter un avocat avant le d\u00e9part, n\u2019emporter qu\u2019un t\u00e9l\u00e9phone jetable, t\u00e9l\u00e9charger sur le cloud les donn\u00e9es stock\u00e9es sur&hellip;\n","protected":false},"author":2,"featured_media":131884,"comment_status":"","ping_status":"","sticky":false,"template":"","format":"standard","meta":{"footnotes":""},"categories":[1589],"tags":[11,3822,1856,75,73,1866,12,770,1864,1865,1863,308,586],"class_list":{"0":"post-131883","1":"post","2":"type-post","3":"status-publish","4":"format-standard","5":"has-post-thumbnail","7":"category-etats-unis","8":"tag-actualites","9":"tag-amu00e9riques","10":"tag-courrier-expat","11":"tag-donald-trump","12":"tag-etats-unis","13":"tag-etats-unis-damerique","14":"tag-news","15":"tag-u00e9tats-unis","16":"tag-united-states","17":"tag-united-states-of-america","18":"tag-us","19":"tag-usa","20":"tag-voyage"},"share_on_mastodon":{"url":"https:\/\/pubeurope.com\/@fr\/114580075593973045","error":""},"_links":{"self":[{"href":"https:\/\/www.europesays.com\/fr\/wp-json\/wp\/v2\/posts\/131883","targetHints":{"allow":["GET"]}}],"collection":[{"href":"https:\/\/www.europesays.com\/fr\/wp-json\/wp\/v2\/posts"}],"about":[{"href":"https:\/\/www.europesays.com\/fr\/wp-json\/wp\/v2\/types\/post"}],"author":[{"embeddable":true,"href":"https:\/\/www.europesays.com\/fr\/wp-json\/wp\/v2\/users\/2"}],"replies":[{"embeddable":true,"href":"https:\/\/www.europesays.com\/fr\/wp-json\/wp\/v2\/comments?post=131883"}],"version-history":[{"count":0,"href":"https:\/\/www.europesays.com\/fr\/wp-json\/wp\/v2\/posts\/131883\/revisions"}],"wp:featuredmedia":[{"embeddable":true,"href":"https:\/\/www.europesays.com\/fr\/wp-json\/wp\/v2\/media\/131884"}],"wp:attachment":[{"href":"https:\/\/www.europesays.com\/fr\/wp-json\/wp\/v2\/media?parent=131883"}],"wp:term":[{"taxonomy":"category","embeddable":true,"href":"https:\/\/www.europesays.com\/fr\/wp-json\/wp\/v2\/categories?post=131883"},{"taxonomy":"post_tag","embeddable":true,"href":"https:\/\/www.europesays.com\/fr\/wp-json\/wp\/v2\/tags?post=131883"}],"curies":[{"name":"wp","href":"https:\/\/api.w.org\/{rel}","templated":true}]}}