{"id":131885,"date":"2025-05-27T13:39:15","date_gmt":"2025-05-27T13:39:15","guid":{"rendered":"https:\/\/www.europesays.com\/fr\/131885\/"},"modified":"2025-05-27T13:39:15","modified_gmt":"2025-05-27T13:39:15","slug":"le-royaume-uni-annonce-lever-son-embargo-sur-la-viande-de-canard-francaise","status":"publish","type":"post","link":"https:\/\/www.europesays.com\/fr\/131885\/","title":{"rendered":"Le Royaume-Uni annonce lever son embargo sur la viande de canard fran\u00e7aise"},"content":{"rendered":"<p class=\"fig-paragraph\">Les autorit\u00e9s britanniques ont d\u00e9cid\u00e9 de lever l&#8217;embargo sur l&rsquo;importation de canard fran\u00e7ais, qui avait \u00e9t\u00e9 mis en place en mars 2024 par crainte de la\u00a0<a href=\"http:\/\/www.lefigaro.fr\/conjoncture\/grippe-aviaire-en-deficit-d-oeufs-washington-appelle-a-la-rescousse-20250321\" target=\"_blank\" data-fig-type=\"NewsFlash\" rel=\"noopener\" data-gtm-custom-categorie=\"navigation\" data-gtm-custom-action=\"crossclick\" data-gtm-custom-label=\"Contextuel\" data-gtm-event=\"customEventSPE\" data-fig-domain=\"LEFIGARO\">grippe aviaire<\/a>, a annonc\u00e9 mardi le minist\u00e8re de l&rsquo;Agriculture et de la Souverainet\u00e9 alimentaire. \u00abLes autorit\u00e9s britanniques ont annonc\u00e9 autoriser la reprise des exportations des viandes issues de canards \u00e9lev\u00e9s en France et vaccin\u00e9s contre l&rsquo;Influenza aviaire hautement pathog\u00e8ne (IAHP), \u00e0 compter du 22 mai 2025\u00bb, a affirm\u00e9 le minist\u00e8re dans un communiqu\u00e9 publi\u00e9 mardi.<\/p>\n<p class=\"fig-paragraph\">Le march\u00e9 outre-Manche avait \u00e9t\u00e9 ferm\u00e9 en mars 2024 car \u00ables autorit\u00e9s britanniques avaient alors questionn\u00e9 l&rsquo;efficacit\u00e9 de la surveillance post-vaccination appliqu\u00e9e en France\u00bb. Des \u00e9changes entre la ministre fran\u00e7aise Annie Genevard et le ministre britannique de l&rsquo;alimentation, Daniel Zeichner \u00abont permis un rapprochement des points de vue, fond\u00e9s sur des informations d\u00e9taill\u00e9es transmises par la France\u00bb, pr\u00e9cise le minist\u00e8re dans son communiqu\u00e9.<\/p>\n<p class=\"fig-paragraph\">Les services sanitaires britanniques sont venus faire un audit en France entre le 2 et le 6 d\u00e9cembre 2024 pour \u00abanalyser les programmes de surveillance passive et active\u00bb de la vaccination fran\u00e7aise. \u00abDeux ans apr\u00e8s le d\u00e9but de notre campagne de vaccination, d&rsquo;ampleur in\u00e9dite au plan international, je me f\u00e9licite de la confiance que nous avons su maintenir avec nos partenaires commerciaux\u00bb, s&rsquo;est r\u00e9jouie Annie Genevard, cit\u00e9e dans le communiqu\u00e9, saluant \u00abl&rsquo;engagement de tous les acteurs qui ont contribu\u00e9 \u00e0 ce succ\u00e8s\u00bb.<\/p>\n<p class=\"fig-paragraph\">D\u00e9but mai, le risque de grippe aviaire avait \u00e9t\u00e9 abaiss\u00e9 de \u00abmod\u00e9r\u00e9\u00bb \u00e0 \u00abn\u00e9gligeable\u00bb sur l&rsquo;ensemble du territoire de France m\u00e9tropolitaine du fait d&rsquo;une \u00abam\u00e9lioration de la situation sanitaire\u00bb chez les oiseaux, selon un arr\u00eat\u00e9 publi\u00e9 au Journal officiel. Le niveau \u00abn\u00e9gligeable\u00bb est le plus faible des trois niveaux de risque, \u00e9lev\u00e9, mod\u00e9r\u00e9 et n\u00e9gligeable.<\/p>\n","protected":false},"excerpt":{"rendered":"Les autorit\u00e9s britanniques ont d\u00e9cid\u00e9 de lever l&#8217;embargo sur l&rsquo;importation de canard fran\u00e7ais, qui avait \u00e9t\u00e9 mis en&hellip;\n","protected":false},"author":2,"featured_media":131886,"comment_status":"","ping_status":"","sticky":false,"template":"","format":"standard","meta":{"footnotes":""},"categories":[1588],"tags":[1111,47,11,1117,1109,25669,1112,636,341,257,1777,674,632,1108,107,1106,1107,1119,5698,1116,1110,1114,500,12,1113,1118,137,473,1853,401,1115,1851,1850,1852],"class_list":{"0":"post-131885","1":"post","2":"type-post","3":"status-publish","4":"format-standard","5":"has-post-thumbnail","7":"category-royaume-uni","8":"tag-actu","9":"tag-actualite","10":"tag-actualites","11":"tag-assurance","12":"tag-breves","13":"tag-canard","14":"tag-depeches","15":"tag-devises","16":"tag-emploi","17":"tag-entreprise","18":"tag-eu","19":"tag-europe","20":"tag-fcp","21":"tag-fil","22":"tag-fil-info","23":"tag-flash","24":"tag-flash-actu","25":"tag-formation","26":"tag-grippe-aviaire","27":"tag-immobilier","28":"tag-informations","29":"tag-infos","30":"tag-medias","31":"tag-news","32":"tag-nouvelles","33":"tag-placement","34":"tag-retraite","35":"tag-royaume-uni","36":"tag-royaume-uni-de-grande-bretagne-et-dirlande-du-nord","37":"tag-sicav","38":"tag-taux","39":"tag-uk","40":"tag-united-kingdom","41":"tag-united-kingdom-of-great-britain-and-northern-ireland"},"share_on_mastodon":{"url":"https:\/\/pubeurope.com\/@fr\/114580079459786364","error":""},"_links":{"self":[{"href":"https:\/\/www.europesays.com\/fr\/wp-json\/wp\/v2\/posts\/131885","targetHints":{"allow":["GET"]}}],"collection":[{"href":"https:\/\/www.europesays.com\/fr\/wp-json\/wp\/v2\/posts"}],"about":[{"href":"https:\/\/www.europesays.com\/fr\/wp-json\/wp\/v2\/types\/post"}],"author":[{"embeddable":true,"href":"https:\/\/www.europesays.com\/fr\/wp-json\/wp\/v2\/users\/2"}],"replies":[{"embeddable":true,"href":"https:\/\/www.europesays.com\/fr\/wp-json\/wp\/v2\/comments?post=131885"}],"version-history":[{"count":0,"href":"https:\/\/www.europesays.com\/fr\/wp-json\/wp\/v2\/posts\/131885\/revisions"}],"wp:featuredmedia":[{"embeddable":true,"href":"https:\/\/www.europesays.com\/fr\/wp-json\/wp\/v2\/media\/131886"}],"wp:attachment":[{"href":"https:\/\/www.europesays.com\/fr\/wp-json\/wp\/v2\/media?parent=131885"}],"wp:term":[{"taxonomy":"category","embeddable":true,"href":"https:\/\/www.europesays.com\/fr\/wp-json\/wp\/v2\/categories?post=131885"},{"taxonomy":"post_tag","embeddable":true,"href":"https:\/\/www.europesays.com\/fr\/wp-json\/wp\/v2\/tags?post=131885"}],"curies":[{"name":"wp","href":"https:\/\/api.w.org\/{rel}","templated":true}]}}