{"id":131904,"date":"2025-05-27T13:52:10","date_gmt":"2025-05-27T13:52:10","guid":{"rendered":"https:\/\/www.europesays.com\/fr\/131904\/"},"modified":"2025-05-27T13:52:10","modified_gmt":"2025-05-27T13:52:10","slug":"premiers-essais-libres-avec-williams-pour-victor-martins-a-barcelone","status":"publish","type":"post","link":"https:\/\/www.europesays.com\/fr\/131904\/","title":{"rendered":"Premiers essais libres avec Williams pour Victor Martins \u00e0 Barcelone"},"content":{"rendered":"<p>Alors qu&rsquo;il sort d&rsquo;un week-end difficile \u00e0 vivre en F2 \u00e0 Monaco, ponctu\u00e9 par un abandon d\u00e8s le premier virage de la course principale, <a href=\"https:\/\/fr.motorsport.com\/driver\/victor-martins\/444310\/\" target=\"_blank\" rel=\"noopener\">Victor Martins<\/a> retrouvera \u00e0 coup s\u00fbr le sourire d\u00e8s vendredi prochain. Le pilote fran\u00e7ais, <a href=\"https:\/\/fr.motorsport.com\/f1\/news\/victor-martins-rejoint-williams\/10708605\/\" target=\"_self\" rel=\"noopener\">recrut\u00e9 il y a quelques semaines<\/a> au sein du programme junior de <a href=\"https:\/\/fr.motorsport.com\/team\/williams\/613\/\" target=\"_blank\" rel=\"noopener\">Williams<\/a> apr\u00e8s avoir quitt\u00e9 celui d&rsquo;<a href=\"https:\/\/fr.motorsport.com\/team\/alpine\/37490\/\" target=\"_blank\" rel=\"noopener\">Alpine<\/a>, sera au volant de la FW47 pour la premi\u00e8re s\u00e9ance d&rsquo;essais libres du Grand Prix d&rsquo;Espagne.<\/p>\n<p>C&rsquo;est la premi\u00e8re fois que le pilote de 23 ans, <a href=\"https:\/\/fr.motorsport.com\/fia-f2\/standings\/2025\/\" target=\"_self\" rel=\"noopener\">pour le moment huiti\u00e8me du championnat de F2<\/a>, roulera en F1 dans le cadre d&rsquo;un Grand Prix. Il occupera le baquet de la monoplace d&rsquo;<a href=\"https:\/\/fr.motorsport.com\/driver\/alexander-albon\/109635\/\" target=\"_blank\" rel=\"noopener\">Alexander Albon<\/a>, alors que l&rsquo;\u00e9curie de Grove cochera d\u00e9j\u00e0 une deuxi\u00e8me case sur les quatre d\u00e9volues \u00e0 des jeunes pilotes en essais libres durant l&rsquo;ann\u00e9e. \u00c0 Bahre\u00efn, <a href=\"https:\/\/fr.motorsport.com\/driver\/luke-browning\/952040\/\" target=\"_blank\" rel=\"noopener\">Luke Browning<\/a> avait pris la place de <a href=\"https:\/\/fr.motorsport.com\/driver\/carlos-sainz-jr\/91450\/\" target=\"_blank\" rel=\"noopener\">Carlos Sainz<\/a> pour les EL1 le vendredi.<\/p>\n<p>Victor Martins a r\u00e9cemment particip\u00e9 \u00e0 des essais TPC (tests d&rsquo;anciennes monoplaces) avec Williams \u00e0 Monza, au volant de la FW45 de 2023. Il aura un week-end charg\u00e9 puisque la F2 tient \u00e9galement un meeting en Catalogne en marge du Grand Prix de F1.<\/p>\n<p>\u00ab\u00a0Je suis super heureux de prendre le volant de la FW47 pour la premi\u00e8re fois \u00e0 Barcelone\u00a0\u00bb, se r\u00e9jouit-il. \u00ab\u00a0Ce sera une exp\u00e9rience incroyable de piloter pour l&rsquo;\u00e9quipe. Je travaille dur pour me pr\u00e9parer au maximum, afin de tirer le meilleur parti de mon temps en piste et pour que la s\u00e9ance soit b\u00e9n\u00e9fique \u00e0 la fois pour moi et pour l&rsquo;\u00e9quipe. Je suis extr\u00eamement reconnaissant envers tout le monde chez Atlassian Williams Racing de m&rsquo;offrir cette opportunit\u00e9, et j&rsquo;ai h\u00e2te de savourer chaque seconde \u00ab\u00a0<\/p>\n<p>\u00ab\u00a0Nous sommes fiers que Victor participe \u00e0 sa premi\u00e8re s\u00e9ance en Formule 1 avec Atlassian Williams Racing \u00e0 Barcelone\u00a0\u00bb, ajoute Sven Smeets, directeur sportif de l&rsquo;\u00e9curie. \u00ab\u00a0Il continue de montrer qu&rsquo;il est un pilote talentueux, et cette s\u00e9ance constitue une \u00e9tape importante dans sa carri\u00e8re au sein de notre acad\u00e9mie. Sa participation \u00e0 notre programme TPC et son travail sur simulateur \u00e0 Grove l&rsquo;ont bien pr\u00e9par\u00e9, et nous avons h\u00e2te de le voir \u00e0 l&rsquo;\u0153uvre dans le garage ce week-end.\u00a0\u00bb<\/p>\n<p>Lire aussi :<\/p>\n<p>Dans cet article<\/p>\n<p>    Basile Davoine\n<\/p>\n<p>    Formule 1\n<\/p>\n<p>    Victor Martins\n<\/p>\n<p>    Williams\n<\/p>\n<p>Soyez le premier inform\u00e9 et souscrivez aux alertes mails pour recevoir les infos en temps r\u00e9el<\/p>\n<p>    S&rsquo;abonner aux alertes de news<\/p>\n","protected":false},"excerpt":{"rendered":"Alors qu&rsquo;il sort d&rsquo;un week-end difficile \u00e0 vivre en F2 \u00e0 Monaco, ponctu\u00e9 par un abandon d\u00e8s le&hellip;\n","protected":false},"author":2,"featured_media":131905,"comment_status":"","ping_status":"","sticky":false,"template":"","format":"standard","meta":{"footnotes":""},"categories":[1412],"tags":[25466,1451,1452,1453,1454,1455,1011,27,12529,60,25670,2771],"class_list":{"0":"post-131904","1":"post","2":"type-post","3":"status-publish","4":"format-standard","5":"has-post-thumbnail","7":"category-f1","8":"tag-circuit-de-barcelona-catalunya","9":"tag-f1","10":"tag-formula-1","11":"tag-formula1","12":"tag-formule-1","13":"tag-formule1","14":"tag-fr","15":"tag-france","16":"tag-gp-despagne","17":"tag-sports","18":"tag-victor-martins","19":"tag-williams"},"share_on_mastodon":{"url":"https:\/\/pubeurope.com\/@fr\/114580130561135658","error":""},"_links":{"self":[{"href":"https:\/\/www.europesays.com\/fr\/wp-json\/wp\/v2\/posts\/131904","targetHints":{"allow":["GET"]}}],"collection":[{"href":"https:\/\/www.europesays.com\/fr\/wp-json\/wp\/v2\/posts"}],"about":[{"href":"https:\/\/www.europesays.com\/fr\/wp-json\/wp\/v2\/types\/post"}],"author":[{"embeddable":true,"href":"https:\/\/www.europesays.com\/fr\/wp-json\/wp\/v2\/users\/2"}],"replies":[{"embeddable":true,"href":"https:\/\/www.europesays.com\/fr\/wp-json\/wp\/v2\/comments?post=131904"}],"version-history":[{"count":0,"href":"https:\/\/www.europesays.com\/fr\/wp-json\/wp\/v2\/posts\/131904\/revisions"}],"wp:featuredmedia":[{"embeddable":true,"href":"https:\/\/www.europesays.com\/fr\/wp-json\/wp\/v2\/media\/131905"}],"wp:attachment":[{"href":"https:\/\/www.europesays.com\/fr\/wp-json\/wp\/v2\/media?parent=131904"}],"wp:term":[{"taxonomy":"category","embeddable":true,"href":"https:\/\/www.europesays.com\/fr\/wp-json\/wp\/v2\/categories?post=131904"},{"taxonomy":"post_tag","embeddable":true,"href":"https:\/\/www.europesays.com\/fr\/wp-json\/wp\/v2\/tags?post=131904"}],"curies":[{"name":"wp","href":"https:\/\/api.w.org\/{rel}","templated":true}]}}