{"id":131906,"date":"2025-05-27T13:53:11","date_gmt":"2025-05-27T13:53:11","guid":{"rendered":"https:\/\/www.europesays.com\/fr\/131906\/"},"modified":"2025-05-27T13:53:11","modified_gmt":"2025-05-27T13:53:11","slug":"cyclisme-route-apres-david-gaudu-la-groupama-fdj-prolonge-un-solide-equipier","status":"publish","type":"post","link":"https:\/\/www.europesays.com\/fr\/131906\/","title":{"rendered":"Cyclisme. Route &#8211; Apr\u00e8s David Gaudu&#8230; la Groupama-FDJ prolonge un solide \u00e9quipier"},"content":{"rendered":"<p>Quelques jours apr\u00e8s avoir prolong\u00e9 son leader <strong>David Gaudu<\/strong>, la <strong><a href=\"https:\/\/www.cyclismactu.net\/..\/news-route-david-gaudu-fidele-groupama-fdj-mon-histoire-ici-n-est-pas-finie-87948.html\" target=\"_blank\" rel=\"noopener\">Groupama-FDJ<\/a><\/strong> a annonc\u00e9 une nouvelle prolongation ce lundi. En effet, le puncheur <strong>Quentin Pacher<\/strong> est d\u00e9sormais li\u00e9 \u00e0 la structure fran\u00e7aise jusqu\u2019en 2027. Pr\u00e9sent au sein de l\u2019\u00e9quipe de <strong>Marc Madiot<\/strong> depuis 2022, Pacher s\u2019est rapidement impos\u00e9 comme l\u2019une des valeurs s\u00fbres de l\u2019effectif.<\/p>\n<p>Vid\u00e9o &#8211; Pacher&#8230; battu par Wout Van Aert sur la derni\u00e8re Vuelta Lire la suite de l&rsquo;article&#13;<\/p>\n<p>\u00a0<\/p>\n<p>&#13;<br \/>\n12 Monuments, 7 Grands Tours&#13;<\/p>\n<p>\u00ab\u00a0On l\u2019appelle \u00ab\u00a0Papach\u00a0\u00bb. La barbe rousse, la patte saillante, reconnaissable en danseuse dans n\u2019importe quel peloton. D\u00e9vou\u00e9, fid\u00e8le, le Toulousain Quentin Pacher\u00a0portera nos couleurs jusqu\u2019en 2027&Prime;, a \u00e9crit la <strong>Groupama-FDJ <\/strong>sur son compte X, avant de rappeler quelques chiffres autour de la carri\u00e8re du Fran\u00e7ais. <strong>Quentin Pacher <\/strong>ayant pris le d\u00e9part de 12 Monuments au cours de sa carri\u00e8re (3 tops 20), et 7 Grands Tours (2 fois 2e d&rsquo;\u00e9tape sur <strong>La Vuelta<\/strong>). Il aura 35 ans quand son contrat prendra fin en 2027.<\/p>\n","protected":false},"excerpt":{"rendered":"Quelques jours apr\u00e8s avoir prolong\u00e9 son leader David Gaudu, la Groupama-FDJ a annonc\u00e9 une nouvelle prolongation ce lundi.&hellip;\n","protected":false},"author":2,"featured_media":131907,"comment_status":"","ping_status":"","sticky":false,"template":"","format":"standard","meta":{"footnotes":""},"categories":[1411],"tags":[1154,207,211,1011,27,209,60,210,212,208,213],"class_list":{"0":"post-131906","1":"post","2":"type-post","3":"status-publish","4":"format-standard","5":"has-post-thumbnail","7":"category-cyclisme","8":"tag-cycling","9":"tag-cyclisme","10":"tag-ffc","11":"tag-fr","12":"tag-france","13":"tag-route","14":"tag-sports","15":"tag-tour-de-france","16":"tag-uci","17":"tag-velo","18":"tag-world-tour"},"share_on_mastodon":{"url":"https:\/\/pubeurope.com\/@fr\/114580134626095774","error":""},"_links":{"self":[{"href":"https:\/\/www.europesays.com\/fr\/wp-json\/wp\/v2\/posts\/131906","targetHints":{"allow":["GET"]}}],"collection":[{"href":"https:\/\/www.europesays.com\/fr\/wp-json\/wp\/v2\/posts"}],"about":[{"href":"https:\/\/www.europesays.com\/fr\/wp-json\/wp\/v2\/types\/post"}],"author":[{"embeddable":true,"href":"https:\/\/www.europesays.com\/fr\/wp-json\/wp\/v2\/users\/2"}],"replies":[{"embeddable":true,"href":"https:\/\/www.europesays.com\/fr\/wp-json\/wp\/v2\/comments?post=131906"}],"version-history":[{"count":0,"href":"https:\/\/www.europesays.com\/fr\/wp-json\/wp\/v2\/posts\/131906\/revisions"}],"wp:featuredmedia":[{"embeddable":true,"href":"https:\/\/www.europesays.com\/fr\/wp-json\/wp\/v2\/media\/131907"}],"wp:attachment":[{"href":"https:\/\/www.europesays.com\/fr\/wp-json\/wp\/v2\/media?parent=131906"}],"wp:term":[{"taxonomy":"category","embeddable":true,"href":"https:\/\/www.europesays.com\/fr\/wp-json\/wp\/v2\/categories?post=131906"},{"taxonomy":"post_tag","embeddable":true,"href":"https:\/\/www.europesays.com\/fr\/wp-json\/wp\/v2\/tags?post=131906"}],"curies":[{"name":"wp","href":"https:\/\/api.w.org\/{rel}","templated":true}]}}