{"id":131924,"date":"2025-05-27T14:03:09","date_gmt":"2025-05-27T14:03:09","guid":{"rendered":"https:\/\/www.europesays.com\/fr\/131924\/"},"modified":"2025-05-27T14:03:09","modified_gmt":"2025-05-27T14:03:09","slug":"la-servante-ecarlate-avec-elisabeth-moss-cest-fini-et-non-la-serie-culte-ne-se-termine-pas-bien-spoilers","status":"publish","type":"post","link":"https:\/\/www.europesays.com\/fr\/131924\/","title":{"rendered":"\u00ab\u00a0La Servante \u00e9carlate\u00a0\u00bb avec Elisabeth Moss c\u2019est fini, et non, la s\u00e9rie culte ne se termine pas bien [SPOILERS]"},"content":{"rendered":"<p>        <img decoding=\"async\" loading=\"lazy\" src=\"https:\/\/www.europesays.com\/fr\/wp-content\/uploads\/2025\/05\/fc8ea36_sirius-fs-upload-1-r19misud10gw-1748345173608-handmaid-final.jpg\"  width=\"728\" height=\"409\" alt=\"Elisabeth Moss dans le dernier \u00e9pisode de \u00ab\u00a0La Servante \u00e9carlate\u00a0\u00bb \"\/>  <\/p>\n<p>HULU<\/p>\n<p>Elisabeth Moss dans le dernier \u00e9pisode de \u00ab\u00a0La Servante \u00e9carlate\u00a0\u00bb <\/p>\n<p class=\"asset asset-text\">S\u00c9RIES T\u00c9L\u00c9 &#8211; Gilead a referm\u00e9 ses fronti\u00e8res. Les t\u00e9l\u00e9spectateurs ont d\u00e9couvert l\u2019ultime \u00e9pisode de <a href=\"https:\/\/www.huffingtonpost.fr\/culture\/article\/la-servante-ecarlate-bradley-whitford-tacle-jeff-bezos-et-tous-ceux-presents-a-l-investiture-de-trump_248600.html\" target=\"_blank\" rel=\"noopener\">La Servante \u00e9carlate<\/a> lundi 26\u00a0mai. Apr\u00e8s huit ans et six saisons, <a href=\"https:\/\/www.huffingtonpost.fr\/culture\/article\/avant-la-fin-de-la-servante-ecarlate-elisabeth-moss-a-recupere-des-accessoires-bien-specifiques-de-la-serie_248421.html\" target=\"_blank\" rel=\"noopener\">Elisabeth Moss<\/a> \u2013 alias June Osborne \u2013 est arriv\u00e9e au bout de son chemin. Cette <a href=\"https:\/\/www.huffingtonpost.fr\/culture\/article\/dans-le-final-de-the-last-of-us-sur-max-cette-nouvelle-mort-a-encore-choque-les-telespectateurs_250517.html\" target=\"_blank\" rel=\"noopener\">fin de s\u00e9rie<\/a>, diffus\u00e9e en France sur OCS et Canal+, a offert \u00e0 certains personnages cl\u00e9s une conclusion heureuse, et de l\u2019espoir. Mais pas \u00e0 tous.<\/p>\n<p class=\"asset asset-text\">Adapt\u00e9e du roman \u00e9ponyme de Margaret Atwood, La Servante \u00e9carlate est une dystopie. Dans une Am\u00e9rique fractur\u00e9e par la chute brutale de la natalit\u00e9, un nouvel \u00c9tat na\u00eet\u00a0: Gilead. Il impose \u00e0 certaines femmes un r\u00f4le de servante \u00e9carlate, d\u00e9di\u00e9 \u00e0 la reproduction. Au fil des saisons, June Osborne se rebelle contre le syst\u00e8me de l\u2019int\u00e9rieur puis de l\u2019ext\u00e9rieur, et se fait au passage de nombreux ennemis \u2013 mais aussi des alli\u00e9s.<\/p>\n<p class=\"asset asset-text\">Dans la saison 6, June retourne \u00e0 Gilead pour tenter de lib\u00e9rer sa fille Hannah et faire imploser le syst\u00e8me. Luke et Moira soutiennent eux aussi activement la r\u00e9sistance. Serena fait tout pour pr\u00e9server son fils dans la communaut\u00e9 de New Bethlehem. Tante Lydia comprend qu\u2019elle a particip\u00e9 \u00e0 un syst\u00e8me corrompu et veut sauver Janine. Nick est partag\u00e9 entre son amour pour June et sa fid\u00e9lit\u00e9 \u00e0 Gilead.<\/p>\n<p>Attention, si vous n\u2019avez pas vu l\u2019\u00e9pisode 10\u00a0de la saison 6\u00a0de La Servante \u00e9carlate, ne poursuivez pas votre lecture, cet article contient des spoilers.<\/p>\n<p>         <img decoding=\"async\" loading=\"lazy\" src=\"https:\/\/www.europesays.com\/fr\/wp-content\/uploads\/2025\/05\/e995a29_sirius-fs-upload-1-szxhucxg6d3w-1744039366705-handmaids-3.jpg\"  width=\"728\" height=\"409\" alt=\"Elisabeth Moss incarne June Osborne pour la derni\u00e8re fois dans la s\u00e9rie \u00ab\u00a0La Servante \u00e9carlate\u00a0\u00bb\"\/>  <\/p>\n<p>Hulu<\/p>\n<p>Elisabeth Moss incarne June Osborne pour la derni\u00e8re fois dans la s\u00e9rie \u00ab\u00a0La Servante \u00e9carlate\u00a0\u00bb<\/p>\n<p class=\"asset asset-text\">L\u2019\u00e9pisode 9\u00a0avait \u00e9t\u00e9 un choc pour les t\u00e9l\u00e9spectateurs, l\u2019h\u00e9ro\u00efne \u00e9chappant de peu \u00e0 la pendaison aux c\u00f4t\u00e9s des autres servantes rebelles. June \u00e9tait sauv\u00e9e par la R\u00e9sistance tandis que les sites strat\u00e9giques de Gilead \u00e9taient bombard\u00e9s par l\u2019arm\u00e9e am\u00e9ricaine. Dans un geste de sacrifice ultime, Lawrence embarquait avec une bombe \u00e0 bord de l\u2019avion cens\u00e9 exfiltrer les commandant (et Nick) vers Washington. La faisant exploser dans les airs, il d\u00e9capitait ainsi la t\u00eate de Gilead.<\/p>\n<p class=\"asset asset-text\">L\u2019ultime \u00e9pisode, po\u00e9tiquement intitul\u00e9 La Servante \u00e9carlate, est beaucoup moins stressant mais plus \u00e9mouvant. Tante Lydia organise l\u2019exfiltration de Janine et surtout de sa fille Angela, leur offrant des retrouvailles larmoyantes. Serena et Noah s\u2019en vont eux aussi vers une destination \u00ab\u00a0s\u00fbre\u00a0\u00bb. Non sans un dernier \u00e9change \u00e0 c\u0153ur ouvert avec June, au cours duquel Serena s\u2019excuse pour la premi\u00e8re fois. Luke, pour sa part, veut continuer \u00e0 d\u00e9manteler ce qu\u2019il reste de Gilead.<\/p>\n<p>    La lib\u00e9ration de June    <\/p>\n<p class=\"asset asset-text\">June traverse les rues de Boston lib\u00e9r\u00e9e, o\u00f9 des feux de joie br\u00fblent, mais o\u00f9 des soldats de Gilead sont ex\u00e9cut\u00e9s. Au d\u00e9tour d\u2019une rue, l\u2019ancienne servante \u00e9carlate croise Emily (Alexis Bledel), qui lui r\u00e9v\u00e8le avoir travaill\u00e9 pour Mayday en secret, comme Martha depuis plusieurs ann\u00e9es, loin de sa femme et de leur fils rest\u00e9s au Canada. Mark aussi, l\u2019agent de l\u2019arm\u00e9e am\u00e9ricaine qui prot\u00e8ge June depuis la saison 4, lui explique avoir laiss\u00e9 son fils \u00e0 Hawai pour mener ce \u00ab\u00a0combat juste\u00a0\u00bb. Tout m\u00e8ne June \u00e0 la d\u00e9cision qu\u2019elle sait devoir prendre elle aussi.<\/p>\n<p class=\"asset asset-text\">Apr\u00e8s une sc\u00e8ne d\u2019au revoir touchante avec sa fille Nicole et sa m\u00e8re Holly, elle les quitte \u00e0 nouveau pour \u00ab\u00a0se battre pour toutes les petites filles\u00a0\u00bb, et notamment Hannah. La toute derni\u00e8re sc\u00e8ne de La Servante \u00e9carlate ram\u00e8ne June et les t\u00e9l\u00e9spectateurs l\u00e0 o\u00f9 tout a commenc\u00e9. La jeune femme retourne jusqu\u2019\u00e0 la maison des Waterford et monte dans son ancienne chambre. C\u2019est l\u00e0 qu\u2019elle d\u00e9marre le r\u00e9cit de sa vie \u00e0 Gilead.<\/p>\n<p class=\"asset asset-text\">Le grand final de la s\u00e9rie pose les bases de la suite. Car l\u2019univers dystopique (et dramatiquement actuel) mis en mots par Margaret Atwood va se poursuivre. La suite du roman intitul\u00e9e Les Testaments, dans lesquels on suivra notamment le destin des filles de June, est en cours d\u2019adaptation. On y retrouvera notamment au casting l\u2019actrice Ann Dowd, qui incarne tante Lydia.<\/p>\n<p class=\"asset asset-text\">Une s\u00e9rie essentielle et un spin-off indispensable, encore plus en raison du contexte politique aux \u00c9tats-Unis qui limite drastiquement les droits des femmes notamment en mati\u00e8re de contraception et d\u2019avortement.<\/p>\n","protected":false},"excerpt":{"rendered":"HULU Elisabeth Moss dans le dernier \u00e9pisode de \u00ab\u00a0La Servante \u00e9carlate\u00a0\u00bb S\u00c9RIES T\u00c9L\u00c9 &#8211; Gilead a referm\u00e9 ses&hellip;\n","protected":false},"author":2,"featured_media":131925,"comment_status":"","ping_status":"","sticky":false,"template":"","format":"standard","meta":{"footnotes":""},"categories":[8],"tags":[251,58,59,1011,27,25674,595],"class_list":{"0":"post-131924","1":"post","2":"type-post","3":"status-publish","4":"format-standard","5":"has-post-thumbnail","7":"category-divertissement","8":"tag-culture","9":"tag-divertissement","10":"tag-entertainment","11":"tag-fr","12":"tag-france","13":"tag-la-servante-ecarlate","14":"tag-serie-tv"},"share_on_mastodon":{"url":"https:\/\/pubeurope.com\/@fr\/114580174055229457","error":""},"_links":{"self":[{"href":"https:\/\/www.europesays.com\/fr\/wp-json\/wp\/v2\/posts\/131924","targetHints":{"allow":["GET"]}}],"collection":[{"href":"https:\/\/www.europesays.com\/fr\/wp-json\/wp\/v2\/posts"}],"about":[{"href":"https:\/\/www.europesays.com\/fr\/wp-json\/wp\/v2\/types\/post"}],"author":[{"embeddable":true,"href":"https:\/\/www.europesays.com\/fr\/wp-json\/wp\/v2\/users\/2"}],"replies":[{"embeddable":true,"href":"https:\/\/www.europesays.com\/fr\/wp-json\/wp\/v2\/comments?post=131924"}],"version-history":[{"count":0,"href":"https:\/\/www.europesays.com\/fr\/wp-json\/wp\/v2\/posts\/131924\/revisions"}],"wp:featuredmedia":[{"embeddable":true,"href":"https:\/\/www.europesays.com\/fr\/wp-json\/wp\/v2\/media\/131925"}],"wp:attachment":[{"href":"https:\/\/www.europesays.com\/fr\/wp-json\/wp\/v2\/media?parent=131924"}],"wp:term":[{"taxonomy":"category","embeddable":true,"href":"https:\/\/www.europesays.com\/fr\/wp-json\/wp\/v2\/categories?post=131924"},{"taxonomy":"post_tag","embeddable":true,"href":"https:\/\/www.europesays.com\/fr\/wp-json\/wp\/v2\/tags?post=131924"}],"curies":[{"name":"wp","href":"https:\/\/api.w.org\/{rel}","templated":true}]}}