{"id":131932,"date":"2025-05-27T14:07:09","date_gmt":"2025-05-27T14:07:09","guid":{"rendered":"https:\/\/www.europesays.com\/fr\/131932\/"},"modified":"2025-05-27T14:07:09","modified_gmt":"2025-05-27T14:07:09","slug":"cest-quoi-cette-tva-sociale-relancee-par-bayrou-et-qui-pourrait-saverer-fatale","status":"publish","type":"post","link":"https:\/\/www.europesays.com\/fr\/131932\/","title":{"rendered":"C\u2019est quoi cette \u00ab\u00a0TVA sociale\u00a0\u00bb relanc\u00e9e par Bayrou et qui pourrait s\u2019av\u00e9rer fatale\u00a0?"},"content":{"rendered":"<p>        <img decoding=\"async\" loading=\"lazy\" src=\"https:\/\/www.europesays.com\/fr\/wp-content\/uploads\/2025\/05\/8e0298f_sirius-fs-upload-1-8qddhe4dtosy-1741787302646-000-36zr8q3.jpg\"  width=\"728\" height=\"409\" alt=\"Fran\u00e7ois Bayrou photographi\u00e9 mardi 11\u00a0mars \u00e0 l\u2019Assembl\u00e9e nationale, lors des questions au gouvernement\"\/>  <\/p>\n<p>JULIEN DE ROSA \/ AFP<\/p>\n<p>Fran\u00e7ois Bayrou photographi\u00e9 mardi 11\u00a0mars \u00e0 l\u2019Assembl\u00e9e nationale, lors des questions au gouvernement<\/p>\n<p class=\"asset asset-text\">POLITIQUE &#8211; \u00ab\u00a0Radioactif\u00a0\u00bb, \u00ab\u00a0imp\u00f4t maudit\u00a0\u00bb, \u00ab\u00a0bombe politique\u00a0\u00bb\u2026 La litanie des superlatifs employ\u00e9s par la presse la semaine derni\u00e8re lorsqu\u2019<a href=\"https:\/\/www.huffingtonpost.fr\/politique\/article\/emmanuel-macron-gifle-par-brigitte-au-vietnam-l-elysee-dement-et-donne-sa-version_250514.html\" target=\"_blank\" rel=\"noopener\">Emmanuel Macron<\/a> a remis le sujet sur la table traduit bien la complexit\u00e9 de l\u2019ouvrage qui attend <a href=\"https:\/\/www.huffingtonpost.fr\/politique\/article\/francois-bayrou-croit-savoir-pourquoi-son-site-de-preuves-sur-betharram-etait-inaccessible_250562.html\" target=\"_blank\" rel=\"noopener\">Fran\u00e7ois Bayrou<\/a>. Interview\u00e9 pendant pr\u00e8s d\u2019une heure ce mardi 27\u00a0mai sur RMC-BFMTV, le Premier ministre qui veut demander un \u00ab\u00a0effort \u00e0 tous les Fran\u00e7ais\u00a0\u00bb a offert un droit de suite \u00e0 la parole pr\u00e9sidentielle en relan\u00e7ant la piste d\u2019une <a href=\"https:\/\/www.huffingtonpost.fr\/politique\/article\/agriculteurs-taxis-francois-bayrou-au-defi-de-deminer-ses-premieres-coleres-sociales_250518.html\" target=\"_blank\" rel=\"noopener\">\u00ab\u00a0TVA sociale\u00a0\u00bb<\/a>. Appelant notamment \u00e0 ce que les partenaires sociaux \u00ab\u00a0puissent s\u2019emparer de la question\u00a0\u00bb.<\/p>\n<p class=\"asset asset-text\">Il s\u2019agirait d\u2019augmenter la TVA pour all\u00e9ger les cotisations patronales, et donc \u00ab\u00a0faire baisser le co\u00fbt du travail\u00a0\u00bb tout en augmentant le salaire net sur les fiches de paie. En contrepartie, dans le logiciel de l\u2019ex\u00e9cutif, cette hausse permettrait de financer le mod\u00e8le social fran\u00e7ais.<\/p>\n<p class=\"asset asset-text\">Selon les estimations des sp\u00e9cialistes, une hausse de 1\u00a0point permettrait de faire rentrer entre 11\u00a0et 13\u00a0milliards d\u2019euros dans les caisses. Dans les faits, n\u00e9anmoins, la TVA contribue d\u00e9j\u00e0 au financement de la protection sociale, sa part dans l<a href=\"https:\/\/drees.solidarites-sante.gouv.fr\/sites\/default\/files\/2023-01\/CPS22_MAJ%20Fiche%2005%20-%20Les%20imp%C3%B4ts%20et%20taxes%20affect%C3%A9s.pdf\" target=\"_blank\" rel=\"noopener\" title=\"Nouvelle fen\u00eatre\">\u2019ensemble des taxes et imp\u00f4ts affect\u00e9s \u00e0 la protection sociale<\/a> a m\u00eame \u00e9t\u00e9 multipli\u00e9e par sept depuis 2018, passant de 4\u00a0% \u00e0 21\u00a0% en 2024.<\/p>\n<p>    Une mesure socialement inflammable, et\u2026    <\/p>\n<p class=\"asset asset-text\">Si Fran\u00e7ois Bayrou prend la question avec des pincettes en appelant les partenaires sociaux \u00e0 se mettre autour de la table, c\u2019est que la TVA est consid\u00e9r\u00e9e comme l\u2019imp\u00f4t le plus \u00ab\u00a0injuste\u00a0\u00bb. Si elle est de 20\u00a0% de mani\u00e8re g\u00e9n\u00e9rale et de 5,5\u00a0% sur les produits de premi\u00e8res n\u00e9cessit\u00e9s, tout le monde la paie sans diff\u00e9renciation. C\u2019est donc dans le budget des m\u00e9nages les plus modestes qu\u2019elle p\u00e8se le plus.<\/p>\n<p class=\"asset asset-text\">C\u00f4t\u00e9 partenaires sociaux, l\u2019instauration d\u2019une TVA sociale est r\u00e9clam\u00e9e depuis des ann\u00e9es par les organisations patronales, Medef en t\u00eate, car align\u00e9e avec ses demandes de baisse du co\u00fbt du travail. \u00ab\u00a0Moi je suis tout \u00e0 fait favorable \u00e0 ce qu\u2019on r\u00e9\u00e9quilibre le financement du syst\u00e8me de protection sociale vers la fiscalit\u00e9 (&#8230;) Quant au risque d\u2019inflation, l\u2019exp\u00e9rience d\u00e9montre, par exemple en Allemagne, qu\u2019augmenter la TVA n\u2019a finalement pas beaucoup d\u2019impact sur l\u2019inflation et que l\u2019\u00e9conomie dig\u00e8re cela assez rapidement\u00a0\u00bb, plaidait notamment Patrick Martin le 20\u00a0mai dernier sur le plateau de RMC-BFMTV. Autre avantage \u00e9galement cit\u00e9 par le d\u00e9put\u00e9 macroniste Mathieu Lef\u00e8vre, la TVA touche aussi les touristes et les importations qui se verraient donc aussi mis \u00e0 contribution.<\/p>\n<p class=\"asset asset-text\">Option inacceptable en revanche du c\u00f4t\u00e9 de la CGT, o\u00f9 l\u2019on pr\u00e9f\u00e8re parler de \u00ab\u00a0vieille arnaque\u00a0\u00bb et de \u00ab\u00a0TVA antisociale\u00a0\u00bb car elle ferait baisser le pouvoir d\u2019achat des salari\u00e9s puisqu\u2019elle se r\u00e9percuterait sur les prix. \u00ab\u00a0D\u00e8s lors, si on l\u2019augmente, l\u2019effort demand\u00e9 est plus important pour les plus modestes\u00a0\u00bb, fait-on \u00e9galement remarquer du c\u00f4t\u00e9 de <a href=\"https:\/\/www.lemonde.fr\/politique\/article\/2025\/05\/19\/tva-sociale-les-syndicats-globalement-opposes_6607161_823448.html\" target=\"_blank\" rel=\"noopener\" title=\"Nouvelle fen\u00eatre\">l\u2019UNSA<\/a>. Quels seront les produits concern\u00e9s, avec quelle hausse, et avec quelle assurance de s\u2019y retrouver sur la fiche de paie\u00a0? Des param\u00e8tres sur lesquels Fran\u00e7ois Bayrou est rest\u00e9 silencieux pour le moment mais qui p\u00e8seront sur l\u2019ampleur de la contestation.<\/p>\n<p>    &#8230; Politiquement dangereuse pour qui s\u2019en empare    <\/p>\n<p class=\"asset asset-text\">Quant \u00e0 l\u2019historique politique de la TVA sociale, il n\u2019a pas non plus de quoi rassurer Fran\u00e7ois Bayrou. Les souvenirs qu\u2019elle a laiss\u00e9s chez les \u00e9lus sont amers. En 2007, apr\u00e8s le premier tour des l\u00e9gislatives, Jean-Louis Borloo alors ministre de l\u2019\u00c9conomie est accul\u00e9 par Laurent Fabius en plateau et annonce se pencher sur le sujet. Face au candidat du \u00ab\u00a0travailler plus pour gagner plus\u00a0\u00bb, le PS a trouv\u00e9 son slogan\u00a0: \u00ab\u00a0Votez contre la TVA \u00e0 24,6\u00a0%\u00a0\u00bb.<\/p>\n<p class=\"asset asset-text\">Et \u00e7a fait mouche, la vague bleue est ralentie, Jean-Louis Borloo se retrouve vertement accus\u00e9 par les cadres de l\u2019UMP de leur avoir fait perdre 80\u00a0si\u00e8ges au 2e tour. Trois mois plus tard, Christine Lagarde, qui a repris Bercy, enterre la piste, ne la jugeant \u00ab\u00a0pas propice, en ce qu\u2019elle serait facteur d\u2019inflation et probablement peu cr\u00e9atrice d\u2019emplois\u00a0\u00bb.<\/p>\n<p class=\"asset asset-text\">Le climat politique actuel n\u2019appara\u00eet pas particuli\u00e8rement plus adapt\u00e9. En d\u00e9montre la pr\u00e9caution avec laquelle Am\u00e9lie de\u00a0Montchalin avait contourn\u00e9 le sujet au lendemain de l\u2019\u00e9mission pr\u00e9sidentielle, rappelant qu\u2019il existe \u00ab\u00a0plein d\u2019autres solutions\u00a0\u00bb hors TVA pour rattraper le d\u00e9ficit. Pour Fran\u00e7ois Bayrou, qui vise 40\u00a0milliards d\u2019\u00e9conomie dans le budget 2026, les marges n\u2019en demeurent pas moins \u00e9troites. Alors que la Cour des comptes a averti lundi d\u2019un risque de \u00ab\u00a0crise de liquidit\u00e9\u00a0\u00bb de la S\u00e9curit\u00e9 sociale, une augmentation de la TVA est un levier particuli\u00e8rement puissant.<\/p>\n<p class=\"asset asset-text\">Mais la gauche n\u2019a pas chang\u00e9 d\u2019avis sur le sujet,  &#8211; \u00ab\u00a0scandaleux\u00a0\u00bb a r\u00e9agi l\u2019insoumis Manuel Bompard &#8211; et le RN qui a fait de toute augmentation d\u2019imp\u00f4t une ligne rouge y est oppos\u00e9. Marine Le\u00a0Pen y voyait le 20\u00a0mai\u00a0dernier une baisse de pouvoir d\u2019achat en perspective, particuli\u00e8rement pour les plus modestes. Rappelons par ailleurs que le parti lep\u00e9niste a b\u00e2ti tout son discours sur l\u2019augmentation du pouvoir d\u2019achat autour\u2026 de la baisse de la TVA. De quoi donc faire planer \u00e0 nouveau la menace d\u2019une censure. Sauf que cette fois, la gauche (ex-NFP) et le RN pourraient se trouver align\u00e9s sur le sujet. Largement suffisant pour faire chuter Fran\u00e7ois Bayrou.<\/p>\n","protected":false},"excerpt":{"rendered":"JULIEN DE ROSA \/ AFP Fran\u00e7ois Bayrou photographi\u00e9 mardi 11\u00a0mars \u00e0 l\u2019Assembl\u00e9e nationale, lors des questions au gouvernement&hellip;\n","protected":false},"author":2,"featured_media":131933,"comment_status":"","ping_status":"","sticky":false,"template":"","format":"standard","meta":{"footnotes":""},"categories":[4],"tags":[11,33,1011,27,431,12,316,25,25675],"class_list":{"0":"post-131932","1":"post","2":"type-post","3":"status-publish","4":"format-standard","5":"has-post-thumbnail","7":"category-france","8":"tag-actualites","9":"tag-economie","10":"tag-fr","11":"tag-france","12":"tag-francois-bayrou","13":"tag-news","14":"tag-politique","15":"tag-republique-francaise","16":"tag-tva-sociale"},"share_on_mastodon":{"url":"https:\/\/pubeurope.com\/@fr\/114580189621549403","error":""},"_links":{"self":[{"href":"https:\/\/www.europesays.com\/fr\/wp-json\/wp\/v2\/posts\/131932","targetHints":{"allow":["GET"]}}],"collection":[{"href":"https:\/\/www.europesays.com\/fr\/wp-json\/wp\/v2\/posts"}],"about":[{"href":"https:\/\/www.europesays.com\/fr\/wp-json\/wp\/v2\/types\/post"}],"author":[{"embeddable":true,"href":"https:\/\/www.europesays.com\/fr\/wp-json\/wp\/v2\/users\/2"}],"replies":[{"embeddable":true,"href":"https:\/\/www.europesays.com\/fr\/wp-json\/wp\/v2\/comments?post=131932"}],"version-history":[{"count":0,"href":"https:\/\/www.europesays.com\/fr\/wp-json\/wp\/v2\/posts\/131932\/revisions"}],"wp:featuredmedia":[{"embeddable":true,"href":"https:\/\/www.europesays.com\/fr\/wp-json\/wp\/v2\/media\/131933"}],"wp:attachment":[{"href":"https:\/\/www.europesays.com\/fr\/wp-json\/wp\/v2\/media?parent=131932"}],"wp:term":[{"taxonomy":"category","embeddable":true,"href":"https:\/\/www.europesays.com\/fr\/wp-json\/wp\/v2\/categories?post=131932"},{"taxonomy":"post_tag","embeddable":true,"href":"https:\/\/www.europesays.com\/fr\/wp-json\/wp\/v2\/tags?post=131932"}],"curies":[{"name":"wp","href":"https:\/\/api.w.org\/{rel}","templated":true}]}}