{"id":131936,"date":"2025-05-27T14:09:08","date_gmt":"2025-05-27T14:09:08","guid":{"rendered":"https:\/\/www.europesays.com\/fr\/131936\/"},"modified":"2025-05-27T14:09:08","modified_gmt":"2025-05-27T14:09:08","slug":"loire-le-rassemblement-nocturne-de-gros-bolides-devient-infernal-la-police-intervient","status":"publish","type":"post","link":"https:\/\/www.europesays.com\/fr\/131936\/","title":{"rendered":"Loire. Le rassemblement nocturne de gros bolides devient infernal : la police intervient"},"content":{"rendered":"<p>            Par<br \/>\n        <strong><br \/>\n            <a href=\"https:\/\/actu.fr\/auteur\/mathias-souteyrat\" title=\"Consulter tous les articles de Mathias Souteyrat\" target=\"_blank\" rel=\"noopener\">Mathias Souteyrat<\/a><br \/>\n        <\/strong><\/p>\n<p>        Publi\u00e9 le<\/p>\n<p>            27 mai 2025 \u00e0 14h55        <\/p>\n<p>Ronflements des moteurs, pneus qui crissent\u2026 Dans la nuit du dimanche 18\u00a0mai 2025, vers minuit 15, un rassemblement ill\u00e9gal de grosses voitures, r\u00e9unissant une centaine de personnes, a eu lieu sur le parking d\u2019un centre commercial de <a href=\"https:\/\/actu.fr\/auvergne-rhone-alpes\/saint-chamond_42207\" target=\"_blank\" rel=\"noopener\">Saint-Chamond<\/a> (Loire).<\/p>\n<p class=\" wall-content\">Comme le montre notre vid\u00e9o, issue d\u2019une story sur les r\u00e9seaux sociaux, le bruit incessant des d\u00e9rapages de voitures tun\u00e9es, entour\u00e9es de badauds, t\u00e9l\u00e9phone \u00e0 la main, a caus\u00e9 des nuisances et l\u2019intervention des forces de l\u2019ordre.<\/p>\n<p>Une trentaine de verbalisations<\/p>\n<p class=\" wall-content\">Des policiers nationaux du Gier et de Saint-Etienne ainsi que la police municipale couramiaud sont intervenus pour mettre fin \u00e0 tout ce <strong>tintouin<\/strong>.<\/p>\n<p class=\" wall-content\">\n<p class=\" wall-content\">Selon nos informations, une trentaine de verbalisations ont \u00e9t\u00e9 dress\u00e9es pour des manquements au code de la route li\u00e9s \u00e0 ces rod\u00e9os urbains. Malgr\u00e9 l\u2019ampleur du regroupement, la foule s\u2019est dispers\u00e9e dans le calme.<\/p>\n<p class=\" wall-content\">Suivez toute l\u2019actualit\u00e9 de vos villes et m\u00e9dias favoris en vous inscrivant \u00e0 <a href=\"https:\/\/moncompte.actu.fr\" title=\"D\u00e9couvez Mon Actu\" rel=\"nofollow noopener\" data-trk=\"{&quot;cta&quot;:{&quot;action&quot;:&quot;https:\\\/\\\/moncompte.actu.fr&quot;,&quot;category&quot;:&quot;mon compte&quot;,&quot;from&quot;:&quot;article footer&quot;,&quot;name&quot;:&quot;Mon actu&quot;,&quot;type&quot;:&quot;cta&quot;}}\" target=\"_blank\">Mon Actu<\/a>.<\/p>\n","protected":false},"excerpt":{"rendered":"Par Mathias Souteyrat Publi\u00e9 le 27 mai 2025 \u00e0 14h55 Ronflements des moteurs, pneus qui crissent\u2026 Dans la&hellip;\n","protected":false},"author":2,"featured_media":131937,"comment_status":"","ping_status":"","sticky":false,"template":"","format":"standard","meta":{"footnotes":""},"categories":[9653],"tags":[1111,11,2430,1777,674,118,1011,27,12,1072,25,5575,4001],"class_list":{"0":"post-131936","1":"post","2":"type-post","3":"status-publish","4":"format-standard","5":"has-post-thumbnail","7":"category-saint-etienne","8":"tag-actu","9":"tag-actualites","10":"tag-auvergne-rhone-alpes","11":"tag-eu","12":"tag-europe","13":"tag-faits-divers","14":"tag-fr","15":"tag-france","16":"tag-news","17":"tag-police","18":"tag-republique-francaise","19":"tag-rodeos-urbains","20":"tag-saint-etienne"},"share_on_mastodon":{"url":"https:\/\/pubeurope.com\/@fr\/114580197472742716","error":""},"_links":{"self":[{"href":"https:\/\/www.europesays.com\/fr\/wp-json\/wp\/v2\/posts\/131936","targetHints":{"allow":["GET"]}}],"collection":[{"href":"https:\/\/www.europesays.com\/fr\/wp-json\/wp\/v2\/posts"}],"about":[{"href":"https:\/\/www.europesays.com\/fr\/wp-json\/wp\/v2\/types\/post"}],"author":[{"embeddable":true,"href":"https:\/\/www.europesays.com\/fr\/wp-json\/wp\/v2\/users\/2"}],"replies":[{"embeddable":true,"href":"https:\/\/www.europesays.com\/fr\/wp-json\/wp\/v2\/comments?post=131936"}],"version-history":[{"count":0,"href":"https:\/\/www.europesays.com\/fr\/wp-json\/wp\/v2\/posts\/131936\/revisions"}],"wp:featuredmedia":[{"embeddable":true,"href":"https:\/\/www.europesays.com\/fr\/wp-json\/wp\/v2\/media\/131937"}],"wp:attachment":[{"href":"https:\/\/www.europesays.com\/fr\/wp-json\/wp\/v2\/media?parent=131936"}],"wp:term":[{"taxonomy":"category","embeddable":true,"href":"https:\/\/www.europesays.com\/fr\/wp-json\/wp\/v2\/categories?post=131936"},{"taxonomy":"post_tag","embeddable":true,"href":"https:\/\/www.europesays.com\/fr\/wp-json\/wp\/v2\/tags?post=131936"}],"curies":[{"name":"wp","href":"https:\/\/api.w.org\/{rel}","templated":true}]}}