{"id":13194,"date":"2025-04-09T17:40:09","date_gmt":"2025-04-09T17:40:09","guid":{"rendered":"https:\/\/www.europesays.com\/fr\/13194\/"},"modified":"2025-04-09T17:40:09","modified_gmt":"2025-04-09T17:40:09","slug":"les-enfants-de-meres-diabetiques-ont-davantage-de-risque-de-souffrir-dautisme-ou-de-tdah","status":"publish","type":"post","link":"https:\/\/www.europesays.com\/fr\/13194\/","title":{"rendered":"Les enfants de m\u00e8res diab\u00e9tiques ont davantage de risque de souffrir d\u2019autisme ou de TDAH"},"content":{"rendered":"<p>    En France, selon l\u2019enqu\u00eate nationale p\u00e9rinatale 2021, la fr\u00e9quence du diab\u00e8te gestationnel \u00e9tait de 16,4 % en 2021.<br \/>\n                Subbotina Anna &#8211; stock.adobe.com<\/p>\n<p>Le diab\u00e8te pendant ou avant la grossesse augmente le risque de diagnostic d\u2019un trouble neurod\u00e9veloppemental chez l\u2019enfant d\u2019environ 30\u00a0%.<\/p>\n<p class=\"fig-paragraph\">Le\u00a0<a href=\"https:\/\/sante.lefigaro.fr\/sante\/maladie\/diabete-type-2\/quest-ce-que-cest-0\" target=\"_blank\" data-fig-type=\"Keyword\" rel=\"noopener\" data-gtm-custom-categorie=\"navigation\" data-gtm-custom-action=\"crossclick\" data-gtm-custom-label=\"Contextuel\" data-gtm-event=\"customEventSPE\" data-fig-domain=\"SANTE\">diab\u00e8te<\/a>\u00a0chez la m\u00e8re, et plus encore quand il \u00e9tait pr\u00e9\u00e9xistant \u00e0 la grossesse, augmente le risque de troubles neurologiques et neurod\u00e9veloppementaux chez l\u2019enfant, confirme une large m\u00e9ta analyse r\u00e9alis\u00e9e par des chercheurs chinois sur plus de 56 millions de couples m\u00e8re-enfant.<\/p>\n<p class=\"fig-paragraph\">Lorsque les m\u00e8res sont diab\u00e9tiques pendant la grossesse, les enfants sont 28\u00a0% plus susceptibles d\u2019\u00eatre diagnostiqu\u00e9s avec un trouble du d\u00e9veloppement neurologique, selon une analyse des donn\u00e9es regroup\u00e9es de 202 \u00e9tudes. Les risques \u00e9taient 25\u00a0% plus \u00e9lev\u00e9s pour\u00a0<a href=\"https:\/\/sante.lefigaro.fr\/sante\/maladie\/autisme\/quels-symptomes-1#:~:text=L&#039;autisme%20est%20un%20trouble,de%20communications%2C%20les%20interactions%20sociales.\" target=\"_blank\" data-fig-type=\"Keyword\" rel=\"noopener\" data-gtm-custom-categorie=\"navigation\" data-gtm-custom-action=\"crossclick\" data-gtm-custom-label=\"Contextuel\" data-gtm-event=\"customEventSPE\" data-fig-domain=\"SANTE\">l\u2019autisme<\/a>, 30\u00a0% pour le\u00a0<a href=\"https:\/\/sante.lefigaro.fr\/sante\/trouble-deficit-lattention-hyperactivite-tdah\" target=\"_blank\" data-fig-type=\"Keyword\" rel=\"noopener\" data-gtm-custom-categorie=\"navigation\" data-gtm-custom-action=\"crossclick\" data-gtm-custom-label=\"Contextuel\" data-gtm-event=\"customEventSPE\" data-fig-domain=\"SANTE\">trouble d\u00e9ficitaire de l\u2019attention avec hyperactivit\u00e9<\/a>\u00a0(TDAH) et 32\u00a0% pour la d\u00e9ficience intellectuelle, 20\u00a0% pour les troubles de la communication, 17\u00a0% pour les troubles du mouvement et 16\u00a0% pour les troubles de l\u2019apprentissage que chez les enfants dont les m\u00e8res n\u2019ont pas souffert de diab\u00e8te pendant leur grossesse.<\/p>\n<p class=\"fig-paragraph\">Le diab\u00e8te diagnostiqu\u00e9 avant la grossesse semble conf\u00e9rer un risque 39\u00a0% plus \u00e9lev\u00e9 pour un ou plusieurs de ces troubles neurod\u00e9veloppementaux par rapport au diab\u00e8te gestationnel, qui commence pendant la grossesse et dispara\u00eet souvent par la suite, rapportent les chercheurs dans\u00a0<a href=\"https:\/\/www.thelancet.com\/journals\/landia\/article\/PIIS2213-8587(25)00036-1\/abstract\" target=\"_blank\" rel=\"nofollow noopener\" data-gtm-custom-categorie=\"navigation\" data-gtm-custom-action=\"crossclick\" data-gtm-custom-label=\"Contextuel\" data-gtm-event=\"customEventSPE\">The Lancet Diabetes &amp; Endocrinology<\/a> .<\/p>\n<p>Comprendre la cause<\/p>\n<p class=\"fig-paragraph\">L\u2019association entre le diab\u00e8te maternel et l\u2019autisme chez les enfants est bien connue, a d\u00e9clar\u00e9 le Dr\u00a0Magdalena Janecka de la NYU Grossman School of Medicine, qui \u00e9tudie les liens entre les expositions in utero et le d\u00e9veloppement de l\u2019enfant, mais qui n\u2019a pas particip\u00e9 \u00e0 la nouvelle recherche. Une \u00abm\u00e9ta-analyse\u00bb de grande ampleur comme celle-ci permet d\u2019analyser des sous-groupes, tels que les m\u00e8res souffrant de diab\u00e8te pr\u00e9existant par rapport au diab\u00e8te gestationnel, ou les enfants autistes par rapport \u00e0 ceux souffrant de TDAH ou de troubles du mouvement, mais elle ne peut pas en expliquer la cause, ni prouver l\u2019existence d\u2019un lien de cause \u00e0 effet, explique la chercheuse.<\/p>\n<p class=\"fig-paragraph\">L\u2019\u00e9tude intervient alors que les responsables de la sant\u00e9 de l\u2019administration Trump ont appel\u00e9 \u00e0 poursuivre les recherches pour d\u00e9terminer si les vaccins sont une cause de l\u2019autisme,\u00a0<a href=\"http:\/\/sante.lefigaro.fr\/comment-andrew-wakefield-medecin-vante-par-trump-a-menti-sur-de-supposes-liens-entre-vaccin-et-autisme-20241210\" data-fig-type=\"Article\" data-gtm-custom-categorie=\"navigation\" data-gtm-custom-action=\"crossclick\" data-gtm-custom-label=\"Contextuel\" data-gtm-event=\"customEventSPE\" data-fig-domain=\"SANTE\" target=\"_blank\" rel=\"noopener\">une affirmation longtemps d\u00e9fendue<\/a>\u00a0par le nouveau ministre de la sant\u00e9 Robert Kennedy Jr qui a \u00e9t\u00e9 largement d\u00e9mentie.<\/p>\n<p class=\"fig-paragraph\">En France, selon l\u2019enqu\u00eate nationale p\u00e9rinatale 2021, la fr\u00e9quence du diab\u00e8te gestationnel a augment\u00e9, passant de 10,8\u00a0% en 2016 \u00e0 16,4\u00a0% en 2021. \u00ab\u00a0Cette augmentation est en partie li\u00e9e \u00e0 une meilleure d\u00e9tection mais aussi \u00e0 la pr\u00e9sence plus fr\u00e9quente chez la m\u00e8re de facteurs de risque (\u00e2ge, surpoids, etc.)\u00a0\u00bb,\u00a0<a href=\"https:\/\/www.santepubliquefrance.fr\/docs\/enquete-nationale-perinatale.-rapport-2021.-les-naissances-le-suivi-a-deux-mois-et-les-etablissements\" target=\"_blank\" rel=\"nofollow noopener\" data-gtm-custom-categorie=\"navigation\" data-gtm-custom-action=\"crossclick\" data-gtm-custom-label=\"Contextuel\" data-gtm-event=\"customEventSPE\">indiquent les auteurs du rapport<\/a>. Moins de 1% des femmes avaient un diab\u00e8te pr\u00e9existant \u00e0 la grossesse, insulino ou non-insulino d\u00e9pendant, et 2,6% un ant\u00e9c\u00e9dent de diab\u00e8te gestationnel.<\/p>\n<p>\u00a0\u00bb<br \/>\n        data-script=\u00a0\u00bbhttps:\/\/static.lefigaro.fr\/widget-video\/short-ttl\/video\/index.js\u00a0\u00bb<br \/>\n    &gt;<\/p>\n","protected":false},"excerpt":{"rendered":"En France, selon l\u2019enqu\u00eate nationale p\u00e9rinatale 2021, la fr\u00e9quence du diab\u00e8te gestationnel \u00e9tait de 16,4 % en 2021.&hellip;\n","protected":false},"author":2,"featured_media":13195,"comment_status":"","ping_status":"","sticky":false,"template":"","format":"standard","meta":{"footnotes":""},"categories":[10],"tags":[237,101,232,231,234,228,1011,27,72,239,230,238,226,224,225,233,229,236,235,71,227],"class_list":{"0":"post-13194","1":"post","2":"type-post","3":"status-publish","4":"format-standard","5":"has-post-thumbnail","7":"category-sante","8":"tag-actualite-sur-les-maladies","9":"tag-cancer","10":"tag-cardiologie","11":"tag-cerveau","12":"tag-diabete","13":"tag-diagnostic","14":"tag-fr","15":"tag-france","16":"tag-health","17":"tag-info-sur-les-maladies","18":"tag-infographie","19":"tag-information-sur-les-maladies","20":"tag-maladie","21":"tag-medecine","22":"tag-medicament","23":"tag-obesite","24":"tag-pathologie","25":"tag-pediatrie","26":"tag-psychiatrie","27":"tag-sante","28":"tag-traitement"},"share_on_mastodon":{"url":"https:\/\/pubeurope.com\/@fr\/114309236237253301","error":""},"_links":{"self":[{"href":"https:\/\/www.europesays.com\/fr\/wp-json\/wp\/v2\/posts\/13194","targetHints":{"allow":["GET"]}}],"collection":[{"href":"https:\/\/www.europesays.com\/fr\/wp-json\/wp\/v2\/posts"}],"about":[{"href":"https:\/\/www.europesays.com\/fr\/wp-json\/wp\/v2\/types\/post"}],"author":[{"embeddable":true,"href":"https:\/\/www.europesays.com\/fr\/wp-json\/wp\/v2\/users\/2"}],"replies":[{"embeddable":true,"href":"https:\/\/www.europesays.com\/fr\/wp-json\/wp\/v2\/comments?post=13194"}],"version-history":[{"count":0,"href":"https:\/\/www.europesays.com\/fr\/wp-json\/wp\/v2\/posts\/13194\/revisions"}],"wp:featuredmedia":[{"embeddable":true,"href":"https:\/\/www.europesays.com\/fr\/wp-json\/wp\/v2\/media\/13195"}],"wp:attachment":[{"href":"https:\/\/www.europesays.com\/fr\/wp-json\/wp\/v2\/media?parent=13194"}],"wp:term":[{"taxonomy":"category","embeddable":true,"href":"https:\/\/www.europesays.com\/fr\/wp-json\/wp\/v2\/categories?post=13194"},{"taxonomy":"post_tag","embeddable":true,"href":"https:\/\/www.europesays.com\/fr\/wp-json\/wp\/v2\/tags?post=13194"}],"curies":[{"name":"wp","href":"https:\/\/api.w.org\/{rel}","templated":true}]}}