{"id":131940,"date":"2025-05-27T14:11:11","date_gmt":"2025-05-27T14:11:11","guid":{"rendered":"https:\/\/www.europesays.com\/fr\/131940\/"},"modified":"2025-05-27T14:11:11","modified_gmt":"2025-05-27T14:11:11","slug":"linjection-de-chlore-a-ete-efficace","status":"publish","type":"post","link":"https:\/\/www.europesays.com\/fr\/131940\/","title":{"rendered":"l&rsquo;injection de chlore a \u00e9t\u00e9 efficace"},"content":{"rendered":"<p>Apr\u00e8s des analyses positives \u00e0 la l\u00e9gionellose dans les canalisations des immeubles Corneilles et Fauvettes rue du Portugal et qui avaient \u00e9t\u00e9 commandit\u00e9es par la soci\u00e9t\u00e9 Batig\u00e8re, Dalkia avait proc\u00e9d\u00e9 le 14\u00a0mai \u00e0 la d\u00e9sinfection de l\u2019eau.<\/p>\n<p>Un nouveau pr\u00e9l\u00e8vement \u00e9tait effectu\u00e9 le 15\u00a0mai. Les r\u00e9sultats du second test qui sont parvenus ce lundi se sont r\u00e9v\u00e9l\u00e9s n\u00e9gatifs Tout danger de l\u00e9gionellose est aujourd\u2019hui \u00e9cart\u00e9, les occupants des deux immeubles pourront reprendre une vie normale. L\u2019injection de chlore afin de tuer la bact\u00e9rie responsable de cette maladie s\u2019est av\u00e9r\u00e9e efficace.<\/p>\n","protected":false},"excerpt":{"rendered":"Apr\u00e8s des analyses positives \u00e0 la l\u00e9gionellose dans les canalisations des immeubles Corneilles et Fauvettes rue du Portugal&hellip;\n","protected":false},"author":2,"featured_media":131941,"comment_status":"","ping_status":"","sticky":false,"template":"","format":"standard","meta":{"footnotes":""},"categories":[9635],"tags":[1111,11,1704,1777,674,1011,27,775,6364,1702,12,25,71,5711],"class_list":{"0":"post-131940","1":"post","2":"type-post","3":"status-publish","4":"format-standard","5":"has-post-thumbnail","7":"category-nancy","8":"tag-actu","9":"tag-actualites","10":"tag-edition-nancy-et-agglomeration","11":"tag-eu","12":"tag-europe","13":"tag-fr","14":"tag-france","15":"tag-grand-est","16":"tag-metropole-du-grand-nancy-54b1","17":"tag-nancy","18":"tag-news","19":"tag-republique-francaise","20":"tag-sante","21":"tag-vandoeuvre-les-nancy"},"share_on_mastodon":{"url":"https:\/\/pubeurope.com\/@fr\/114580205275847833","error":""},"_links":{"self":[{"href":"https:\/\/www.europesays.com\/fr\/wp-json\/wp\/v2\/posts\/131940","targetHints":{"allow":["GET"]}}],"collection":[{"href":"https:\/\/www.europesays.com\/fr\/wp-json\/wp\/v2\/posts"}],"about":[{"href":"https:\/\/www.europesays.com\/fr\/wp-json\/wp\/v2\/types\/post"}],"author":[{"embeddable":true,"href":"https:\/\/www.europesays.com\/fr\/wp-json\/wp\/v2\/users\/2"}],"replies":[{"embeddable":true,"href":"https:\/\/www.europesays.com\/fr\/wp-json\/wp\/v2\/comments?post=131940"}],"version-history":[{"count":0,"href":"https:\/\/www.europesays.com\/fr\/wp-json\/wp\/v2\/posts\/131940\/revisions"}],"wp:featuredmedia":[{"embeddable":true,"href":"https:\/\/www.europesays.com\/fr\/wp-json\/wp\/v2\/media\/131941"}],"wp:attachment":[{"href":"https:\/\/www.europesays.com\/fr\/wp-json\/wp\/v2\/media?parent=131940"}],"wp:term":[{"taxonomy":"category","embeddable":true,"href":"https:\/\/www.europesays.com\/fr\/wp-json\/wp\/v2\/categories?post=131940"},{"taxonomy":"post_tag","embeddable":true,"href":"https:\/\/www.europesays.com\/fr\/wp-json\/wp\/v2\/tags?post=131940"}],"curies":[{"name":"wp","href":"https:\/\/api.w.org\/{rel}","templated":true}]}}