{"id":131943,"date":"2025-05-27T14:13:10","date_gmt":"2025-05-27T14:13:10","guid":{"rendered":"https:\/\/www.europesays.com\/fr\/131943\/"},"modified":"2025-05-27T14:13:10","modified_gmt":"2025-05-27T14:13:10","slug":"toulon-la-maison-des-femmes-fait-progresser-le-droit-des-femmes","status":"publish","type":"post","link":"https:\/\/www.europesays.com\/fr\/131943\/","title":{"rendered":"Toulon : La Maison des Femmes fait progresser le droit des femmes"},"content":{"rendered":"<p>                    <img loading=\"lazy\" decoding=\"async\" src=\"https:\/\/www.europesays.com\/fr\/wp-content\/uploads\/2025\/05\/365da1ad83421f306eed6a86679270.jpg\" class=\"img-responsive post-image\" width=\"680\" height=\"510\" alt=\"Toulon : La Maison des\" title=\"Toulon : La Maison des Femmes fait progresser le droit des femmes\"\/><\/p>\n<p>Ouvert en janvier 2024, la Maison des Femmes Sant\u00e9 Toulon Var est une ressource essentielle pour toutes les femmes en souffrance, en qu\u00eate de soutien, de soin et d\u2019accompagnement dans son parcours de lib\u00e9ration.<\/p>\n<p>Anciennement connue sous le nom de SAV-VIF, elle repr\u00e9sente un dispositif sanitaire essentiel d\u00e9di\u00e9 \u00e0 l\u2019accueil, l\u2019\u00e9valuation des besoins et l\u2019orientation des femmes victimes de violences. Son r\u00f4le est d\u2019offrir un soutien m\u00e9dical, psychologique et social aux femmes en situation de vuln\u00e9rabilit\u00e9, tout en favorisant le rep\u00e9rage des violences par les professionnels de sant\u00e9 et en assurant la mise en s\u00e9curit\u00e9 des victimes. Ce dispositif aide \u00e0 faciliter la sortie des violences et \u00e0 r\u00e9tablir les droits fondamentaux des femmes.<\/p>\n<p>LIB\u00c9RATION DE LA PAROLE<\/p>\n<p>Depuis son ouverture, le lieu a d\u00e9j\u00e0 accueilli plus d\u2019une centaine de femmes sur ses sites de Sainte-Musse et George Sand. Ce soutien se poursuit avec l\u2019ouverture d\u2019une consultation en mars \u00e0 l\u2019h\u00f4pital d\u2019Hy\u00e8res afin d\u2019\u00e9largir l\u2019accessibilit\u00e9 aux femmes du territoire. Cet espace s\u00e9curis\u00e9 permet aux victimes de violences de prendre la parole et d\u2019\u00eatre \u00e9cout\u00e9es dans un environnement bienveillant. En effet, la lib\u00e9ration de la parole est une \u00e9tape cruciale pour permettre aux femmes de se reconstruire et d\u2019entamer un parcours de soin adapt\u00e9 \u00e0 leurs besoins sp\u00e9cifiques.<\/p>\n<p>L\u2019\u00e9quipe pluriprofessionnelle est plac\u00e9e sous la responsabilit\u00e9 d\u2019une docteure, et compos\u00e9e de trois assistantes sociales, d\u2019une psychologue, et d\u2019autres professionnels de sant\u00e9 qualifi\u00e9s. Ces experts sont sp\u00e9cialement form\u00e9s pour recueillir la parole des femmes victimes de violences et leur apporter les ressources n\u00e9cessaires pour surmonter cette \u00e9preuve.<\/p>\n<p>Le dispositif s\u2019inscrit dans une logique de collaboration avec une large gamme de professionnels de sant\u00e9 (psychiatres, gyn\u00e9cologues, obst\u00e9triciens, sage-femmes, infirmi\u00e8res, psychologues, etc.). Cette approche pluridisciplinaire permet d\u2019optimiser le parcours de soin des victimes tout en garantissant une prise en charge holistique et bienveillante.<\/p>\n<p>De plus, la Maison entretient des partenariats avec des associations locales, ce qui facilite l\u2019accompagnement des femmes dans leur cheminement vers la gu\u00e9rison. L\u2019objectif est de cr\u00e9er un r\u00e9seau solidaire, r\u00e9actif et efficace pour les soutenir dans toutes les dimensions de leur souffrance.<\/p>\n<p>FORMATION ET SENSIBILISATION<\/p>\n<p>La structure ne se limite pas \u00e0 une simple prise en charge. Elle \u0153uvre \u00e9galement pour la pr\u00e9vention et la sensibilisation \u00e0 l\u2019\u00e9chelle locale, notamment en contribuant \u00e0 la formation des futurs professionnels de sant\u00e9. En offrant un soutien concret aux soignants, elle met \u00e0 leur disposition des outils pratiques pour am\u00e9liorer leur capacit\u00e9 \u00e0 rep\u00e9rer et accompagner les victimes de violences. Ce dispositif, qui fait partie int\u00e9grante de la lutte contre les violences faites aux femmes et aux enfants, est financ\u00e9 par l\u2019Agence R\u00e9gionale de Sant\u00e9 (ARS) et la R\u00e9gion Sud. Cela t\u00e9moigne de l\u2019importance de cette structure dans le paysage sanitaire r\u00e9gional et de l\u2019engagement public en faveur des droits des femmes.<\/p>\n<p><strong>\u00c0 NOTER&#8230;<\/strong><\/p>\n<p><strong>Si vous \u00eates concern\u00e9(e) par une situation de violences ou si vous souhaitez obtenir davantage d\u2019informations, vous pouvez prendre contact avec la Maison des Femmes Sant\u00e9 Toulon Var\u00a0:<\/strong><br class=\"autobr\"\/><br \/>\nH\u00f4pital Sainte Musse \u00e0 Toulon\u00a0: 0494145493<br class=\"autobr\"\/><br \/>\nH\u00f4pital George Sand \u00e0 La Seyne\u00a0: 0494113110<br class=\"autobr\"\/><br \/>\n<a href=\"https:\/\/www.petitesaffiches.fr\/cdn-cgi\/l\/email-protection\" class=\"__cf_email__\" data-cfemail=\"96e5f7f8e2f3b8f0f3fbfbf3d6f5febbe2f9e3faf9f8b8f0e4\" rel=\"nofollow noopener\" target=\"_blank\">[email\u00a0protected]<\/a><br class=\"autobr\"\/><br \/>\nDu lundi au vendredi de 9h \u00e0 16h30.<\/p>\n<p>Photo de Une\u00a0: \u00a9PRESSE AGENCE<\/p>\n","protected":false},"excerpt":{"rendered":"Ouvert en janvier 2024, la Maison des Femmes Sant\u00e9 Toulon Var est une ressource essentielle pour toutes les&hellip;\n","protected":false},"author":2,"featured_media":131944,"comment_status":"","ping_status":"","sticky":false,"template":"","format":"standard","meta":{"footnotes":""},"categories":[9619],"tags":[1111,11,2408,1777,674,1011,27,12,882,25,2310],"class_list":{"0":"post-131943","1":"post","2":"type-post","3":"status-publish","4":"format-standard","5":"has-post-thumbnail","7":"category-toulon","8":"tag-actu","9":"tag-actualites","10":"tag-appels-d","11":"tag-eu","12":"tag-europe","13":"tag-fr","14":"tag-france","15":"tag-news","16":"tag-provence-alpes-cote-dazur","17":"tag-republique-francaise","18":"tag-toulon"},"share_on_mastodon":{"url":"https:\/\/pubeurope.com\/@fr\/114580213791723458","error":""},"_links":{"self":[{"href":"https:\/\/www.europesays.com\/fr\/wp-json\/wp\/v2\/posts\/131943","targetHints":{"allow":["GET"]}}],"collection":[{"href":"https:\/\/www.europesays.com\/fr\/wp-json\/wp\/v2\/posts"}],"about":[{"href":"https:\/\/www.europesays.com\/fr\/wp-json\/wp\/v2\/types\/post"}],"author":[{"embeddable":true,"href":"https:\/\/www.europesays.com\/fr\/wp-json\/wp\/v2\/users\/2"}],"replies":[{"embeddable":true,"href":"https:\/\/www.europesays.com\/fr\/wp-json\/wp\/v2\/comments?post=131943"}],"version-history":[{"count":0,"href":"https:\/\/www.europesays.com\/fr\/wp-json\/wp\/v2\/posts\/131943\/revisions"}],"wp:featuredmedia":[{"embeddable":true,"href":"https:\/\/www.europesays.com\/fr\/wp-json\/wp\/v2\/media\/131944"}],"wp:attachment":[{"href":"https:\/\/www.europesays.com\/fr\/wp-json\/wp\/v2\/media?parent=131943"}],"wp:term":[{"taxonomy":"category","embeddable":true,"href":"https:\/\/www.europesays.com\/fr\/wp-json\/wp\/v2\/categories?post=131943"},{"taxonomy":"post_tag","embeddable":true,"href":"https:\/\/www.europesays.com\/fr\/wp-json\/wp\/v2\/tags?post=131943"}],"curies":[{"name":"wp","href":"https:\/\/api.w.org\/{rel}","templated":true}]}}