{"id":131952,"date":"2025-05-27T14:18:14","date_gmt":"2025-05-27T14:18:14","guid":{"rendered":"https:\/\/www.europesays.com\/fr\/131952\/"},"modified":"2025-05-27T14:18:14","modified_gmt":"2025-05-27T14:18:14","slug":"deux-nouvelles-boutiques-ouvrent-dans-cette-grande-galerie-marchande","status":"publish","type":"post","link":"https:\/\/www.europesays.com\/fr\/131952\/","title":{"rendered":"deux nouvelles boutiques ouvrent dans cette grande galerie marchande"},"content":{"rendered":"<p>            Par<br \/>\n        <strong><br \/>\n            <a href=\"https:\/\/actu.fr\/auteur\/aurelien-delavaud\" title=\"Consulter tous les articles de Aur\u00e9lien Delavaud\" target=\"_blank\" rel=\"noopener\">Aur\u00e9lien Delavaud<\/a><br \/>\n        <\/strong><\/p>\n<p>        Publi\u00e9 le<\/p>\n<p>            27 mai 2025 \u00e0 15h33        <\/p>\n<p>L\u2019ann\u00e9e 2025 est celle du grand renouvellement, dans la <b>galerie marchande<\/b> du Carrefour de <a href=\"https:\/\/actu.fr\/normandie\/tourville-la-riviere_76705\" target=\"_blank\" rel=\"noopener\">Tourville-la-Rivi\u00e8re (Seine-Maritime)<\/a>.<\/p>\n<p class=\" wall-content\">Apr\u00e8s la fermeture de <a href=\"https:\/\/actu.fr\/normandie\/tourville-la-riviere_76705\/pres-de-rouen-apres-la-fermeture-de-courir-quelle-est-lenseigne-qui-va-le-remplacer_62216214.html\" target=\"_blank\" rel=\"noopener\">Courir, remplac\u00e9 par Snipes<\/a>, deux <b>nouvelles boutiques<\/b> ont ouvert en l\u2019espace de quelques semaines. Les deux s\u2019adressent plut\u00f4t \u00e0 une client\u00e8le f\u00e9minine.<\/p>\n<p>Des v\u00eatements et des bijoux<\/p>\n<p class=\" wall-content\">C\u2019\u00e9tait <a href=\"https:\/\/actu.fr\/normandie\/tourville-la-riviere_76705\/pres-de-rouen-une-marque-presente-dans-le-monde-entier-debarque-dans-ce-centre-commercial_62061264.html\" target=\"_blank\" rel=\"noopener\">annonc\u00e9 depuis le d\u00e9but de l\u2019ann\u00e9e<\/a>, c\u2019est maintenant act\u00e9. \u00c0 la fin du mois d\u2019avril 2025, <b>Lovisa<\/b> a accueilli ses premiers clients. L\u2019enseigne, qui revendique plus de 900 magasins dans 45 pays, poursuit son d\u00e9veloppement en Normandie.<\/p>\n<p>    <img   decoding=\"async\" loading=\"lazy\" class=\"size-large\" src=\"https:\/\/www.europesays.com\/fr\/wp-content\/uploads\/2025\/05\/1daaeb7044386af9ceb704438a4acev-960x640.jpg\" alt=\"Boutique Lovisa Tourville-la-Rivi\u00e8re\" width=\"960\" height=\"640\"\/><br \/>\n    Lovisa s\u2019est install\u00e9 \u00e0 la place de l\u2019ancienne boutique Olly Gan. \u00a9Aur\u00e9lien Delavaud<\/p>\n<p class=\" wall-content\">D\u00e9j\u00e0 pr\u00e9sente \u00e0 Rouen depuis quelques ann\u00e9es, elle propose principalement des <b>bijoux<\/b> et des <b>accessoires de mode<\/b>.<\/p>\n<p>Vid\u00e9os : en ce moment sur Actu<\/p>\n<p class=\" wall-content\">La deuxi\u00e8me boutique, elle, est arriv\u00e9e en toute discr\u00e9tion. Il s\u2019agit d\u2019<b>Only<\/b>, une marque de <b>pr\u00eat-\u00e0-porter<\/b>, qui a ouvert le samedi 24 mai 2025.<\/p>\n<p class=\" wall-content\">Dans la boutique claire et lumineuse, les fans pourront trouver leurs v\u00eatements pr\u00e9f\u00e9r\u00e9s de la marque cr\u00e9\u00e9e en 1995. En France, la marque revendique 42 magasins. C\u2019est la quatri\u00e8me en Seine-Maritime, apr\u00e8s celles d\u00e9j\u00e0 ouvertes au Havre, \u00e0 Barentin et dans le centre commercial Saint-Sever, \u00e0 Rouen.<\/p>\n<p class=\" wall-content\">Suivez toute l\u2019actualit\u00e9 de vos villes et m\u00e9dias favoris en vous inscrivant \u00e0 <a href=\"https:\/\/moncompte.actu.fr\" title=\"D\u00e9couvez Mon Actu\" rel=\"nofollow noopener\" data-trk=\"{&quot;cta&quot;:{&quot;action&quot;:&quot;https:\\\/\\\/moncompte.actu.fr&quot;,&quot;category&quot;:&quot;mon compte&quot;,&quot;from&quot;:&quot;article footer&quot;,&quot;name&quot;:&quot;Mon actu&quot;,&quot;type&quot;:&quot;cta&quot;}}\" target=\"_blank\">Mon Actu<\/a>.<\/p>\n<ul class=\"ac-article-tag wall-content\">\n<li><a href=\"https:\/\/actu.fr\/tag\/commerce\" data-trk=\"{&quot;cta&quot;:{&quot;action&quot;:&quot;Commerce&quot;,&quot;category&quot;:&quot;tag&quot;,&quot;from&quot;:&quot;article footer&quot;,&quot;name&quot;:&quot;Commerce&quot;,&quot;type&quot;:&quot;cta&quot;}}\" target=\"_blank\" rel=\"noopener\">#Commerce<\/a><\/li>\n<li><a href=\"https:\/\/actu.fr\/tag\/tourville-la-riviere\" data-trk=\"{&quot;cta&quot;:{&quot;action&quot;:&quot;Tourville-la-Rivi\\u00e8re&quot;,&quot;category&quot;:&quot;tag&quot;,&quot;from&quot;:&quot;article footer&quot;,&quot;name&quot;:&quot;Tourville-la-Rivi\\u00e8re&quot;,&quot;type&quot;:&quot;cta&quot;}}\" target=\"_blank\" rel=\"noopener\">#Tourville-la-Rivi\u00e8re<\/a><\/li>\n<\/ul>\n","protected":false},"excerpt":{"rendered":"Par Aur\u00e9lien Delavaud Publi\u00e9 le 27 mai 2025 \u00e0 15h33 L\u2019ann\u00e9e 2025 est celle du grand renouvellement, dans&hellip;\n","protected":false},"author":2,"featured_media":131953,"comment_status":"","ping_status":"","sticky":false,"template":"","format":"standard","meta":{"footnotes":""},"categories":[9587],"tags":[1111,11,215,1777,674,1011,27,12,5161,25,9590,104,25676],"class_list":{"0":"post-131952","1":"post","2":"type-post","3":"status-publish","4":"format-standard","5":"has-post-thumbnail","7":"category-rouen","8":"tag-actu","9":"tag-actualites","10":"tag-commerce","11":"tag-eu","12":"tag-europe","13":"tag-fr","14":"tag-france","15":"tag-news","16":"tag-normandie","17":"tag-republique-francaise","18":"tag-rouen","19":"tag-societe","20":"tag-tourville-la-riviere"},"share_on_mastodon":{"url":"https:\/\/pubeurope.com\/@fr\/114580232853582290","error":""},"_links":{"self":[{"href":"https:\/\/www.europesays.com\/fr\/wp-json\/wp\/v2\/posts\/131952","targetHints":{"allow":["GET"]}}],"collection":[{"href":"https:\/\/www.europesays.com\/fr\/wp-json\/wp\/v2\/posts"}],"about":[{"href":"https:\/\/www.europesays.com\/fr\/wp-json\/wp\/v2\/types\/post"}],"author":[{"embeddable":true,"href":"https:\/\/www.europesays.com\/fr\/wp-json\/wp\/v2\/users\/2"}],"replies":[{"embeddable":true,"href":"https:\/\/www.europesays.com\/fr\/wp-json\/wp\/v2\/comments?post=131952"}],"version-history":[{"count":0,"href":"https:\/\/www.europesays.com\/fr\/wp-json\/wp\/v2\/posts\/131952\/revisions"}],"wp:featuredmedia":[{"embeddable":true,"href":"https:\/\/www.europesays.com\/fr\/wp-json\/wp\/v2\/media\/131953"}],"wp:attachment":[{"href":"https:\/\/www.europesays.com\/fr\/wp-json\/wp\/v2\/media?parent=131952"}],"wp:term":[{"taxonomy":"category","embeddable":true,"href":"https:\/\/www.europesays.com\/fr\/wp-json\/wp\/v2\/categories?post=131952"},{"taxonomy":"post_tag","embeddable":true,"href":"https:\/\/www.europesays.com\/fr\/wp-json\/wp\/v2\/tags?post=131952"}],"curies":[{"name":"wp","href":"https:\/\/api.w.org\/{rel}","templated":true}]}}