{"id":131954,"date":"2025-05-27T14:19:08","date_gmt":"2025-05-27T14:19:08","guid":{"rendered":"https:\/\/www.europesays.com\/fr\/131954\/"},"modified":"2025-05-27T14:19:08","modified_gmt":"2025-05-27T14:19:08","slug":"un-violent-incendie-ravage-un-hangar-agricole-a-cholonge","status":"publish","type":"post","link":"https:\/\/www.europesays.com\/fr\/131954\/","title":{"rendered":"un violent incendie ravage un hangar agricole \u00e0 Cholonge"},"content":{"rendered":"<p itemprop=\"description\"><strong>Les d\u00e9g\u00e2ts sont terribles pour le propri\u00e9taire du b\u00e2timent.<\/strong><\/p>\n<p class=\"x_MsoNormal\" style=\"color: #242424; font-style: normal; font-variant-ligatures: normal; font-variant-caps: normal; font-weight: 400; letter-spacing: normal; orphans: 2; text-align: start; text-indent: 0px; text-transform: none; widows: 2; word-spacing: 0px; -webkit-text-stroke-width: 0px; white-space: normal; background-color: #ffffff; text-decoration-thickness: initial; text-decoration-style: initial; text-decoration-color: initial; margin: 0cm 0cm 8pt; line-height: 18.4px; font-size: 12pt; font-family: Calibri, sans-serif;\">Dans l\u2019apr\u00e8s-midi de ce lundi 26 mai, une cinquantaine de sapeurs-pompiers et quatre lances ont \u00e9t\u00e9 d\u00e9ploy\u00e9s pour combattre un important incendie sur la commune de Cholonge, au sud de Grenoble. Vers 16h30, des flammes ont commenc\u00e9 \u00e0 attaquer un hangar agricole.<\/p>\n<p class=\"x_MsoNormal\" style=\"color: #242424; font-style: normal; font-variant-ligatures: normal; font-variant-caps: normal; font-weight: 400; letter-spacing: normal; orphans: 2; text-align: start; text-indent: 0px; text-transform: none; widows: 2; word-spacing: 0px; -webkit-text-stroke-width: 0px; white-space: normal; background-color: #ffffff; text-decoration-thickness: initial; text-decoration-style: initial; text-decoration-color: initial; margin: 0cm 0cm 8pt; line-height: 18.4px; font-size: 12pt; font-family: Calibri, sans-serif;\">En quelques instants, les flammes se sont propag\u00e9es dans le hangar et ont compl\u00e8tement ravag\u00e9 800 m\u00e8tres carr\u00e9s sur 1200 m\u00e8tres carr\u00e9s de surface totale du b\u00e2timent.<\/p>\n<p class=\"x_MsoNormal\" style=\"color: #242424; font-style: normal; font-variant-ligatures: normal; font-variant-caps: normal; font-weight: 400; letter-spacing: normal; orphans: 2; text-align: start; text-indent: 0px; text-transform: none; widows: 2; word-spacing: 0px; -webkit-text-stroke-width: 0px; white-space: normal; background-color: #ffffff; text-decoration-thickness: initial; text-decoration-style: initial; text-decoration-color: initial; margin: 0cm 0cm 8pt; line-height: 18.4px; font-size: 12pt; font-family: Calibri, sans-serif;\">L\u2019incendie a pu \u00eatre ma\u00eetris\u00e9e par les soldats du feu aux alentours de 20h. Des op\u00e9rations d\u2019extinction ont continu\u00e9 \u00e0 \u00eatre men\u00e9es tout au long de la soir\u00e9e pour \u00e9viter une reprise des flammes.<\/p>\n","protected":false},"excerpt":{"rendered":"Les d\u00e9g\u00e2ts sont terribles pour le propri\u00e9taire du b\u00e2timent. Dans l\u2019apr\u00e8s-midi de ce lundi 26 mai, une cinquantaine&hellip;\n","protected":false},"author":2,"featured_media":131955,"comment_status":"","ping_status":"","sticky":false,"template":"","format":"standard","meta":{"footnotes":""},"categories":[9566],"tags":[1111,11,7733,8279,2430,7736,650,7734,2889,2263,1777,674,1011,27,2731,8280,6417,1114,108,4662,12,3725,1825,25,7737],"class_list":{"0":"post-131954","1":"post","2":"type-post","3":"status-publish","4":"format-standard","5":"has-post-thumbnail","7":"category-grenoble","8":"tag-actu","9":"tag-actualites","10":"tag-alpes","11":"tag-alpes1","12":"tag-auvergne-rhone-alpes","13":"tag-cds","14":"tag-cinema","15":"tag-ecoute","16":"tag-emission","17":"tag-equipe","18":"tag-eu","19":"tag-europe","20":"tag-fr","21":"tag-france","22":"tag-grenoble","23":"tag-haute","24":"tag-information","25":"tag-infos","26":"tag-isere","27":"tag-journal","28":"tag-news","29":"tag-podcast","30":"tag-radio","31":"tag-republique-francaise","32":"tag-winamp"},"share_on_mastodon":{"url":"https:\/\/pubeurope.com\/@fr\/114580236827459673","error":""},"_links":{"self":[{"href":"https:\/\/www.europesays.com\/fr\/wp-json\/wp\/v2\/posts\/131954","targetHints":{"allow":["GET"]}}],"collection":[{"href":"https:\/\/www.europesays.com\/fr\/wp-json\/wp\/v2\/posts"}],"about":[{"href":"https:\/\/www.europesays.com\/fr\/wp-json\/wp\/v2\/types\/post"}],"author":[{"embeddable":true,"href":"https:\/\/www.europesays.com\/fr\/wp-json\/wp\/v2\/users\/2"}],"replies":[{"embeddable":true,"href":"https:\/\/www.europesays.com\/fr\/wp-json\/wp\/v2\/comments?post=131954"}],"version-history":[{"count":0,"href":"https:\/\/www.europesays.com\/fr\/wp-json\/wp\/v2\/posts\/131954\/revisions"}],"wp:featuredmedia":[{"embeddable":true,"href":"https:\/\/www.europesays.com\/fr\/wp-json\/wp\/v2\/media\/131955"}],"wp:attachment":[{"href":"https:\/\/www.europesays.com\/fr\/wp-json\/wp\/v2\/media?parent=131954"}],"wp:term":[{"taxonomy":"category","embeddable":true,"href":"https:\/\/www.europesays.com\/fr\/wp-json\/wp\/v2\/categories?post=131954"},{"taxonomy":"post_tag","embeddable":true,"href":"https:\/\/www.europesays.com\/fr\/wp-json\/wp\/v2\/tags?post=131954"}],"curies":[{"name":"wp","href":"https:\/\/api.w.org\/{rel}","templated":true}]}}