{"id":131956,"date":"2025-05-27T14:20:15","date_gmt":"2025-05-27T14:20:15","guid":{"rendered":"https:\/\/www.europesays.com\/fr\/131956\/"},"modified":"2025-05-27T14:20:15","modified_gmt":"2025-05-27T14:20:15","slug":"grenoble-pourquoi-pres-de-500-brebis-debarquent-en-ville-et-quand-voir-levenement","status":"publish","type":"post","link":"https:\/\/www.europesays.com\/fr\/131956\/","title":{"rendered":"Grenoble. Pourquoi pr\u00e8s de 500 brebis d\u00e9barquent en ville et quand voir l&rsquo;\u00e9v\u00e9nement"},"content":{"rendered":"<p>            Par<br \/>\n        <strong><br \/>\n            <a href=\"https:\/\/actu.fr\/auteur\/lisa-rodrigues\" title=\"Consulter tous les articles de Lisa Rodrigues\" target=\"_blank\" rel=\"noopener\">Lisa Rodrigues<\/a><br \/>\n        <\/strong><\/p>\n<p>        Publi\u00e9 le<\/p>\n<p>            27 mai 2025 \u00e0 14h33        <\/p>\n<p><img decoding=\"async\" loading=\"lazy\" src=\"https:\/\/www.europesays.com\/fr\/wp-content\/uploads\/2025\/05\/transhumance-grenoble-facebook-anahide-mardirossian-960x640.jpg\" alt=\"Pour la deuxi\u00e8me ann\u00e9e cons\u00e9cutive, la transhumance de 500 brebis passera par la M\u00e9tropole de Grenoble, entre le 29 mai et le 4 juin.\" width=\"960\" height=\"640\"\/>Pour la deuxi\u00e8me ann\u00e9e cons\u00e9cutive, la transhumance passera par la M\u00e9tropole de Grenoble, entre le 29 mai et le 4 juin, avec ses 500 brebis. (\u00a9Facebook Anahide Mardirossian)<\/p>\n<p class=\" wall-content\">Comme un air de montagne en ville. Pendant une semaine, du mercredi 28 mai au mercredi 4 juin, pr\u00e8s de <strong>500 brebis<\/strong> vont traverser la M\u00e9tropole de <a href=\"https:\/\/actu.fr\/auvergne-rhone-alpes\/grenoble_38185\" target=\"_blank\" rel=\"noopener\">Grenoble<\/a> pour leur grande transhumance d\u2019une <strong>quarantaine de kilom\u00e8tres<\/strong> vers leur alpage estival en Chartreuse. Elles y resteront jusqu\u2019au mois d\u2019octobre.<\/p>\n<p class=\" wall-content\">Deux \u00e9leveurs-bergers sont \u00e0 la man\u0153uvre \u2013 Eudes et Lise \u2013 pour la deuxi\u00e8me ann\u00e9e cons\u00e9cutive. Le d\u00e9part est donn\u00e9 \u00e0 Vourey, aux portes de Grenoble, avec une arriv\u00e9e pr\u00e9vue au Col de Porte \u00e0 Sarcenas.<\/p>\n<p>    <a href=\"https:\/\/www.google.com\/maps\/embed?pb=!1m18!1m12!1m3!1d22455.396213507815!2d5.728122480443831!3d45.289746824433614!2m3!1f0!2f0!3f0!3m2!1i1024!2i768!4f13.1!3m3!1m2!1s0x478af773daca4a41%3A0x17d37b1a8093b627!2sCol%20de%20Porte!5e0!3m2!1sfr!2sfr!4v1748333893543!5m2!1sfr!2sfr\" title=\"Ouvrie le lien\" target=\"_blank\" rel=\"noopener\">Cliquez ici pour visualiser le contenu<\/a><\/p>\n<p>Deux temps de rencontre<\/p>\n<p class=\" wall-content\">Plusieurs arr\u00eats sont pr\u00e9vus sur le parcours. Le troupeau va d\u2019abord remonter l\u2019Is\u00e8re jusqu\u2019\u00e0 Veurey-Voroize, dans le secteur du Verdaret, jeudi 29 mai. La travers\u00e9e de la M\u00e9tropole \u00e0 proprement parler va d\u00e9marrer vendredi 30 mai.<\/p>\n<p class=\" wall-content\">Samedi 31 mai, les brebis vont se rendre au <strong>parc de Fiancey<\/strong> \u00e0 <a href=\"https:\/\/actu.fr\/auvergne-rhone-alpes\/saint-egreve_38382\" target=\"_blank\" rel=\"noopener\">Saint-\u00c9gr\u00e8ve<\/a>, o\u00f9 elles vont p\u00e2turer toute la journ\u00e9e.<\/p>\n<p>Vid\u00e9os : en ce moment sur Actu<br \/>\n    <a href=\"https:\/\/www.google.com\/maps\/embed?pb=!1m18!1m12!1m3!1d5620.504560694469!2d5.689740876137467!3d45.222464171071!2m3!1f0!2f0!3f0!3m2!1i1024!2i768!4f13.1!3m3!1m2!1s0x478af3c3665f64bd%3A0xe8a4412366e8b7f!2sParc%20de%20Fiancey!5e0!3m2!1sfr!2sfr!4v1748346394046!5m2!1sfr!2sfr\" title=\"Ouvrie le lien\" target=\"_blank\" rel=\"noopener\">Cliquez ici pour visualiser le contenu<\/a><\/p>\n<p class=\" wall-content\">\u00ab\u00a0Ce sera le moment id\u00e9al pour <strong>d\u00e9couvrir le troupeau<\/strong> et discuter avec les bergers de leur activit\u00e9 pastorale et de la cohabitation avec les autres activit\u00e9s en montagne\u00a0\u00bb, pr\u00e9cise <a href=\"https:\/\/actu.fr\/tag\/grenoble-alpes-metropole\" target=\"_blank\" rel=\"noopener\">Grenoble-Alpes M\u00e9tropole<\/a>, qui a aid\u00e9 \u00e0 l\u2019organisation de la transhumance.<\/p>\n<p class=\" wall-content\">Entre le dimanche 1er et le lundi 2 juin, le troupeau va passer par Quaix-en-Chartreuse jusqu\u2019\u00e0 la M\u00e9arie, avant d\u2019arriver mardi 3 juin \u00e0 Sarcenas. L\u2019arriv\u00e9e est pr\u00e9vue le lendemain au col de Porte, o\u00f9 un \u00ab\u00a0temps convivial\u00a0\u00bb est programm\u00e9, avec des animations et une pique-nique partag\u00e9.<\/p>\n<p>Les r\u00e8gles pr\u00e8s du troupeau<\/p>\n<p class=\" wall-content\">Pendant leur passage en ville, les habitants peuvent marcher aux c\u00f4t\u00e9s du troupeau. Avec toutefois quelques <strong>petites r\u00e8gles de bonne conduite<\/strong> \u00e0 rappeler.<\/p>\n<p class=\" wall-content\">Il est notamment demand\u00e9 de ne pas amener son propre animal pendant la balade pour ne <strong>pas perturber les chiens de troupeaux<\/strong>. \u00ab\u00a0Ils sont en <a href=\"https:\/\/actu.fr\/societe\/des-patous-ont-attaque-un-randonneur-en-haute-savoie-voici-les-regles-a-respecter-si-vous-en-croisez-un_61619390.html\" target=\"_blank\" rel=\"noopener\">permanence en train de travailler<\/a>\u00a0: il faut les laisser tranquilles\u00a0\u00bb, souligne Eudes, l\u2019un des deux \u00e9leveurs-bergers, \u00e0 la r\u00e9daction.<\/p>\n<p>La transhumance \u00e0 Grenoble, ce n&rsquo;est pas une premi\u00e8re<\/p>\n<p>Eudes et Lise passent pour la deuxi\u00e8me ann\u00e9e avec leur troupeau de 500 brebis par la M\u00e9tropole de Grenoble, qui a d\u00e9j\u00e0 connu par le pass\u00e9 des transhumances \u00ab\u00a0jusque dans les ann\u00e9es 1950\u00a0\u00bb, estime Eudes. Et aujourd&rsquo;hui, la pratique est loin d&rsquo;\u00eatre aussi insolite, assure le berger. \u00ab\u00a0Des \u00e9leveurs qui transhument \u00e0 pied sur 60 kilom\u00e8tres, c&rsquo;est assez fr\u00e9quent. L\u00e0, c&rsquo;est juste il se trouve qu&rsquo;on passe par Grenoble.\u00a0\u00bb<\/p>\n<p class=\" wall-content\">Car guider la transhumance de 500 brebis \u2013 dont 150 agneaux n\u00e9s en d\u00e9but d\u2019ann\u00e9e \u2013 demande une <strong>attention constante<\/strong>\u2026 Et un peu de place ! \u00ab\u00a0On ne peut pas les faire passer dans les petites rues pas tr\u00e8s larges.\u00a0\u00bb\u00a0<\/p>\n<p class=\" wall-content\">De <strong>l\u00e9g\u00e8res perturbations de circulation<\/strong> sont \u00e0 pr\u00e9voir le temps de passage du troupeau, sans que des d\u00e9viations particuli\u00e8res ne soient mises en place, pr\u00e9cisent les services de Grenoble Alpes M\u00e9tropole \u00e0 actu Grenoble.\u00a0<\/p>\n<p class=\" wall-content\">Suivez toute l\u2019actualit\u00e9 de vos villes et m\u00e9dias favoris en vous inscrivant \u00e0 <a href=\"https:\/\/moncompte.actu.fr\" title=\"D\u00e9couvez Mon Actu\" rel=\"nofollow noopener\" data-trk=\"{&quot;cta&quot;:{&quot;action&quot;:&quot;https:\\\/\\\/moncompte.actu.fr&quot;,&quot;category&quot;:&quot;mon compte&quot;,&quot;from&quot;:&quot;article footer&quot;,&quot;name&quot;:&quot;Mon actu&quot;,&quot;type&quot;:&quot;cta&quot;}}\" target=\"_blank\">Mon Actu<\/a>.<\/p>\n","protected":false},"excerpt":{"rendered":"Par Lisa Rodrigues Publi\u00e9 le 27 mai 2025 \u00e0 14h33 Pour la deuxi\u00e8me ann\u00e9e cons\u00e9cutive, la transhumance passera&hellip;\n","protected":false},"author":2,"featured_media":131957,"comment_status":"","ping_status":"","sticky":false,"template":"","format":"standard","meta":{"footnotes":""},"categories":[9566],"tags":[1111,11,1867,2430,1777,674,1011,27,2731,19692,1757,5324,12,25],"class_list":{"0":"post-131956","1":"post","2":"type-post","3":"status-publish","4":"format-standard","5":"has-post-thumbnail","7":"category-grenoble","8":"tag-actu","9":"tag-actualites","10":"tag-animaux","11":"tag-auvergne-rhone-alpes","12":"tag-eu","13":"tag-europe","14":"tag-fr","15":"tag-france","16":"tag-grenoble","17":"tag-grenoble-alpes-metropole","18":"tag-insolite","19":"tag-montagne","20":"tag-news","21":"tag-republique-francaise"},"share_on_mastodon":{"url":"https:\/\/pubeurope.com\/@fr\/114580240769384641","error":""},"_links":{"self":[{"href":"https:\/\/www.europesays.com\/fr\/wp-json\/wp\/v2\/posts\/131956","targetHints":{"allow":["GET"]}}],"collection":[{"href":"https:\/\/www.europesays.com\/fr\/wp-json\/wp\/v2\/posts"}],"about":[{"href":"https:\/\/www.europesays.com\/fr\/wp-json\/wp\/v2\/types\/post"}],"author":[{"embeddable":true,"href":"https:\/\/www.europesays.com\/fr\/wp-json\/wp\/v2\/users\/2"}],"replies":[{"embeddable":true,"href":"https:\/\/www.europesays.com\/fr\/wp-json\/wp\/v2\/comments?post=131956"}],"version-history":[{"count":0,"href":"https:\/\/www.europesays.com\/fr\/wp-json\/wp\/v2\/posts\/131956\/revisions"}],"wp:featuredmedia":[{"embeddable":true,"href":"https:\/\/www.europesays.com\/fr\/wp-json\/wp\/v2\/media\/131957"}],"wp:attachment":[{"href":"https:\/\/www.europesays.com\/fr\/wp-json\/wp\/v2\/media?parent=131956"}],"wp:term":[{"taxonomy":"category","embeddable":true,"href":"https:\/\/www.europesays.com\/fr\/wp-json\/wp\/v2\/categories?post=131956"},{"taxonomy":"post_tag","embeddable":true,"href":"https:\/\/www.europesays.com\/fr\/wp-json\/wp\/v2\/tags?post=131956"}],"curies":[{"name":"wp","href":"https:\/\/api.w.org\/{rel}","templated":true}]}}