{"id":131958,"date":"2025-05-27T14:21:08","date_gmt":"2025-05-27T14:21:08","guid":{"rendered":"https:\/\/www.europesays.com\/fr\/131958\/"},"modified":"2025-05-27T14:21:08","modified_gmt":"2025-05-27T14:21:08","slug":"la-programmation-de-la-derniere-scene-la-kouign-zone-devoilee","status":"publish","type":"post","link":"https:\/\/www.europesays.com\/fr\/131958\/","title":{"rendered":"la programmation de la derni\u00e8re sc\u00e8ne, la Kouign Zone, d\u00e9voil\u00e9e"},"content":{"rendered":"<p>            Par<br \/>\n        <strong><br \/>\n            <a href=\"https:\/\/actu.fr\/auteur\/brian-legoff\" title=\"Consulter tous les articles de Brian Le Goff\" target=\"_blank\" rel=\"noopener\">Brian Le Goff<\/a><br \/>\n        <\/strong><\/p>\n<p>        Publi\u00e9 le<\/p>\n<p>            27 mai 2025 \u00e0 16h02        <\/p>\n<p><a href=\"https:\/\/actu.fr\/bretagne\/rennes_35238\/en-images-festival-du-roi-arthur-decouvrez-la-kouign-zone-ce-nouveau-lieu-ouvert-a-tous_53399042.html\" target=\"_blank\" rel=\"noopener\">Inaugur\u00e9e en 2022, la Kouign Zone<\/a> a imm\u00e9diatement <strong>rencontr\u00e9 son public<\/strong> au sein du <a href=\"https:\/\/actu.fr\/tag\/festival-du-roi-arthur\" target=\"_blank\" rel=\"noopener\">festival du Roi Arthur<\/a>. Cette <strong>sc\u00e8ne d\u00e9di\u00e9e aux artistes \u00e9lectro<\/strong> qui rassemble des centaines de spectateurs se veut <strong>\u00ab\u2009la guinguette f\u00eate foraine\u2009\u00bb<\/strong> un poil d\u00e9jant\u00e9e de l\u2019\u00e9v\u00e9nement musical. Mardi 27\u00a0mai, l\u2019organisation du festival a d\u00e9voil\u00e9 sa programmation, compl\u00e9tant en m\u00eame la liste des artistes pr\u00e9sents au Roi Arthur cette ann\u00e9e.<\/p>\n<blockquote class=\"ac-article-quote wall-content\">\n<p>Dans cette are\u0300ne effervescente, les beats surgissent, les basses grondent, les corps s\u2019agitent et les frontie\u0300res s\u2019effacent. La Kouign Zone, c\u2019est le laboratoire de la nuit, la sce\u0300ne ou\u0300 l\u2019e\u0301nergie brute et les identite\u0301s sonores se libe\u0300rent.<\/p>\n<p>    <strong>Festival du Roi Arthur<\/strong>\n            <\/p><\/blockquote>\n<p class=\" wall-content\">Ainsi, <strong>12 artistes,<\/strong> avec une mise \u00e0 l\u2019honneur de la sc\u00e8ne locale, se succ\u00e9deront sur la sc\u00e8ne de la Kouign Zone\u2009:<\/p>\n<ul class=\" wall-content\">\n<li><strong>Swooh \u2013<\/strong> DJ et productrice brestoise, elle renouvelle l\u2019e\u0301lectronique me\u0302lant g-tech, e\u0301lectro et footwork aux sonorite\u0301s actuelles\u2009;<\/li>\n<\/ul>\n<p class=\" wall-content\"><a href=\"https:\/\/www.instagram.com\/p\/DIO1PcstO8D\/embed\" title=\"Ouvrir le lien sur Instagram\" target=\"_blank\" rel=\"noopener\">Visualiser le contenu sur Instagram<\/a><\/p>\n<ul class=\" wall-content\">\n<li><strong>Lowbass \u2013<\/strong> Fide\u0300le a\u0300 son nom, cette DJ membre des S\u0153urs Malsaines creuse des sillons graveleux entre dubstep, bass music et sonorite\u0301s breake\u0301es\u2009;<\/li>\n<\/ul>\n<p>Vid\u00e9os : en ce moment sur Actu<\/p>\n<p class=\" wall-content\">\n<ul class=\" wall-content\">\n<li><strong>Unklevon (live) \u2013<\/strong> Machine a\u0300 danser, ses sets gorge\u0301s d\u2019EBM, rave et ghetto house font rugir la nuit. Ve\u0301ritable cre\u0301ateur, Unklevon produira un show live pour la Kouign Zone\u2009;<\/li>\n<\/ul>\n<p class=\" wall-content\"><a href=\"https:\/\/www.instagram.com\/p\/CtHUVekM66S\/embed\" title=\"Ouvrir le lien sur Instagram\" target=\"_blank\" rel=\"noopener\">Visualiser le contenu sur Instagram<\/a><\/p>\n<ul class=\" wall-content\">\n<li><strong>Cuften (live) \u2013<\/strong> Be\u0302te de sce\u0300ne et prince du hardware\u2009: le producteur normand promet un live analogique aux nappes acides et a\u0300 la tension palpable\u2009;<\/li>\n<\/ul>\n<p class=\" wall-content\">\n<ul class=\" wall-content\">\n<li><strong>Britney Speed<\/strong> <strong>\u2013<\/strong> Trance, hard house, rythmes groovy et techno se percutent dans ses DJ sets survitamine\u0301s. A\u0300 e\u0301couter debout, ou pas du tout\u2009;<\/li>\n<\/ul>\n<p class=\" wall-content\">\n<ul class=\" wall-content\">\n<li><strong>Bet\u00efses \u2013<\/strong> E\u0301lue \u00ab\u2009ambassadrice du chaos organise\u0301\u2009\u00bb, elle me\u0302le rave, break et glitch dans une transe fre\u0301ne\u0301tique\u2009;<\/li>\n<\/ul>\n<p class=\" wall-content\"><a href=\"https:\/\/www.instagram.com\/p\/DH_VKEFtU87\/embed\" title=\"Ouvrir le lien sur Instagram\" target=\"_blank\" rel=\"noopener\">Visualiser le contenu sur Instagram<\/a><\/p>\n<ul class=\" wall-content\">\n<li><strong>Yann Polewka \u2013<\/strong> Tombe\u0301 dans le chaudron de la house music, il contamine ses auditeurs de sa passion\u2009;<\/li>\n<\/ul>\n<p class=\" wall-content\">\n<ul class=\" wall-content\">\n<li><strong>Soa420 \u2013<\/strong> Ambassadrice d\u2019un hip-hop sans filtre, sa prose directe et incisive secoue les fondations. Elle met les femmes artistes et minorite\u0301s dans la musique e\u0301lectronique sous les projecteurs gra\u0302ce au collectif Zone Rouge\u2009;<\/li>\n<\/ul>\n<p class=\" wall-content\">\n<ul class=\" wall-content\">\n<li><strong>Laton Raver \u2013<\/strong> Re\u0301sident du dancefloor souterrain, ses se\u0301lections flirtent avec l\u2019oldschool et des sonorite\u0301s contemporaines. Un voyage sensoriel aux nuances varie\u0301es assure\u0301\u2009;<\/li>\n<\/ul>\n<p class=\" wall-content\">\n<ul class=\" wall-content\">\n<li><strong>Eva Loza \u2013<\/strong> Cre\u0301ative et percutante, elle transcende les genres, entre sonorite\u0301s groovy, la UK, l\u2019acid et la drum and bass\u2009;<\/li>\n<\/ul>\n<p class=\" wall-content\"><a href=\"https:\/\/www.instagram.com\/p\/DEDNnXGsmzf\/embed\" title=\"Ouvrir le lien sur Instagram\" target=\"_blank\" rel=\"noopener\">Visualiser le contenu sur Instagram<\/a><\/p>\n<ul class=\" wall-content\">\n<li><strong>Rose\u0301 Bonheur &amp; Jose\u0301 Pamplemousse \u2013<\/strong> Fe\u0301rus de tracks aux paroles chantantes et kicks dansants, les deux DJ rennais vous emme\u0300neront dans leur univers toujours me\u0301lodieux, jamais ennuyeux\u2009;<\/li>\n<\/ul>\n<p class=\" wall-content\"><a href=\"https:\/\/www.instagram.com\/p\/C8AovbTs9j3\/embed\" title=\"Ouvrir le lien sur Instagram\" target=\"_blank\" rel=\"noopener\">Visualiser le contenu sur Instagram<\/a><\/p>\n<ul class=\" wall-content\">\n<li><strong>Saturnalia \u2013<\/strong> Saturnalia vous fait de\u0301couvrir le DJ lorientais M\u00c6L au Mafeu\u2009! Le DJ fac\u0327onne un univers puissant aux influences house, trance et hard techno. Son ascension ne fait que commencer\u2009;<\/li>\n<\/ul>\n<p class=\" wall-content\"><a href=\"https:\/\/www.instagram.com\/p\/C_LpuK3sTQh\/embed\" title=\"Ouvrir le lien sur Instagram\" target=\"_blank\" rel=\"noopener\">Visualiser le contenu sur Instagram<\/a><\/p>\n<p>Re\u0301cap\u2019 par jour :<\/p>\n<p>22 aou\u0302t : EVA LOZA, UNKLEVON (live), SOA420, SWOOH<br \/>23 aou\u0302t : SATURNALIA, BRITNEY SPEED, BETI\u0308SES, LOWBASS <br \/>24 aou\u0302t : ROSE\u0301 BONHEUR &amp; JOSE\u0301 PAMPLEMOUSSE, YANN POLEWKA, CUFTEN (live), LATON RAVER<\/p>\n<p class=\" wall-content\">Si la programmation musicale est \u00e0 pr\u00e9sent compl\u00e8te, le Roi Arthur promet encore quelques surprises pour la <strong>future annonce des animations<\/strong> qui accompagneront les artistes de la Kouign Zone. Restera <strong>aussi la programmation du Village du Roi Arthur<\/strong>, situ\u00e9 dans le centre-ville de Br\u00e9al-sous-Montfort, \u00ab\u2009zone familiale et gratuite\u2009\u00bb du festival.<\/p>\n<p>Acc\u00e9dez \u00e0 la <a href=\"https:\/\/www.festivalduroiarthur.fr\/billetterie\/\" target=\"_blank\" rel=\"noopener\">billetterie<\/a>.<\/p>\n<p class=\" wall-content\">Suivez toute l\u2019actualit\u00e9 de vos villes et m\u00e9dias favoris en vous inscrivant \u00e0 <a href=\"https:\/\/moncompte.actu.fr\" title=\"D\u00e9couvez Mon Actu\" rel=\"nofollow noopener\" data-trk=\"{&quot;cta&quot;:{&quot;action&quot;:&quot;https:\\\/\\\/moncompte.actu.fr&quot;,&quot;category&quot;:&quot;mon compte&quot;,&quot;from&quot;:&quot;article footer&quot;,&quot;name&quot;:&quot;Mon actu&quot;,&quot;type&quot;:&quot;cta&quot;}}\" target=\"_blank\">Mon Actu<\/a>.<\/p>\n<ul class=\"ac-article-tag wall-content\">\n<li><a href=\"https:\/\/actu.fr\/tag\/festival-du-roi-arthur\" data-trk=\"{&quot;cta&quot;:{&quot;action&quot;:&quot;Festival du Roi Arthur&quot;,&quot;category&quot;:&quot;tag&quot;,&quot;from&quot;:&quot;article footer&quot;,&quot;name&quot;:&quot;Festival du Roi Arthur&quot;,&quot;type&quot;:&quot;cta&quot;}}\" target=\"_blank\" rel=\"noopener\">#Festival du Roi Arthur<\/a><\/li>\n<li><a href=\"https:\/\/actu.fr\/tag\/musique\" data-trk=\"{&quot;cta&quot;:{&quot;action&quot;:&quot;Musique&quot;,&quot;category&quot;:&quot;tag&quot;,&quot;from&quot;:&quot;article footer&quot;,&quot;name&quot;:&quot;Musique&quot;,&quot;type&quot;:&quot;cta&quot;}}\" target=\"_blank\" rel=\"noopener\">#Musique<\/a><\/li>\n<\/ul>\n<p>                    <script async src=\"\/\/www.instagram.com\/embed.js\"><\/script><\/p>\n","protected":false},"excerpt":{"rendered":"Par Brian Le Goff Publi\u00e9 le 27 mai 2025 \u00e0 16h02 Inaugur\u00e9e en 2022, la Kouign Zone a&hellip;\n","protected":false},"author":2,"featured_media":131959,"comment_status":"","ping_status":"","sticky":false,"template":"","format":"standard","meta":{"footnotes":""},"categories":[2821],"tags":[1111,11,829,1777,674,849,25677,1011,27,1652,873,12,584,25],"class_list":{"0":"post-131958","1":"post","2":"type-post","3":"status-publish","4":"format-standard","5":"has-post-thumbnail","7":"category-rennes","8":"tag-actu","9":"tag-actualites","10":"tag-bretagne","11":"tag-eu","12":"tag-europe","13":"tag-festival","14":"tag-festival-du-roi-arthur","15":"tag-fr","16":"tag-france","17":"tag-loisirs-culture","18":"tag-musique","19":"tag-news","20":"tag-rennes","21":"tag-republique-francaise"},"share_on_mastodon":{"url":"https:\/\/pubeurope.com\/@fr\/114580244644490865","error":""},"_links":{"self":[{"href":"https:\/\/www.europesays.com\/fr\/wp-json\/wp\/v2\/posts\/131958","targetHints":{"allow":["GET"]}}],"collection":[{"href":"https:\/\/www.europesays.com\/fr\/wp-json\/wp\/v2\/posts"}],"about":[{"href":"https:\/\/www.europesays.com\/fr\/wp-json\/wp\/v2\/types\/post"}],"author":[{"embeddable":true,"href":"https:\/\/www.europesays.com\/fr\/wp-json\/wp\/v2\/users\/2"}],"replies":[{"embeddable":true,"href":"https:\/\/www.europesays.com\/fr\/wp-json\/wp\/v2\/comments?post=131958"}],"version-history":[{"count":0,"href":"https:\/\/www.europesays.com\/fr\/wp-json\/wp\/v2\/posts\/131958\/revisions"}],"wp:featuredmedia":[{"embeddable":true,"href":"https:\/\/www.europesays.com\/fr\/wp-json\/wp\/v2\/media\/131959"}],"wp:attachment":[{"href":"https:\/\/www.europesays.com\/fr\/wp-json\/wp\/v2\/media?parent=131958"}],"wp:term":[{"taxonomy":"category","embeddable":true,"href":"https:\/\/www.europesays.com\/fr\/wp-json\/wp\/v2\/categories?post=131958"},{"taxonomy":"post_tag","embeddable":true,"href":"https:\/\/www.europesays.com\/fr\/wp-json\/wp\/v2\/tags?post=131958"}],"curies":[{"name":"wp","href":"https:\/\/api.w.org\/{rel}","templated":true}]}}