{"id":13196,"date":"2025-04-09T17:41:09","date_gmt":"2025-04-09T17:41:09","guid":{"rendered":"https:\/\/www.europesays.com\/fr\/13196\/"},"modified":"2025-04-09T17:41:09","modified_gmt":"2025-04-09T17:41:09","slug":"quelle-equipe-pour-toulouse-contre-toulon","status":"publish","type":"post","link":"https:\/\/www.europesays.com\/fr\/13196\/","title":{"rendered":"quelle \u00e9quipe pour Toulouse contre Toulon"},"content":{"rendered":"<p>            Par<br \/>\n        <strong><br \/>\n            <a href=\"https:\/\/actu.fr\/auteur\/thomas-corbet-actu-fr\" title=\"Consulter tous les articles de Thomas Corbet\" rel=\"nofollow noopener\" target=\"_blank\">Thomas Corbet<\/a><br \/>\n        <\/strong><\/p>\n<p>        Publi\u00e9 le<\/p>\n<p>            8 avr. 2025 \u00e0 15h51        <\/p>\n<p>Qualifi\u00e9 pour les quarts de finale de Champions Cup apr\u00e8s sa victoire lors des 8es de finale face \u00e0 Sale, <strong>Toulouse<\/strong> affrontera <strong>Toulon<\/strong> dimanche 13 avril \u00e0 16h. Amoindri notamment par la <a href=\"https:\/\/actu.fr\/occitanie\/toulouse_31555\/champions-cup-plus-de-peur-que-de-mal-pour-capuozzo-apres-sa-blessure-lors-de-toulouse-sale_62474868.html\" rel=\"nofollow noopener\" target=\"_blank\">blessure d\u2019Ange Capuozzo<\/a>, le <a href=\"https:\/\/actu.fr\/rugby\/equipe\/toulouse_64dd31517b8c09c4fec880ad\/\" rel=\"nofollow noopener\" target=\"_blank\">Stade Toulousain<\/a> devrait apporter quelques <strong>modifications \u00e0 sa composition d\u2019\u00e9quipe<\/strong>.\u00a0<\/p>\n<p>Quelle \u00e9quipe pour Toulouse en quart contre Toulon<\/p>\n<p class=\" wall-content\">Bien \u00e9videmment, le forfait d\u2019Ange Capuozzo victime d\u2019une entorse de la cheville est act\u00e9. Contraint d\u2019observer trois semaines d\u2019immobilisation totale avant sa reprise, l\u2019Italien conserve n\u00e9anmoins une chance de rejouer avant la fin de la saison comme \u00e9voqu\u00e9 en d\u00e9but de semaine.<\/p>\n<p class=\" wall-content\">\u00ab\u00a0Vous le reverrez\u00a0\u00bb, nous annon\u00e7ait-on confiant dans l\u2019environnement du club \u00e0 l\u2019occasion de l\u2019entrainement ouvert \u00e0 la presse.<\/p>\n<p class=\" wall-content\">En revanche, d\u2019autres questions vont se poser pour Ugo Mola et son staff, notamment au regard du retour de suspension de Peato Mauvaka qui semblait avoir endoss\u00e9 le r\u00f4le de titulaire depuis plusieurs mois. Retrouvera-t-il le num\u00e9ro 2 \u00e0 la place du capitaine Julien Marchand ? Pas s\u00fbr\u2026<\/p>\n<p class=\" wall-content\">Mauvaka n\u2019est d\u2019ailleurs pas le seul qui pourrait \u00e0 nouveau pr\u00e9tendre \u00e0 une place dans le XV de d\u00e9part puisque l\u2019Argentin Santiago Chocobares en a lui aussi fini avec ses soucis aux ischio-jambiers. Entre lui, Pita Ahki et Pierre-Louis Barassi, les places seront ch\u00e8res au centre du terrain.\u00a0<\/p>\n<p class=\" wall-content\">Nelson \u00c9p\u00e9e est \u00e9galement de retour (passage \u00e0 7) tout comme C\u00e9lian Pouzelgues. En revanche, l\u2019incertitude continue de planer pour Richie Arnold et Joshua Brennan, touch\u00e9s \u00e0 un mollet et qui \u00ab\u00a0sont g\u00e9r\u00e9s cette semaine\u00a0\u00bb d\u2019apr\u00e8s l\u2019encadrement du club. Aucun risque ne sera pris les concernant.\u00a0<\/p>\n<p>Vid\u00e9os : en ce moment sur ActuNtamack ou Mall\u00eda \u00e0 l\u2019ouverture<\/p>\n<p class=\" wall-content\">Est-ce vraiment un casse-t\u00eate ou le d\u00e9bat est-il d\u00e9j\u00e0 limpide et tranch\u00e9 dans la t\u00eate du staff rouge et noir ? On ne saurait dire. Quoi qu\u2019il en soit, beaucoup se sont d\u00e9j\u00e0 pos\u00e9 la question et elle n\u2019est pas sans l\u00e9gitimit\u00e9.<\/p>\n<p class=\" wall-content\">La voici : faut-il faire d\u00e9marrer Juan Cruz Mall\u00eda \u00e0 l\u2019ouverture, l\u2019Argentin marchant sur l\u2019eau depuis plusieurs mois, \u00e0 la place d\u2019un Romain Ntamack l\u00e9g\u00e8rement effac\u00e9 contre Sale ? Cela n\u2019aurait rien de scandaleux \u00e9videmment.<\/p>\n<p class=\" wall-content\">Une telle option permettrait \u00e0 Matthis Lebel ou Dimitri Delibes de rentrer sur une aile. N\u00e9anmoins, dans l\u2019id\u00e9e d\u2019un banc 6-2, l\u2019hyper polyvalence du joueurs des Pumas fait de lui le super rempla\u00e7ant id\u00e9al\u2026<\/p>\n<p class=\" wall-content\">Un tel choix pourrait aussi fragiliser l\u2019ouvreur de Toulouse et des Bleus en vue de la fin de saison. Ou piquer son orgueil, d\u2019autant plus qu\u2019il est mentalement assez solide pour encaisser ce genre de coups. On n\u2019oubliera toutefois pas qu\u2019il est rare de le voir manquer deux rendez-vous cons\u00e9cutifs\u2026.<\/p>\n<p class=\" wall-content\">Suivez toute l\u2019actualit\u00e9 de vos villes et m\u00e9dias favoris en vous inscrivant \u00e0 <a href=\"https:\/\/moncompte.actu.fr\" title=\"D\u00e9couvez Mon Actu\" rel=\"nofollow noopener\" data-trk=\"{&quot;cta&quot;:{&quot;action&quot;:&quot;https:\\\/\\\/moncompte.actu.fr&quot;,&quot;category&quot;:&quot;mon compte&quot;,&quot;from&quot;:&quot;article footer&quot;,&quot;name&quot;:&quot;Mon actu&quot;,&quot;type&quot;:&quot;cta&quot;}}\" target=\"_blank\">Mon Actu<\/a>.<\/p>\n<ul class=\"ac-article-tag wall-content\">\n<li><a href=\"https:\/\/actu.fr\/tag\/champions-cup\" data-trk=\"{&quot;cta&quot;:{&quot;action&quot;:&quot;Champions Cup&quot;,&quot;category&quot;:&quot;tag&quot;,&quot;from&quot;:&quot;article footer&quot;,&quot;name&quot;:&quot;Champions Cup&quot;,&quot;type&quot;:&quot;cta&quot;}}\" rel=\"nofollow noopener\" target=\"_blank\">#Champions Cup<\/a><\/li>\n<li><a href=\"https:\/\/actu.fr\/tag\/stade-toulousain\" data-trk=\"{&quot;cta&quot;:{&quot;action&quot;:&quot;Stade toulousain&quot;,&quot;category&quot;:&quot;tag&quot;,&quot;from&quot;:&quot;article footer&quot;,&quot;name&quot;:&quot;Stade toulousain&quot;,&quot;type&quot;:&quot;cta&quot;}}\" rel=\"nofollow noopener\" target=\"_blank\">#Stade toulousain<\/a><\/li>\n<\/ul>\n","protected":false},"excerpt":{"rendered":"Par Thomas Corbet Publi\u00e9 le 8 avr. 2025 \u00e0 15h51 Qualifi\u00e9 pour les quarts de finale de Champions&hellip;\n","protected":false},"author":2,"featured_media":13197,"comment_status":"","ping_status":"","sticky":false,"template":"","format":"standard","meta":{"footnotes":""},"categories":[9],"tags":[3460,1089,1011,27,479,60,476],"class_list":{"0":"post-13196","1":"post","2":"type-post","3":"status-publish","4":"format-standard","5":"has-post-thumbnail","7":"category-sports","8":"tag-champions-cup","9":"tag-coupe-deurope","10":"tag-fr","11":"tag-france","12":"tag-rugby","13":"tag-sports","14":"tag-stade-toulousain"},"share_on_mastodon":{"url":"https:\/\/pubeurope.com\/@fr\/114309240144485480","error":""},"_links":{"self":[{"href":"https:\/\/www.europesays.com\/fr\/wp-json\/wp\/v2\/posts\/13196","targetHints":{"allow":["GET"]}}],"collection":[{"href":"https:\/\/www.europesays.com\/fr\/wp-json\/wp\/v2\/posts"}],"about":[{"href":"https:\/\/www.europesays.com\/fr\/wp-json\/wp\/v2\/types\/post"}],"author":[{"embeddable":true,"href":"https:\/\/www.europesays.com\/fr\/wp-json\/wp\/v2\/users\/2"}],"replies":[{"embeddable":true,"href":"https:\/\/www.europesays.com\/fr\/wp-json\/wp\/v2\/comments?post=13196"}],"version-history":[{"count":0,"href":"https:\/\/www.europesays.com\/fr\/wp-json\/wp\/v2\/posts\/13196\/revisions"}],"wp:featuredmedia":[{"embeddable":true,"href":"https:\/\/www.europesays.com\/fr\/wp-json\/wp\/v2\/media\/13197"}],"wp:attachment":[{"href":"https:\/\/www.europesays.com\/fr\/wp-json\/wp\/v2\/media?parent=13196"}],"wp:term":[{"taxonomy":"category","embeddable":true,"href":"https:\/\/www.europesays.com\/fr\/wp-json\/wp\/v2\/categories?post=13196"},{"taxonomy":"post_tag","embeddable":true,"href":"https:\/\/www.europesays.com\/fr\/wp-json\/wp\/v2\/tags?post=13196"}],"curies":[{"name":"wp","href":"https:\/\/api.w.org\/{rel}","templated":true}]}}