{"id":131966,"date":"2025-05-27T14:25:08","date_gmt":"2025-05-27T14:25:08","guid":{"rendered":"https:\/\/www.europesays.com\/fr\/131966\/"},"modified":"2025-05-27T14:25:08","modified_gmt":"2025-05-27T14:25:08","slug":"pres-de-nice-a-shopping-promenade-riviera-ces-grandes-enseignes-ferment-temporairement","status":"publish","type":"post","link":"https:\/\/www.europesays.com\/fr\/131966\/","title":{"rendered":"Pr\u00e8s de Nice. \u00c0 Shopping Promenade Riviera, ces grandes enseignes ferment temporairement"},"content":{"rendered":"<p>            Par<br \/>\n        <strong><br \/>\n            <a href=\"https:\/\/actu.fr\/auteur\/manon-reinhardt\" title=\"Consulter tous les articles de Manon Reinhardt\" rel=\"nofollow noopener\" target=\"_blank\">Manon Reinhardt<\/a><br \/>\n        <\/strong><\/p>\n<p>        Publi\u00e9 le<\/p>\n<p>            27 mai 2025 \u00e0 15h59        <\/p>\n<p>Le seul centre commercial \u00e0 ciel ouvert des Alpes-Maritimes a entam\u00e9 sa grande transformation. Shopping Promenade Riviera, anciennement Polygone Riviera, a lanc\u00e9 une s\u00e9rie de grands travaux apr\u00e8s <a href=\"https:\/\/actu.fr\/provence-alpes-cote-d-azur\/cagnes-sur-mer_06027\/nice-30-nouveaux-magasins-restaurants-les-grosses-annonces-de-polygone-riviera_61883680.html\" rel=\"nofollow noopener\" target=\"_blank\">les annonces importantes<\/a> de son directeur, Arthur Bailly, en novembre dernier.<\/p>\n<p class=\" wall-content\">Les enseignes du groupe Inditex, Bershka et Pull &amp; Bear, vont notamment s\u2019agrandir. Les deux magasins devaient rouvrir en octobre\u00a02025 mais le calendrier a \u00e9t\u00e9 d\u00e9cal\u00e9. <strong>Voici les nouvelles dates<\/strong>.<\/p>\n<p>L\u2019ouverture du nouveau Bershka d\u00e9cal\u00e9e<\/p>\n<p class=\" wall-content\">Shopping Promenade Riviera se tourne vers le loisir. C\u2019est ce que son directeur, Arthur Bailly, avait annonc\u00e9 \u00e0 la presse locale le 19\u00a0novembre dernier, avec l\u2019arriv\u00e9e de Speed Park et Fort Boyard Adventures. Mais pas que\u2009: de grosses enseignes <strong>vont s\u2019agrandir<\/strong>. Notamment les magasins JD Sports, Bershka et Pull &amp; Bear.<\/p>\n<p class=\" wall-content\">Si le poids lourd du sportwear doit s\u2019installer d\u00e8s le mois d\u2019ao\u00fbt prochain en lieu et place de Botanic, passant \u00e0 une surface de 1200 m\u00b2, il y aura quelques mois de retard pour Bershka.<\/p>\n<p>    <a href=\"https:\/\/www.google.com\/maps\/embed?pb=!1m18!1m12!1m3!1d5772.464681138533!2d7.1279719!3d43.6641375!2m3!1f0!2f0!3f0!3m2!1i1024!2i768!4f13.1!3m3!1m2!1s0x12cdd3732b8a070d%3A0x9abc83f6c490d771!2sBershka!5e0!3m2!1sfr!2sfr!4v1748353568674!5m2!1sfr!2sfr\" title=\"Ouvrie le lien\" rel=\"nofollow noopener\" target=\"_blank\">Cliquez ici pour visualiser le contenu<\/a><\/p>\n<p class=\" wall-content\">Le service communication indique \u00e0 actu Nice\u00a0que l\u2019enseigne de pr\u00eat-\u00e0-porter ne rouvrira pas en octobre\u00a02025 comme initialement pr\u00e9vu, mais <strong>en\u2026 mai\u00a02026<\/strong>. Le magasin restera en revanche ouvert jusqu\u2019en octobre.<\/p>\n<p>\u00ab\u2009Aucun impact sur le calendrier global\u2009\u00bb<\/p>\n<p class=\" wall-content\">Mais \u00ab\u2009ce report n\u2019impacte en rien le calendrier global annonc\u00e9\u2009\u00bb, nous assure-t-on. En effet, du c\u00f4t\u00e9 de Pull &amp; Bear, aucun changement n\u2019est annonc\u00e9 et la boutique a <strong>d\u2019ores et d\u00e9j\u00e0 ferm\u00e9<\/strong> ses portes pour commencer les travaux d\u2019agrandissement. Le magasin reviendra d\u00e8s octobre\u00a02025.<\/p>\n<p class=\" wall-content\">Sa surface de vente sera doubl\u00e9e pour passer \u00e0 1000 m\u00b2. Bershka augmentera sa superficie de 40\u2009% pour int\u00e9grer un local de 1100 m\u00b2. <a href=\"https:\/\/actu.fr\/provence-alpes-cote-d-azur\/cagnes-sur-mer_06027\/pres-de-nice-shopping-promenade-riviera-change-de-visage-voici-a-quoi-ca-va-ressembler_61886530.html\" rel=\"nofollow noopener\" target=\"_blank\">Le parc urbain promis<\/a> sera, lui, bien livr\u00e9 en octobre.<\/p>\n<p class=\" wall-content\">\u00c9galement, plusieurs nouveaux restaurants vont d\u00e9barquer\u2009: P\u00e8re &amp; Fish, La Brigade, O\u2019Tacos ou encore Jojo\u2019s Dough.<\/p>\n<p class=\" wall-content\">Suivez toute l\u2019actualit\u00e9 de vos villes et m\u00e9dias favoris en vous inscrivant \u00e0 <a href=\"https:\/\/moncompte.actu.fr\" title=\"D\u00e9couvez Mon Actu\" rel=\"nofollow noopener\" data-trk=\"{&quot;cta&quot;:{&quot;action&quot;:&quot;https:\\\/\\\/moncompte.actu.fr&quot;,&quot;category&quot;:&quot;mon compte&quot;,&quot;from&quot;:&quot;article footer&quot;,&quot;name&quot;:&quot;Mon actu&quot;,&quot;type&quot;:&quot;cta&quot;}}\" target=\"_blank\">Mon Actu<\/a>.<\/p>\n","protected":false},"excerpt":{"rendered":"Par Manon Reinhardt Publi\u00e9 le 27 mai 2025 \u00e0 15h59 Le seul centre commercial \u00e0 ciel ouvert des&hellip;\n","protected":false},"author":2,"featured_media":131967,"comment_status":"","ping_status":"","sticky":false,"template":"","format":"standard","meta":{"footnotes":""},"categories":[2819],"tags":[1111,11,215,1777,674,1011,27,12,2401,882,25,104,2086],"class_list":{"0":"post-131966","1":"post","2":"type-post","3":"status-publish","4":"format-standard","5":"has-post-thumbnail","7":"category-nice","8":"tag-actu","9":"tag-actualites","10":"tag-commerce","11":"tag-eu","12":"tag-europe","13":"tag-fr","14":"tag-france","15":"tag-news","16":"tag-nice","17":"tag-provence-alpes-cote-dazur","18":"tag-republique-francaise","19":"tag-societe","20":"tag-travaux"},"share_on_mastodon":{"url":"https:\/\/pubeurope.com\/@fr\/114580260355854182","error":""},"_links":{"self":[{"href":"https:\/\/www.europesays.com\/fr\/wp-json\/wp\/v2\/posts\/131966","targetHints":{"allow":["GET"]}}],"collection":[{"href":"https:\/\/www.europesays.com\/fr\/wp-json\/wp\/v2\/posts"}],"about":[{"href":"https:\/\/www.europesays.com\/fr\/wp-json\/wp\/v2\/types\/post"}],"author":[{"embeddable":true,"href":"https:\/\/www.europesays.com\/fr\/wp-json\/wp\/v2\/users\/2"}],"replies":[{"embeddable":true,"href":"https:\/\/www.europesays.com\/fr\/wp-json\/wp\/v2\/comments?post=131966"}],"version-history":[{"count":0,"href":"https:\/\/www.europesays.com\/fr\/wp-json\/wp\/v2\/posts\/131966\/revisions"}],"wp:featuredmedia":[{"embeddable":true,"href":"https:\/\/www.europesays.com\/fr\/wp-json\/wp\/v2\/media\/131967"}],"wp:attachment":[{"href":"https:\/\/www.europesays.com\/fr\/wp-json\/wp\/v2\/media?parent=131966"}],"wp:term":[{"taxonomy":"category","embeddable":true,"href":"https:\/\/www.europesays.com\/fr\/wp-json\/wp\/v2\/categories?post=131966"},{"taxonomy":"post_tag","embeddable":true,"href":"https:\/\/www.europesays.com\/fr\/wp-json\/wp\/v2\/tags?post=131966"}],"curies":[{"name":"wp","href":"https:\/\/api.w.org\/{rel}","templated":true}]}}