{"id":131984,"date":"2025-05-27T14:34:14","date_gmt":"2025-05-27T14:34:14","guid":{"rendered":"https:\/\/www.europesays.com\/fr\/131984\/"},"modified":"2025-05-27T14:34:14","modified_gmt":"2025-05-27T14:34:14","slug":"ce-que-lon-sait-apres-la-mort-de-deux-enfants-de-5-et-8-ans-et-dun-homme","status":"publish","type":"post","link":"https:\/\/www.europesays.com\/fr\/131984\/","title":{"rendered":"ce que l&rsquo;on sait apr\u00e8s la mort de deux enfants de 5 et 8 ans et d&rsquo;un homme"},"content":{"rendered":"<p>            Par<br \/>\n        <strong><br \/>\n            <a href=\"https:\/\/actu.fr\/auteur\/margot-nicodeme\" title=\"Consulter tous les articles de Margot Nicod\u00e8me\" rel=\"nofollow noopener\" target=\"_blank\">Margot Nicod\u00e8me<\/a><br \/>\n        <\/strong><\/p>\n<p>        Publi\u00e9 le<\/p>\n<p>            27 mai 2025 \u00e0 16h10        <\/p>\n<p>Des pr\u00e9cisions sur le drame qui a touch\u00e9 <a href=\"https:\/\/actu.fr\/hauts-de-france\/attiches_59022\" rel=\"nofollow noopener\" target=\"_blank\">Attiches<\/a> (Nord), petite ville de 2500 habitants aux portes de la <b>m\u00e9tropole de Lille<\/b>, sont donn\u00e9es par<b> la procureure de <a href=\"https:\/\/actu.fr\/hauts-de-france\/lille_59350\" rel=\"nofollow noopener\" target=\"_blank\">Lille<\/a>, Carole \u00c9tienne<\/b>. Mardi 27 mai 2025, vers 4h30, un <a href=\"https:\/\/actu.fr\/hauts-de-france\/attiches_59022\/attiches-un-homme-et-un-enfant-meurent-dans-lincendie-dune-maison-un-autre-enfant-porte-disparu_62691426.html\" rel=\"nofollow noopener\" target=\"_blank\">violent incendie s\u2019est d\u00e9clar\u00e9 dans une maison mitoyenne<\/a>, <b>\u00f4tant la vie \u00e0 un p\u00e8re de famille<\/b>, <b>un de ses enfants de 5 ans et demi<\/b> et \u00e0 <b>son neveu de 8 ans et demi<\/b>.<\/p>\n<p>Incendie \u00e0 Attiches : la m\u00e8re et deux enfants de 4 et 10 ans tir\u00e9s d\u2019affaire, un appel \u00e0 t\u00e9moins lanc\u00e9<\/p>\n<p class=\" wall-content\">Une \u00ab\u00a0<b>enqu\u00eate a \u00e9t\u00e9 ouverte <\/b>pour recherche des causes de la mort\u00a0\u00bb, indique la procureure, alors que de \u00ab\u00a0nombreuses investigations sont en cours pour d\u00e9terminer tr\u00e8s exactement l\u2019origine du sinistre\u00a0\u00bb.<\/p>\n<p class=\" wall-content\">La m\u00e8re et deux autres enfants de 4 et 10 ans, parvenus \u00e0 \u00ab\u00a0sortir de l\u2019habitation par l\u2019arri\u00e8re\u00a0\u00bb et hospitalis\u00e9s par la suite, n\u2019ont plus leur pronostic vital engag\u00e9.\u00a0<\/p>\n<p class=\" wall-content\">Le parquet de Lille confirme qu\u2019un couple parental et quatre enfants, dont un neveu, se trouvaient dans l\u2019habitation quand le feu s\u2019est propag\u00e9 \u00e0 l\u2019ensemble de la b\u00e2tisse. Trois corps ont \u00e9t\u00e9 transport\u00e9s \u00e0 l\u2019institut m\u00e9dico-l\u00e9gal, o\u00f9 \u00ab\u00a0des autopsies ont \u00e9t\u00e9 ordonn\u00e9es\u00a0\u00bb.<\/p>\n<p>Vid\u00e9os : en ce moment sur Actu<\/p>\n<p class=\" wall-content\">Enfin, un appel \u00e0 t\u00e9moins est lanc\u00e9. \u00ab\u00a0Les personnes susceptibles de fournir des \u00e9l\u00e9ments d\u2019information sur les circonstances de ce drame sont invit\u00e9es \u00e0 contacter le centre d\u2019op\u00e9rations et de renseignement de la gendarmerie (CORG) au 03 20 61 99 15.\u00a0<\/p>\n<p class=\" wall-content\">Suivez toute l\u2019actualit\u00e9 de vos villes et m\u00e9dias favoris en vous inscrivant \u00e0 <a href=\"https:\/\/moncompte.actu.fr\" title=\"D\u00e9couvez Mon Actu\" rel=\"nofollow noopener\" data-trk=\"{&quot;cta&quot;:{&quot;action&quot;:&quot;https:\\\/\\\/moncompte.actu.fr&quot;,&quot;category&quot;:&quot;mon compte&quot;,&quot;from&quot;:&quot;article footer&quot;,&quot;name&quot;:&quot;Mon actu&quot;,&quot;type&quot;:&quot;cta&quot;}}\" target=\"_blank\">Mon Actu<\/a>.<\/p>\n","protected":false},"excerpt":{"rendered":"Par Margot Nicod\u00e8me Publi\u00e9 le 27 mai 2025 \u00e0 16h10 Des pr\u00e9cisions sur le drame qui a touch\u00e9&hellip;\n","protected":false},"author":2,"featured_media":131985,"comment_status":"","ping_status":"","sticky":false,"template":"","format":"standard","meta":{"footnotes":""},"categories":[2815],"tags":[1111,11,1719,1777,674,118,1011,27,811,1310,1307,12,1311,25],"class_list":{"0":"post-131984","1":"post","2":"type-post","3":"status-publish","4":"format-standard","5":"has-post-thumbnail","7":"category-lille","8":"tag-actu","9":"tag-actualites","10":"tag-enfants","11":"tag-eu","12":"tag-europe","13":"tag-faits-divers","14":"tag-fr","15":"tag-france","16":"tag-hauts-de-france","17":"tag-incendie","18":"tag-lille","19":"tag-news","20":"tag-pompiers","21":"tag-republique-francaise"},"share_on_mastodon":{"url":"https:\/\/pubeurope.com\/@fr\/114580295812691921","error":""},"_links":{"self":[{"href":"https:\/\/www.europesays.com\/fr\/wp-json\/wp\/v2\/posts\/131984","targetHints":{"allow":["GET"]}}],"collection":[{"href":"https:\/\/www.europesays.com\/fr\/wp-json\/wp\/v2\/posts"}],"about":[{"href":"https:\/\/www.europesays.com\/fr\/wp-json\/wp\/v2\/types\/post"}],"author":[{"embeddable":true,"href":"https:\/\/www.europesays.com\/fr\/wp-json\/wp\/v2\/users\/2"}],"replies":[{"embeddable":true,"href":"https:\/\/www.europesays.com\/fr\/wp-json\/wp\/v2\/comments?post=131984"}],"version-history":[{"count":0,"href":"https:\/\/www.europesays.com\/fr\/wp-json\/wp\/v2\/posts\/131984\/revisions"}],"wp:featuredmedia":[{"embeddable":true,"href":"https:\/\/www.europesays.com\/fr\/wp-json\/wp\/v2\/media\/131985"}],"wp:attachment":[{"href":"https:\/\/www.europesays.com\/fr\/wp-json\/wp\/v2\/media?parent=131984"}],"wp:term":[{"taxonomy":"category","embeddable":true,"href":"https:\/\/www.europesays.com\/fr\/wp-json\/wp\/v2\/categories?post=131984"},{"taxonomy":"post_tag","embeddable":true,"href":"https:\/\/www.europesays.com\/fr\/wp-json\/wp\/v2\/tags?post=131984"}],"curies":[{"name":"wp","href":"https:\/\/api.w.org\/{rel}","templated":true}]}}