{"id":131988,"date":"2025-05-27T14:36:13","date_gmt":"2025-05-27T14:36:13","guid":{"rendered":"https:\/\/www.europesays.com\/fr\/131988\/"},"modified":"2025-05-27T14:36:13","modified_gmt":"2025-05-27T14:36:13","slug":"dix-personnes-mises-en-examen-pour-un-vaste-trafic-de-voitures-volees-entre-lalgerie-et-la-france","status":"publish","type":"post","link":"https:\/\/www.europesays.com\/fr\/131988\/","title":{"rendered":"dix personnes mises en examen pour un vaste trafic de voitures vol\u00e9es entre l\u2019Alg\u00e9rie et la France"},"content":{"rendered":"<p>Dix personnes soup\u00e7onn\u00e9es d\u2019appartenir \u00e0 un vaste r\u00e9seau de trafic de voitures vol\u00e9es puis export\u00e9es vers l\u2019Alg\u00e9rie via le port de Marseille ont \u00e9t\u00e9 arr\u00eat\u00e9es. La combine serait orchestr\u00e9e avec la complicit\u00e9 d\u2019employ\u00e9s du port.<\/p>\n<p class=\"fig-paragraph\">Le pr\u00e9judice \u00e9valu\u00e9 serait \u00e9norme, avoisinant les 30 millions d\u2019euros. Dix personnes ont \u00e9t\u00e9 mises en examen, par le parquet de Marseille, soup\u00e7onn\u00e9es d\u2019avoir orchestr\u00e9 un vaste<a href=\"http:\/\/www.lefigaro.fr\/marseille\/ils-maquillaient-des-voitures-volees-avant-de-les-envoyer-a-l-etranger-un-garage-clandestin-demantele-a-marseille-20250319\" data-fig-type=\"NewsFlash\" data-gtm-custom-categorie=\"navigation\" data-gtm-custom-action=\"crossclick\" data-gtm-custom-label=\"Contextuel\" data-gtm-event=\"customEventSPE\" data-fig-domain=\"LEFIGARO\" target=\"_blank\" rel=\"noopener\">\u00a0trafic de voitures\u00a0<\/a>vol\u00e9es, maquill\u00e9es et export\u00e9es vers\u00a0<a href=\"http:\/\/www.lefigaro.fr\/international\/algerie-france-l-accord-de-2013-nouvel-episode-du-bras-de-fer-diplomatique-20250520\" data-fig-type=\"NewsFlash\" data-gtm-custom-categorie=\"navigation\" data-gtm-custom-action=\"crossclick\" data-gtm-custom-label=\"Contextuel\" data-gtm-event=\"customEventSPE\" data-fig-domain=\"LEFIGARO\" target=\"_blank\" rel=\"noopener\">l\u2019Alg\u00e9rie\u00a0<\/a>via le<a href=\"http:\/\/www.lefigaro.fr\/marseille\/bouches-du-rhone-6000-peluches-cancerogenes-saisies-sur-le-port-de-fos-sur-mer-20250526\" data-fig-type=\"NewsFlash\" data-gtm-custom-categorie=\"navigation\" data-gtm-custom-action=\"crossclick\" data-gtm-custom-label=\"Contextuel\" data-gtm-event=\"customEventSPE\" data-fig-domain=\"LEFIGARO\" target=\"_blank\" rel=\"noopener\">\u00a0grand port de Marseille.<\/a><\/p>\n<p class=\"fig-paragraph\">Dans un communiqu\u00e9 de presse, le parquet pr\u00e9cise que l\u2019enqu\u00eate confi\u00e9e \u00e0 la division de la criminalit\u00e9 territoriale des Bouches-du-Rh\u00f4ne a commenc\u00e9 courant 2024. \u00abLes malfaiteurs ciblaient principalement des v\u00e9hicules lou\u00e9s \u00e0 l\u2019\u00e9tranger, pr\u00e9cise le texte. Avant qu\u2019ils n\u2019apparaissent vol\u00e9s sur les fichiers de police fran\u00e7aise, l\u2019organisation criminelle b\u00e9n\u00e9ficiait d\u2019un temps suffisant pour les acheminer en France, les maquiller, obtenir des immatriculations provisoires et les exp\u00e9dier \u00e0 l\u2019\u00e9tranger. Ces op\u00e9rations \u00e9taient r\u00e9alis\u00e9es avec la complicit\u00e9 d\u2019individus ayant d\u2019importantes responsabilit\u00e9s portuaires qui autorisaient, moyennant r\u00e9mun\u00e9ration, l\u2019entr\u00e9e sur le port des v\u00e9hicules ainsi qu\u2019un acc\u00e8s pour l\u2019\u00e9quipe de maquillage des v\u00e9hicules en mettant \u00e0 disposition de l\u2019organisation criminelle un hangar situ\u00e9 au sein de la zone d\u2019acc\u00e8s r\u00e9serv\u00e9 pour plus de discr\u00e9tion.\u00bb<\/p>\n<p>Vingt voitures par mois<\/p>\n<p class=\"fig-paragraph\">Selon le parquet de Marseille, \u00abces d\u00e9tournements perdureraient depuis quatre ann\u00e9es et concerneraient une moyenne estim\u00e9e \u00e0 vingt v\u00e9hicules par mois.\u00bb Les dix suspects ont \u00e9t\u00e9 interpell\u00e9s le 22 mai, avant une pr\u00e9sentation \u00e0 un magistrat instructeur entre le 24 et le 26 mai. \u00abUn peu plus de 60.000 euros en num\u00e9raire, plusieurs montres de luxe, douze v\u00e9hicules et du mat\u00e9riel permettant de maquiller des voitures \u00e9taient saisis lors des perquisitions\u00bb, pr\u00e9cise le communiqu\u00e9.<\/p>\n<p class=\"fig-paragraph\">Les suspects ont \u00e9t\u00e9 mis en examen des chefs principaux de recel de vol en bande organis\u00e9e, de blanchiment et de faux et usage de faux. \u00abLes cinq personnes les plus impliqu\u00e9es ont \u00e9t\u00e9 plac\u00e9es en d\u00e9tention provisoire et les cinq autres ont \u00e9t\u00e9 plac\u00e9s sous contr\u00f4le judiciaire\u00bb, conclut le parquet.<\/p>\n","protected":false},"excerpt":{"rendered":"Dix personnes soup\u00e7onn\u00e9es d\u2019appartenir \u00e0 un vaste r\u00e9seau de trafic de voitures vol\u00e9es puis export\u00e9es vers l\u2019Alg\u00e9rie via&hellip;\n","protected":false},"author":2,"featured_media":131989,"comment_status":"","ping_status":"","sticky":false,"template":"","format":"standard","meta":{"footnotes":""},"categories":[2814],"tags":[1111,11,15,885,1182,1180,1181,1777,674,1011,27,1184,1185,884,12,1177,1176,149,1186,882,25,1178,1183,1097,1179,4752],"class_list":{"0":"post-131988","1":"post","2":"type-post","3":"status-publish","4":"format-standard","5":"has-post-thumbnail","7":"category-marseille","8":"tag-actu","9":"tag-actualites","10":"tag-algerie","11":"tag-bouches-du-rhone","12":"tag-calanques","13":"tag-canebiere","14":"tag-cite-phoceenne","15":"tag-eu","16":"tag-europe","17":"tag-fr","18":"tag-france","19":"tag-la-timone","20":"tag-les-baumettes-mediterranee","21":"tag-marseille","22":"tag-news","23":"tag-notre-dame-de-la-garde","24":"tag-olympique-de-marseille","25":"tag-om","26":"tag-provence","27":"tag-provence-alpes-cote-dazur","28":"tag-republique-francaise","29":"tag-saint-charles","30":"tag-sormiou","31":"tag-trafic","32":"tag-vieux-port","33":"tag-voiture"},"share_on_mastodon":{"url":"https:\/\/pubeurope.com\/@fr\/114580303780967779","error":""},"_links":{"self":[{"href":"https:\/\/www.europesays.com\/fr\/wp-json\/wp\/v2\/posts\/131988","targetHints":{"allow":["GET"]}}],"collection":[{"href":"https:\/\/www.europesays.com\/fr\/wp-json\/wp\/v2\/posts"}],"about":[{"href":"https:\/\/www.europesays.com\/fr\/wp-json\/wp\/v2\/types\/post"}],"author":[{"embeddable":true,"href":"https:\/\/www.europesays.com\/fr\/wp-json\/wp\/v2\/users\/2"}],"replies":[{"embeddable":true,"href":"https:\/\/www.europesays.com\/fr\/wp-json\/wp\/v2\/comments?post=131988"}],"version-history":[{"count":0,"href":"https:\/\/www.europesays.com\/fr\/wp-json\/wp\/v2\/posts\/131988\/revisions"}],"wp:featuredmedia":[{"embeddable":true,"href":"https:\/\/www.europesays.com\/fr\/wp-json\/wp\/v2\/media\/131989"}],"wp:attachment":[{"href":"https:\/\/www.europesays.com\/fr\/wp-json\/wp\/v2\/media?parent=131988"}],"wp:term":[{"taxonomy":"category","embeddable":true,"href":"https:\/\/www.europesays.com\/fr\/wp-json\/wp\/v2\/categories?post=131988"},{"taxonomy":"post_tag","embeddable":true,"href":"https:\/\/www.europesays.com\/fr\/wp-json\/wp\/v2\/tags?post=131988"}],"curies":[{"name":"wp","href":"https:\/\/api.w.org\/{rel}","templated":true}]}}