{"id":131992,"date":"2025-05-27T14:38:11","date_gmt":"2025-05-27T14:38:11","guid":{"rendered":"https:\/\/www.europesays.com\/fr\/131992\/"},"modified":"2025-05-27T14:38:11","modified_gmt":"2025-05-27T14:38:11","slug":"nuits-sonores-2025-les-transports-en-commun-de-lyon-circuleront-plus-tard","status":"publish","type":"post","link":"https:\/\/www.europesays.com\/fr\/131992\/","title":{"rendered":"Nuits sonores 2025 : les transports en commun de Lyon circuleront plus tard"},"content":{"rendered":"<p><img loading=\"lazy\" decoding=\"async\" alt=\"\u00a9 Julien Verch\u00e8re - L'offre des tramways T1 et T2 \u00e0 Lyon est renforc\u00e9e pour le festival des Nuits sonores, du 28 mai au dimanche 1er juin 2025.\" data-zoom-src=\"https:\/\/www.europesays.com\/fr\/wp-content\/uploads\/2025\/05\/initial-tram-et-metros-lyon-tcl-festival-nuits-sonores-2025-credit-julien-verchere.jpg\" data-zoomable=\"\" height=\"702\" src=\"https:\/\/www.europesays.com\/fr\/wp-content\/uploads\/2025\/05\/initial-tram-et-metros-lyon-tcl-festival-nuits-sonores-2025-credit-julien-verchere.jpg\" width=\"1248\"\/>  <\/p>\n<p class=\"article-desc\">\u00a9 Julien Verch\u00e8re &#8211; L&rsquo;offre des tramways T1 et T2 \u00e0 Lyon est renforc\u00e9e pour le festival des Nuits sonores, du 28 mai au dimanche 1er juin 2025. <\/p>\n<p>La 22e \u00e9dition des <strong>Nuits sonores<\/strong> revient \u00e0 Lyon demain, mercredi 28 mai. Le festival de musiques \u00e9lectroniques se d\u00e9roule\u00a0dans des <strong>lieux excentr\u00e9s du centre-ville <\/strong>comme le site des Grandes Locos \u00e0 La Mulati\u00e8re, La Sucri\u00e8re et le Heat \u00e0 Confluence. <\/p>\n<p><strong>TCL<\/strong>, le service des <strong>Transports en commun lyonnais<\/strong>, annonce le renfort et la prolongation de son offre de transports, pendant toute la dur\u00e9e de l&rsquo;\u00e9v\u00e9nement du <strong>mercredi 28 mai au dimanche 1er juin 2025 inclus<\/strong>. <\/p>\n<p>Le m\u00e9tro B renforc\u00e9 pour le festival des Nuits sonores 2025 \u00e0 Lyon <\/p>\n<p>Les <strong>quatre lignes de m\u00e9tro <\/strong>(A, B, C et D) circuleront au-del\u00e0 de 1h du matin. La<strong> fr\u00e9quence du m\u00e9tro B <\/strong>qui dessert la <strong>station Gare d&rsquo;Oullins<\/strong> pr\u00e8s des Grandes Locos <strong>sera augment\u00e9e<\/strong>. Un passage sera assur\u00e9 toutes les deux \u00e0 trois minutes entre 23h10 et la fin de service. <\/p>\n<p>C\u00f4t\u00e9 tramways, le<strong> T1<\/strong> qui dessert le quartier Confluence (La Sucri\u00e8re, Heat), <strong>circulera jusqu&rsquo;\u00e0 1h15<\/strong>. Des passages toutes les dix minutes \u00e0 partir de 22h mercredi, vendredi et samedi, seront assur\u00e9s, et <strong>\u00e0 partir de 20h jeudi 29 mai<\/strong>.<\/p>\n<p> <img decoding=\"async\" alt=\"\" data-zoomable=\"\" loading=\"lazy\" src=\"https:\/\/www.europesays.com\/fr\/wp-content\/uploads\/2025\/05\/nuits-sonores-2025-lyon-reseau-tcl.png\"\/> \u00a9 TCL &#8211; L&rsquo;offre de transports en commun (m\u00e9tro et tram) est renforc\u00e9e jusqu&rsquo;\u00e0 1h du matin pour le festival Nuits sonores. <\/p>\n<p>A noter que les <strong>premiers d\u00e9parts depuis la station Debourg<\/strong> du tramway T1 seront avanc\u00e9s <strong>\u00e0 4h40<\/strong> jeudi 29 mai et dimanche 1er juin.\u00a0 <\/p>\n<p>Pour se d\u00e9placer entre Les Grandes Locos et Confluence (La Sucri\u00e8re, Heat, H7, Le Sucre), TCL recommande aux festivaliers d&#8217;emprunter la ligne B du m\u00e9tro jusqu&rsquo;\u00e0 la <strong>station Jean-Mac\u00e9<\/strong> puis de prendre le <strong>tramway T2 <\/strong>jusqu&rsquo;au terminus H\u00f4tel de r\u00e9gion Montrochet.\u00a0 <\/p>\n<p><strong>Infos pratiques\u00a0<\/strong> <\/p>\n<p>Horaires et plans de circulation pendant les Nuits sonores 2025 sur le <a href=\"https:\/\/www.tcl.fr\/nuits-sonores-jy-vais-avec-tcl\" rel=\"noopener nofollow\" target=\"_blank\">site des TCL<\/a>.\u00a0<\/p>\n","protected":false},"excerpt":{"rendered":"\u00a9 Julien Verch\u00e8re &#8211; L&rsquo;offre des tramways T1 et T2 \u00e0 Lyon est renforc\u00e9e pour le festival des&hellip;\n","protected":false},"author":2,"featured_media":131993,"comment_status":"","ping_status":"","sticky":false,"template":"","format":"standard","meta":{"footnotes":""},"categories":[1889],"tags":[1111,11,2430,1777,674,3337,1011,27,2428,12,25678,25,10213,2216],"class_list":{"0":"post-131992","1":"post","2":"type-post","3":"status-publish","4":"format-standard","5":"has-post-thumbnail","7":"category-lyon","8":"tag-actu","9":"tag-actualites","10":"tag-auvergne-rhone-alpes","11":"tag-eu","12":"tag-europe","13":"tag-festivals","14":"tag-fr","15":"tag-france","16":"tag-lyon","17":"tag-news","18":"tag-nuits-sonores","19":"tag-republique-francaise","20":"tag-tcl","21":"tag-transports-en-commun"},"share_on_mastodon":{"url":"https:\/\/pubeurope.com\/@fr\/114580311648733755","error":""},"_links":{"self":[{"href":"https:\/\/www.europesays.com\/fr\/wp-json\/wp\/v2\/posts\/131992","targetHints":{"allow":["GET"]}}],"collection":[{"href":"https:\/\/www.europesays.com\/fr\/wp-json\/wp\/v2\/posts"}],"about":[{"href":"https:\/\/www.europesays.com\/fr\/wp-json\/wp\/v2\/types\/post"}],"author":[{"embeddable":true,"href":"https:\/\/www.europesays.com\/fr\/wp-json\/wp\/v2\/users\/2"}],"replies":[{"embeddable":true,"href":"https:\/\/www.europesays.com\/fr\/wp-json\/wp\/v2\/comments?post=131992"}],"version-history":[{"count":0,"href":"https:\/\/www.europesays.com\/fr\/wp-json\/wp\/v2\/posts\/131992\/revisions"}],"wp:featuredmedia":[{"embeddable":true,"href":"https:\/\/www.europesays.com\/fr\/wp-json\/wp\/v2\/media\/131993"}],"wp:attachment":[{"href":"https:\/\/www.europesays.com\/fr\/wp-json\/wp\/v2\/media?parent=131992"}],"wp:term":[{"taxonomy":"category","embeddable":true,"href":"https:\/\/www.europesays.com\/fr\/wp-json\/wp\/v2\/categories?post=131992"},{"taxonomy":"post_tag","embeddable":true,"href":"https:\/\/www.europesays.com\/fr\/wp-json\/wp\/v2\/tags?post=131992"}],"curies":[{"name":"wp","href":"https:\/\/api.w.org\/{rel}","templated":true}]}}