{"id":13203,"date":"2025-04-09T17:45:10","date_gmt":"2025-04-09T17:45:10","guid":{"rendered":"https:\/\/www.europesays.com\/fr\/13203\/"},"modified":"2025-04-09T17:45:10","modified_gmt":"2025-04-09T17:45:10","slug":"donald-trump-ouvre-des-negociations-directes-avec-liran","status":"publish","type":"post","link":"https:\/\/www.europesays.com\/fr\/13203\/","title":{"rendered":"Donald Trump ouvre des n\u00e9gociations directes avec l\u2019Iran"},"content":{"rendered":"<p>Les pourparlers entre Washington et T\u00e9h\u00e9ran sur le programme nucl\u00e9aire iranien pourraient reprendre d\u00e8s samedi apr\u00e8s l\u2019annonce surprise de Donald Trump.<\/p>\n<p class=\"fig-paragraph\">Les\u00a0<a href=\"http:\/\/www.lefigaro.fr\/international\/trump-ouvre-des-negociations-directes-avec-l-iran-20250408\" data-fig-type=\"Article\" data-gtm-custom-categorie=\"navigation\" data-gtm-custom-action=\"crossclick\" data-gtm-custom-label=\"Contextuel\" data-gtm-event=\"customEventSPE\" data-fig-domain=\"LEFIGARO\" rel=\"nofollow noopener\" target=\"_blank\">\u00c9tats-Unis et l\u2019Iran<\/a>\u00a0vont reprendre les n\u00e9gociations au plus haut niveau sur le programme nucl\u00e9aire iranien. Apr\u00e8s l\u2019annonce surprise de\u00a0<a href=\"http:\/\/www.lefigaro.fr\/conjoncture\/droits-de-douane-face-a-donald-trump-la-chine-promet-de-lutter-jusqu-au-bout-20250408\" data-fig-type=\"Article\" data-gtm-custom-categorie=\"navigation\" data-gtm-custom-action=\"crossclick\" data-gtm-custom-label=\"Contextuel\" data-gtm-event=\"customEventSPE\" data-fig-domain=\"LEFIGARO\" rel=\"nofollow noopener\" target=\"_blank\">Donald Trump<\/a>, qui a d\u00e9clar\u00e9 lundi apr\u00e8s-midi que des pourparlers \u00ab\u00a0directs\u00a0\u00bb allaient s\u2019ouvrir samedi avec l\u2019Iran, le ministre iranien des Affaires \u00e9trang\u00e8res, Abbas Araghchi, a confirm\u00e9 qu\u2019il rencontrera l\u2019\u00e9missaire am\u00e9ricain Steve Witkoff \u00e0 Oman. Il a en revanche pr\u00e9cis\u00e9 que ces n\u00e9gociations seront \u00ab\u00a0indirectes\u00a0\u00bb, probablement avec des m\u00e9diateurs omanais qui feraient la navette entre les deux parties. Ces pourparlers repr\u00e9sentent une premi\u00e8re ouverture de l\u2019Administration Trump pour mettre un terme de fa\u00e7on pacifique aux progr\u00e8s rapides du programme nucl\u00e9aire de T\u00e9h\u00e9ran.<\/p>\n<p class=\"fig-paragraph\">\u00ab\u00a0Nous traitons directement avec eux et peut-\u00eatre qu\u2019un accord sera conclu, ce qui serait formidable\u00a0\u00bb, a annonc\u00e9 Trump lundi lors de sa conf\u00e9rence de presse avec le premier ministre isra\u00e9lien en visite \u00e0 la Maison-Blanche. L\u2019annonce intervient dans un contexte de tensions\u2026<\/p>\n<p class=\"fig-premium-paywall__infos\">\n        Cet article est r\u00e9serv\u00e9 aux abonn\u00e9s.        Il vous reste 83% \u00e0 d\u00e9couvrir.\n    <\/p>\n<p>                <img  data- alt=\"Le Figaro\" class=\"fig-img--complete fig-img\"\/><\/p>\n<p class=\"fig-premium-paywall__title\">Vous avez envie de lire la suite ?<\/p>\n<p class=\"fig-premium-paywall__subtitle\">D\u00e9bloquez tous les articles imm\u00e9diatement.<\/p>\n<p class=\"fig-premium-paywall__connect\">\n                D\u00e9j\u00e0 abonn\u00e9\u00a0?                <a class=\"fig-premium-paywall__connect-link\" href=\"https:\/\/connect.lefigaro.fr\/login?client=horizon_web&amp;type=main&amp;redirect_uri=https%3A%2F%2Fwww.lefigaro.fr%2Finternational%2Ftrump-ouvre-des-negociations-directes-avec-l-iran-20250408\" data-js-gtm=\"{&quot;customCategorie&quot;: &quot;conversion&quot;, &quot;customAction&quot;: &quot;before_Landing_Connexion_paywall_auto&quot;, &quot;customLabel&quot;: &quot;bGVmaWdhcm8uZnJfXzFmMDE0N2MzLWYzODgtNjVhOC05OGI2LTE5NmQ2M2MwMWUxMV9fQXJ0aWNsZQ==_Donald Trump ouvre des n\u00e9gociations directes avec l\u2019Iran_270&quot;, &quot;customIDSPE&quot;: &quot;bGVmaWdhcm8uZnJfXzFmMDE0N2MzLWYzODgtNjVhOC05OGI2LTE5NmQ2M2MwMWUxMV9fQXJ0aWNsZQ==&quot;, &quot;event&quot;: &quot;customEventSPE&quot;}\" rel=\"nofollow noopener\" target=\"_blank\"><br \/>\n                    Connectez-vous<br \/>\n                <\/a>\n            <\/p>\n","protected":false},"excerpt":{"rendered":"Les pourparlers entre Washington et T\u00e9h\u00e9ran sur le programme nucl\u00e9aire iranien pourraient reprendre d\u00e8s samedi apr\u00e8s l\u2019annonce surprise&hellip;\n","protected":false},"author":2,"featured_media":13204,"comment_status":"","ping_status":"","sticky":false,"template":"","format":"standard","meta":{"footnotes":""},"categories":[5],"tags":[259,11,260,75,1011,27,14,3019,261,12,3020,262,28],"class_list":{"0":"post-13203","1":"post","2":"type-post","3":"status-publish","4":"format-standard","5":"has-post-thumbnail","7":"category-international","8":"tag-actualite-internationale","9":"tag-actualites","10":"tag-affaires-etrangeres","11":"tag-donald-trump","12":"tag-fr","13":"tag-france","14":"tag-international","15":"tag-iran","16":"tag-ministere-des-affaires-etrangeres","17":"tag-news","18":"tag-nucleaire-iranien","19":"tag-politique-etrangere","20":"tag-world"},"share_on_mastodon":{"url":"https:\/\/pubeurope.com\/@fr\/114309255909825180","error":""},"_links":{"self":[{"href":"https:\/\/www.europesays.com\/fr\/wp-json\/wp\/v2\/posts\/13203","targetHints":{"allow":["GET"]}}],"collection":[{"href":"https:\/\/www.europesays.com\/fr\/wp-json\/wp\/v2\/posts"}],"about":[{"href":"https:\/\/www.europesays.com\/fr\/wp-json\/wp\/v2\/types\/post"}],"author":[{"embeddable":true,"href":"https:\/\/www.europesays.com\/fr\/wp-json\/wp\/v2\/users\/2"}],"replies":[{"embeddable":true,"href":"https:\/\/www.europesays.com\/fr\/wp-json\/wp\/v2\/comments?post=13203"}],"version-history":[{"count":0,"href":"https:\/\/www.europesays.com\/fr\/wp-json\/wp\/v2\/posts\/13203\/revisions"}],"wp:featuredmedia":[{"embeddable":true,"href":"https:\/\/www.europesays.com\/fr\/wp-json\/wp\/v2\/media\/13204"}],"wp:attachment":[{"href":"https:\/\/www.europesays.com\/fr\/wp-json\/wp\/v2\/media?parent=13203"}],"wp:term":[{"taxonomy":"category","embeddable":true,"href":"https:\/\/www.europesays.com\/fr\/wp-json\/wp\/v2\/categories?post=13203"},{"taxonomy":"post_tag","embeddable":true,"href":"https:\/\/www.europesays.com\/fr\/wp-json\/wp\/v2\/tags?post=13203"}],"curies":[{"name":"wp","href":"https:\/\/api.w.org\/{rel}","templated":true}]}}