{"id":132039,"date":"2025-05-27T15:06:15","date_gmt":"2025-05-27T15:06:15","guid":{"rendered":"https:\/\/www.europesays.com\/fr\/132039\/"},"modified":"2025-05-27T15:06:15","modified_gmt":"2025-05-27T15:06:15","slug":"thierry-ardisson-nicolas-bedos-et-louis-sarkozy-font-un-flop-avec-moins-de-2200-exemplaires-ecoules","status":"publish","type":"post","link":"https:\/\/www.europesays.com\/fr\/132039\/","title":{"rendered":"Thierry Ardisson, Nicolas Bedos et Louis Sarkozy font un flop, avec moins de 2200 exemplaires \u00e9coul\u00e9s"},"content":{"rendered":"<p>\u00ab\u00a0On peut parler d&rsquo;un crash industriel\u00a0\u00bb. C&rsquo;est ce que confie un professionnel du monde de l&rsquo;\u00e9dition au <a href=\"https:\/\/www.leparisien.fr\/culture-loisirs\/livres\/en-librairie-ardisson-bedos-louis-sarkozy-font-pschitt-demorand-et-anouk-grinberg-au-top-22-05-2025-FZRHVSI4NZAOLLH6LUN2KAVW74.php\" target=\"_blank\" rel=\"nofollow noopener\">Parisien<\/a>. \u00ab\u00a0Quand on voit l&rsquo;exposition et la promotion dont ces trois livres ont b\u00e9n\u00e9fici\u00e9, ces chiffres de ventes sont vraiment d\u00e9cevants\u00a0\u00bb, cite le journal, qui \u00e9num\u00e8re : 1 143 exemplaires vendus pour \u00ab\u00a0L&rsquo;Homme en noir\u00a0\u00bb de Thierry Ardisson, 2 144 pour \u00ab\u00a0La Soif de honte\u00a0\u00bb, le livre de Nicolas Bedos, et 2 131 <a href=\"https:\/\/www.laprovence.com\/article\/region\/26529407261343\/au-domaine-destoublon-propriete-de-nicolas-sarkozy-150-000-euros-damende-pour-destruction-illegale-dun-mas\" target=\"_blank\" rel=\"nofollow noopener\">pour celui de Louis Sarkozy<\/a> \u00ab\u00a0Napol\u00e9on Bonaparte : L&rsquo;Empire des livres\u00a0\u00bb.<\/p>\n<p><a href=\"https:\/\/www.leparisien.fr\/culture-loisirs\/livres\/en-librairie-ardisson-bedos-louis-sarkozy-font-pschitt-demorand-et-anouk-grinberg-au-top-22-05-2025-FZRHVSI4NZAOLLH6LUN2KAVW74.php\" target=\"_blank\" rel=\"nofollow noopener\">Le Parisien<\/a> a interview\u00e9 un \u00e9diteur, qui analyse\u00a0: \u00ab\u00a0Ce sont trois auteurs tr\u00e8s clivants pour diff\u00e9rentes raisons, ce qui peut expliquer ces mauvaises ventes. Le livre d&rsquo;Ardisson est assez m\u00e9galo, para\u00eet-il, celui de Louis Sarkozy pas tr\u00e8s bon et opportuniste. Quant \u00e0 celui de Nicolas Bedos, il a \u00e9t\u00e9 condamn\u00e9 pour violences sexuelles et c&rsquo;est impensable pour de nombreuses personnes de lui faire gagner de l&rsquo;argent\u2026 \u00ab\u00a0<\/p>\n<p>La deuxi\u00e8me semaine de leur sortie semble avoir confirm\u00e9 la tendance. En effet, tous sont en baisse avec 1 025 volumes \u00e9coul\u00e9s en 8 jours <a href=\"https:\/\/www.laprovence.com\/article\/region\/26529407261343\/au-domaine-destoublon-propriete-de-nicolas-sarkozy-150-000-euros-damende-pour-destruction-illegale-dun-mas\" target=\"_blank\" rel=\"nofollow noopener\">pour le fils de l&rsquo;ancien pr\u00e9sident de la R\u00e9publique<\/a>, 844 pour Ardisson et 787 pour Nicolas Bedos.<\/p>\n<p>Nicolas Demorand et Anouk Grinberg se distinguent<\/p>\n<p>\u00c0 l\u2019inverse, Nicolas Demorand, le pr\u00e9sentateur de la matinale de France Inter, s&rsquo;est hiss\u00e9 au top des ventes avec son t\u00e9moignage sur la bipolarit\u00e9 dont il souffre depuis\u00a0\u00ab\u00a020 ans, peut-\u00eatre 30, certainement 8, depuis qu&rsquo;un diagnostic a \u00e9t\u00e9 pos\u00e9\u00a0\u00bb. Tir\u00e9 \u00e0 100 000 exemplaires, \u00ab\u00a0Int\u00e9rieur nuit\u00a0\u00bb s&rsquo;est d\u00e9j\u00e0 \u00e9coul\u00e9 \u00e0 89 000, avec des \u00ab\u00a0r\u00e9impressions en cours\u00a0\u00bb annonce son \u00e9diteur, Les Ar\u00e8nes.<\/p>\n<p>Une autre autrice tire son \u00e9pingle du jeu, la com\u00e9dienne Anouk Grinberg avec son livre choc, \u00ab\u00a0Respect\u00a0\u00bb, publi\u00e9 le 9 avril. Elle y raconte comment l&rsquo;enfant viol\u00e9e et d\u00e9laiss\u00e9e qu&rsquo;elle \u00e9tait est devenue, \u00e0 l&rsquo;\u00e2ge adulte, une \u00ab\u00a0proie\u00a0\u00bb pour les pr\u00e9dateurs, notamment celle du r\u00e9alisateur Bertrand Blier. Ses ventes ont d\u00e9pass\u00e9 les 11\u00a0500 exemplaires.<\/p>\n","protected":false},"excerpt":{"rendered":"\u00ab\u00a0On peut parler d&rsquo;un crash industriel\u00a0\u00bb. C&rsquo;est ce que confie un professionnel du monde de l&rsquo;\u00e9dition au Parisien.&hellip;\n","protected":false},"author":2,"featured_media":132040,"comment_status":"","ping_status":"","sticky":false,"template":"","format":"standard","meta":{"footnotes":""},"categories":[1357],"tags":[17,17651,25680,1379,251,58,59,1011,27,1380,17260,3957,5993,6180],"class_list":{"0":"post-132039","1":"post","2":"type-post","3":"status-publish","4":"format-standard","5":"has-post-thumbnail","7":"category-livres","8":"tag-17","9":"tag-ardisson","10":"tag-bedos","11":"tag-books","12":"tag-culture","13":"tag-divertissement","14":"tag-entertainment","15":"tag-fr","16":"tag-france","17":"tag-livres","18":"tag-louis","19":"tag-nicolas","20":"tag-thierry","21":"tag-ventes"},"share_on_mastodon":{"url":"https:\/\/pubeurope.com\/@fr\/114580421558812675","error":""},"_links":{"self":[{"href":"https:\/\/www.europesays.com\/fr\/wp-json\/wp\/v2\/posts\/132039","targetHints":{"allow":["GET"]}}],"collection":[{"href":"https:\/\/www.europesays.com\/fr\/wp-json\/wp\/v2\/posts"}],"about":[{"href":"https:\/\/www.europesays.com\/fr\/wp-json\/wp\/v2\/types\/post"}],"author":[{"embeddable":true,"href":"https:\/\/www.europesays.com\/fr\/wp-json\/wp\/v2\/users\/2"}],"replies":[{"embeddable":true,"href":"https:\/\/www.europesays.com\/fr\/wp-json\/wp\/v2\/comments?post=132039"}],"version-history":[{"count":0,"href":"https:\/\/www.europesays.com\/fr\/wp-json\/wp\/v2\/posts\/132039\/revisions"}],"wp:featuredmedia":[{"embeddable":true,"href":"https:\/\/www.europesays.com\/fr\/wp-json\/wp\/v2\/media\/132040"}],"wp:attachment":[{"href":"https:\/\/www.europesays.com\/fr\/wp-json\/wp\/v2\/media?parent=132039"}],"wp:term":[{"taxonomy":"category","embeddable":true,"href":"https:\/\/www.europesays.com\/fr\/wp-json\/wp\/v2\/categories?post=132039"},{"taxonomy":"post_tag","embeddable":true,"href":"https:\/\/www.europesays.com\/fr\/wp-json\/wp\/v2\/tags?post=132039"}],"curies":[{"name":"wp","href":"https:\/\/api.w.org\/{rel}","templated":true}]}}