{"id":132056,"date":"2025-05-27T15:15:09","date_gmt":"2025-05-27T15:15:09","guid":{"rendered":"https:\/\/www.europesays.com\/fr\/132056\/"},"modified":"2025-05-27T15:15:09","modified_gmt":"2025-05-27T15:15:09","slug":"le-gouvernement-americain-annonce-mettre-fin-a-tous-ses-contrats-avec-harvard","status":"publish","type":"post","link":"https:\/\/www.europesays.com\/fr\/132056\/","title":{"rendered":"Le gouvernement am\u00e9ricain annonce mettre fin \u00e0 tous ses contrats avec Harvard"},"content":{"rendered":"<p>                             Par Le Figaro avec AFP<\/p>\n<p>                Il y a 44 minutes<\/p>\n<p>\u00a0\u00bb<br \/>\n        data-script=\u00a0\u00bbhttps:\/\/static.lefigaro.fr\/widget-video\/short-ttl\/video\/index.js\u00a0\u00bb<br \/>\n    &gt;<\/p>\n<p>La Maison-Blanche a indiqu\u00e9 mardi avoir envoy\u00e9 \u00abune lettre aux agences f\u00e9d\u00e9rales leur demandant d\u2019identifier les contrats pass\u00e9s avec Harvard, et de dire s\u2019ils peuvent \u00eatre annul\u00e9s ou redirig\u00e9s ailleurs\u00bb.<\/p>\n<p class=\"fig-paragraph\">Le conflit entre l\u2019administration Trump et le monde universitaire se poursuit. La Maison-Blanche, d\u00e9cid\u00e9e \u00e0 faire plier Harvard, entend mettre fin \u00e0 tous les contrats pass\u00e9s avec la prestigieuse universit\u00e9, dont le montant atteint selon la presse 100 millions de dollars. L\u2019ex\u00e9cutif a envoy\u00e9 \u00abune lettre aux agences f\u00e9d\u00e9rales leur demandant d&rsquo;identifier les contrats pass\u00e9s avec\u00a0<a href=\"http:\/\/www.lefigaro.fr\/international\/nous-sommes-tous-extremement-choques-donald-trump-veut-priver-harvard-d-etudiants-etrangers-20250523\" target=\"_blank\" data-fig-type=\"Article\" rel=\"noopener nofollow\" data-gtm-custom-categorie=\"navigation\" data-gtm-custom-action=\"crossclick\" data-gtm-custom-label=\"Contextuel\" data-gtm-event=\"customEventSPE\" data-fig-domain=\"LEFIGARO\">Harvard,\u00a0<\/a> et de dire s&rsquo;ils peuvent \u00eatre annul\u00e9s ou redirig\u00e9s ailleurs\u00bb, a indiqu\u00e9 mardi 27 mai 2025 un haut responsable am\u00e9ricain, confirmant des informations de presse.<\/p>\n<p class=\"fig-paragraph\">Le pr\u00e9sident\u00a0<a href=\"http:\/\/www.lefigaro.fr\/international\/face-aux-tentatives-d-annexion-de-donald-trump-le-roi-charles-iii-au-secours-de-ses-sujets-canadiens-20250526\" target=\"_blank\" data-fig-type=\"Article\" rel=\"noopener nofollow\" data-gtm-custom-categorie=\"navigation\" data-gtm-custom-action=\"crossclick\" data-gtm-custom-label=\"Contextuel\" data-gtm-event=\"customEventSPE\" data-fig-domain=\"LEFIGARO\">Donald Trump<\/a>\u00a0essaie par tous les moyens de faire plier la prestigieuse universit\u00e9, qui refuse de lui donner un droit de regard sur les admissions d&rsquo;\u00e9tudiants et les recrutements de professeurs.<\/p>\n<p class=\"fig-paragraph\">Lundi, il avait affirm\u00e9 qu\u2019il \u00abgagnerait\u00bb ce duel avec l\u2019universit\u00e9 sans doute la plus c\u00e9l\u00e8bre du monde, \u00e0 laquelle il veut en particulier interdire de recevoir des \u00e9tudiants \u00e9trangers.<\/p>\n","protected":false},"excerpt":{"rendered":"Par Le Figaro avec AFP Il y a 44 minutes \u00a0\u00bb data-script=\u00a0\u00bbhttps:\/\/static.lefigaro.fr\/widget-video\/short-ttl\/video\/index.js\u00a0\u00bb &gt; La Maison-Blanche a indiqu\u00e9 mardi&hellip;\n","protected":false},"author":2,"featured_media":132057,"comment_status":"","ping_status":"","sticky":false,"template":"","format":"standard","meta":{"footnotes":""},"categories":[5],"tags":[259,11,260,75,1011,27,666,14,261,12,262,28],"class_list":{"0":"post-132056","1":"post","2":"type-post","3":"status-publish","4":"format-standard","5":"has-post-thumbnail","7":"category-international","8":"tag-actualite-internationale","9":"tag-actualites","10":"tag-affaires-etrangeres","11":"tag-donald-trump","12":"tag-fr","13":"tag-france","14":"tag-harvard","15":"tag-international","16":"tag-ministere-des-affaires-etrangeres","17":"tag-news","18":"tag-politique-etrangere","19":"tag-world"},"share_on_mastodon":{"url":"https:\/\/pubeurope.com\/@fr\/114580457024519575","error":""},"_links":{"self":[{"href":"https:\/\/www.europesays.com\/fr\/wp-json\/wp\/v2\/posts\/132056","targetHints":{"allow":["GET"]}}],"collection":[{"href":"https:\/\/www.europesays.com\/fr\/wp-json\/wp\/v2\/posts"}],"about":[{"href":"https:\/\/www.europesays.com\/fr\/wp-json\/wp\/v2\/types\/post"}],"author":[{"embeddable":true,"href":"https:\/\/www.europesays.com\/fr\/wp-json\/wp\/v2\/users\/2"}],"replies":[{"embeddable":true,"href":"https:\/\/www.europesays.com\/fr\/wp-json\/wp\/v2\/comments?post=132056"}],"version-history":[{"count":0,"href":"https:\/\/www.europesays.com\/fr\/wp-json\/wp\/v2\/posts\/132056\/revisions"}],"wp:featuredmedia":[{"embeddable":true,"href":"https:\/\/www.europesays.com\/fr\/wp-json\/wp\/v2\/media\/132057"}],"wp:attachment":[{"href":"https:\/\/www.europesays.com\/fr\/wp-json\/wp\/v2\/media?parent=132056"}],"wp:term":[{"taxonomy":"category","embeddable":true,"href":"https:\/\/www.europesays.com\/fr\/wp-json\/wp\/v2\/categories?post=132056"},{"taxonomy":"post_tag","embeddable":true,"href":"https:\/\/www.europesays.com\/fr\/wp-json\/wp\/v2\/tags?post=132056"}],"curies":[{"name":"wp","href":"https:\/\/api.w.org\/{rel}","templated":true}]}}