{"id":132072,"date":"2025-05-27T15:23:36","date_gmt":"2025-05-27T15:23:36","guid":{"rendered":"https:\/\/www.europesays.com\/fr\/132072\/"},"modified":"2025-05-27T15:23:36","modified_gmt":"2025-05-27T15:23:36","slug":"une-regate-pour-les-jeunes-des-quartiers-prioritaires-de-toulon","status":"publish","type":"post","link":"https:\/\/www.europesays.com\/fr\/132072\/","title":{"rendered":"une r\u00e9gate pour les jeunes des quartiers prioritaires de Toulon"},"content":{"rendered":"<p data-start=\"106\" data-end=\"404\"><strong>Le samedi 7 juin 2025, le Cours \u00c9ric Tabarly, \u00e9cole du r\u00e9seau Esp\u00e9rance banlieues situ\u00e9e \u00e0 Toulon, organise une journ\u00e9e exceptionnelle de r\u00e9gates avec l\u2019appui du Club Nautique de la Marine et de la Marine Nationale. 43 enfants embarqueront sur des J\/80 encadr\u00e9s par des skippers aguerris. <\/strong><\/p>\n<p><a href=\"https:\/\/www.voileetmoteur.com\/wp\/wp-content\/uploads\/2025\/05\/Capture-decran_27-5-2025_162127_.jpg\" target=\"_blank\" rel=\"noopener\"><img loading=\"lazy\" decoding=\"async\" class=\"wp-image-199188 size-medium\" src=\"https:\/\/www.europesays.com\/fr\/wp-content\/uploads\/2025\/05\/Capture-decran_27-5-2025_162127_-347x500.jpg\" alt=\"\" width=\"347\" height=\"500\"  \/><\/a>Cr\u00e9dit : \u00c9ric Tabarlyet d\u2019Esp\u00e9rance banlieues<\/p>\n<p data-start=\"875\" data-end=\"1049\">La manifestation b\u00e9n\u00e9ficiera d\u2019un parrain de renom : le navigateur Cl\u00e9ment Giraud, participant au Vend\u00e9e Globe 2020-2021, qui sera pr\u00e9sent pour accompagner les jeunes en mer.<\/p>\n<p data-start=\"1094\" data-end=\"1520\">L\u2019\u00e9v\u00e9nement s\u2019inscrit dans une d\u00e9marche \u00e9ducative forte, fid\u00e8le \u00e0 la vision d\u2019\u00c9ric Tabarly. Pour Charles Dard, directeur du Cours Tabarly, cette r\u00e9gate est bien plus qu\u2019un simple moment sportif. \u00ab Ces r\u00e9gates Tabarly sont une chance extraordinaire pour nos \u00e9l\u00e8ves. \u00c0 Toulon comme ailleurs, trop souvent, \u2018la mer, c\u2019est ce qu\u2019on a dans le dos quand on va \u00e0 la plage\u2019 comme le disait \u00c9ric Tabarly. Or c\u2019est bien autre chose ! \u00bb<\/p>\n<p data-start=\"1522\" data-end=\"2030\">Il poursuit : \u00ab C\u2019est d\u2019abord l\u2019occasion pour nos \u00e9l\u00e8ves de d\u00e9couvrir depuis la mer, Toulon, sa rade, ses montagnes, son cadre magnifique. Mais la navigation \u00e0 la voile, \u00e0 la fois sport et passion, est aussi une \u00e9cole de vie. Les \u00e9l\u00e8ves y d\u00e9couvriront plaisir et sentiment de libert\u00e9 mais aussi go\u00fbt de l\u2019effort et besoin d\u2019apprentissage technique. Bref, pour nos \u00e9l\u00e8ves et leurs familles mais pour nous aussi, ce sera une journ\u00e9e exceptionnelle de d\u00e9couvertes et de rencontres ! Nous avons h\u00e2te d\u2019y \u00eatre ! \u00bb<\/p>\n<p><a href=\"https:\/\/www.voileetmoteur.com\/wp\/wp-content\/uploads\/2025\/05\/Capture-decran_27-5-2025_162150_.jpg\" target=\"_blank\" rel=\"noopener\"><img loading=\"lazy\" decoding=\"async\" class=\"wp-image-199190 size-medium\" src=\"https:\/\/www.europesays.com\/fr\/wp-content\/uploads\/2025\/05\/Capture-decran_27-5-2025_162150_-500x135.jpg\" alt=\"\" width=\"500\" height=\"135\"  \/><\/a>Cr\u00e9dit : \u00c9ric Tabarlyet d\u2019Esp\u00e9rance banlieues<br \/>\nLe soutien de la Marine nationale<\/p>\n<p data-start=\"2081\" data-end=\"2696\">L\u2019organisation repose en grande partie sur l\u2019engagement du Centre Nautique de la Marine. Philippe Coindreau, pr\u00e9sident du CNMT, souligne la dimension inclusive et \u00e9ducative du projet : \u00ab Parce que la mer et la voile font appel aux valeurs universelles de solidarit\u00e9, d\u2019esprit d\u2019\u00e9quipage et d\u2019humilit\u00e9, il nous semble important de les faire d\u00e9couvrir aux jeunes le plus t\u00f4t possible, a fortiori aux jeunes qui n\u2019ont pas forc\u00e9ment la chance de les d\u00e9couvrir par eux-m\u00eames. Aussi lorsque le Cours Tabarly nous a sollicit\u00e9s pour participer \u00e0 l\u2019organisation de cet \u00e9v\u00e8nement, nous avons imm\u00e9diatement r\u00e9pondu pr\u00e9sents. \u00bb<\/p>\n<p data-start=\"2742\" data-end=\"3081\">La journ\u00e9e d\u00e9butera \u00e0 9h00 avec l\u2019accueil des participants au Club Nautique. Apr\u00e8s un briefing s\u00e9curit\u00e9, les voiliers appareilleront vers 10h30. Trois manches de r\u00e9gates auront lieu devant les plages du Mourillon entre 11h00 et 16h00. Le public pourra suivre la course depuis le Fort Saint-Louis, exceptionnellement ouvert pour l\u2019occasion.<\/p>\n<p data-start=\"3083\" data-end=\"3295\">L\u2019\u00e9v\u00e9nement s\u2019ach\u00e8vera par une remise des prix et un cocktail au Club Nautique \u00e0 partir de 17h00, r\u00e9unissant \u00e9l\u00e8ves, familles, b\u00e9n\u00e9voles, partenaires et repr\u00e9sentants institutionnels dans une ambiance conviviale.<\/p>\n<p>Une aventure collective tourn\u00e9e vers l\u2019avenir<\/p>\n<p data-start=\"3353\" data-end=\"3743\" data-is-last-node=\"\" data-is-only-node=\"\">Deux ans apr\u00e8s une premi\u00e8re \u00e9dition couronn\u00e9e de succ\u00e8s, cette journ\u00e9e s\u2019annonce comme un moment fort pour les \u00e9l\u00e8ves et la communaut\u00e9 \u00e9ducative. \u00c0 travers cette immersion en mer, le Cours \u00c9ric Tabarly ambitionne d\u2019ouvrir de nouveaux horizons \u00e0 ses \u00e9l\u00e8ves, en leur transmettant les valeurs d\u2019engagement, de coop\u00e9ration et de respect de l\u2019environnement.<\/p>\n<p>Source communiqu\u00e9 de presse\u00a0<\/p>\n<p><strong><a href=\"https:\/\/www.voileetmoteur.com\/\" target=\"_blank\" rel=\"noopener\">Retrouvez toute l\u2019actualit\u00e9 nautique sur Voile&amp;Moteur<\/a><\/strong><\/p>\n","protected":false},"excerpt":{"rendered":"Le samedi 7 juin 2025, le Cours \u00c9ric Tabarly, \u00e9cole du r\u00e9seau Esp\u00e9rance banlieues situ\u00e9e \u00e0 Toulon, organise&hellip;\n","protected":false},"author":2,"featured_media":132073,"comment_status":"","ping_status":"","sticky":false,"template":"","format":"standard","meta":{"footnotes":""},"categories":[9619],"tags":[1111,11,1777,674,1011,27,12,8219,882,25,2310],"class_list":{"0":"post-132072","1":"post","2":"type-post","3":"status-publish","4":"format-standard","5":"has-post-thumbnail","7":"category-toulon","8":"tag-actu","9":"tag-actualites","10":"tag-eu","11":"tag-europe","12":"tag-fr","13":"tag-france","14":"tag-news","15":"tag-nouveautes","16":"tag-provence-alpes-cote-dazur","17":"tag-republique-francaise","18":"tag-toulon"},"share_on_mastodon":{"url":"https:\/\/pubeurope.com\/@fr\/114580488452615482","error":""},"_links":{"self":[{"href":"https:\/\/www.europesays.com\/fr\/wp-json\/wp\/v2\/posts\/132072","targetHints":{"allow":["GET"]}}],"collection":[{"href":"https:\/\/www.europesays.com\/fr\/wp-json\/wp\/v2\/posts"}],"about":[{"href":"https:\/\/www.europesays.com\/fr\/wp-json\/wp\/v2\/types\/post"}],"author":[{"embeddable":true,"href":"https:\/\/www.europesays.com\/fr\/wp-json\/wp\/v2\/users\/2"}],"replies":[{"embeddable":true,"href":"https:\/\/www.europesays.com\/fr\/wp-json\/wp\/v2\/comments?post=132072"}],"version-history":[{"count":0,"href":"https:\/\/www.europesays.com\/fr\/wp-json\/wp\/v2\/posts\/132072\/revisions"}],"wp:featuredmedia":[{"embeddable":true,"href":"https:\/\/www.europesays.com\/fr\/wp-json\/wp\/v2\/media\/132073"}],"wp:attachment":[{"href":"https:\/\/www.europesays.com\/fr\/wp-json\/wp\/v2\/media?parent=132072"}],"wp:term":[{"taxonomy":"category","embeddable":true,"href":"https:\/\/www.europesays.com\/fr\/wp-json\/wp\/v2\/categories?post=132072"},{"taxonomy":"post_tag","embeddable":true,"href":"https:\/\/www.europesays.com\/fr\/wp-json\/wp\/v2\/tags?post=132072"}],"curies":[{"name":"wp","href":"https:\/\/api.w.org\/{rel}","templated":true}]}}