{"id":132078,"date":"2025-05-27T15:30:24","date_gmt":"2025-05-27T15:30:24","guid":{"rendered":"https:\/\/www.europesays.com\/fr\/132078\/"},"modified":"2025-05-27T15:30:24","modified_gmt":"2025-05-27T15:30:24","slug":"entreprises-semawe-waga-energy-doremi-leur-actu-en-bref","status":"publish","type":"post","link":"https:\/\/www.europesays.com\/fr\/132078\/","title":{"rendered":"Entreprises. S\u00e9maw\u00e9, Waga Energy, Dor\u00e9mi&#8230; leur actu en bref"},"content":{"rendered":"<p>  &#13;<br \/>\n      <a href=\"https:\/\/cdn-s-www.ledauphine.com\/images\/91c18f5f-b8a0-4481-b83b-96523a19f3b9\/NW_raw\/aliocha-iordanoff-president-de-semawe-et-coach-en-holacratie-photo-le-dl-1720107780.jpg\" title=\"Aliocha Iordanoff, pr\u00e9sident de S\u00e9maw\u00e9 et coach en holacratie. Photo Le DL\" class=\"chocolat-image GA-tracking\" data-ga_type=\"click\" data-ga_category=\"D\u00e9tail\" data-ga_action=\"zoomer\" data-ga_label=\"agrandir image\" target=\"_blank\" rel=\"noopener\">&#13;<br \/>\n          <img loading=\"lazy\" decoding=\"async\" src=\"https:\/\/www.europesays.com\/fr\/wp-content\/uploads\/2025\/05\/aliocha-iordanoff-president-de-semawe-et-coach-en-holacratie-photo-le-dl-1720107780.jpg\" data-mobile=\"NW_listC_M|1720107780\" data-base=\"NW_listC|1720107780\" alt=\"Aliocha Iordanoff, pr\u00e9sident de S\u00e9maw\u00e9 et coach en holacratie. Photo Le DL\"\/>&#13;<br \/>\n      <\/a>&#13;<\/p>\n<p>Aliocha Iordanoff, pr\u00e9sident de S\u00e9maw\u00e9 et coach en holacratie. Photo Le DL<\/p>\n<p>&#13;<\/p>\n<p>  Is\u00e8re : S\u00e9maw\u00e9 certifi\u00e9e B Corp<\/p>\n<p>Depuis 2017, <a href=\"https:\/\/www.ledauphine.com\/culture-loisirs\/2024\/10\/16\/isere-pays-voironnais-culture-les-acteurs-locaux-planchent-sur-un-projet-de-territoire\" target=\"_blank\" rel=\"noopener\">S\u00e9maw\u00e9 accompagne collectivit\u00e9s<\/a>, entreprises, r\u00e9seaux et associations\u00a0vers des pratiques manag\u00e9riales innovantes\u00a0: gouvernance partag\u00e9e, clart\u00e9 des r\u00f4les, coop\u00e9ration authentique, management responsable. S\u00e9maw\u00e9 documente d&rsquo;ailleurs ses apprentissages via <a href=\"https:\/\/semawe.fr\/le-journal\/\" target=\"_blank\" rel=\"noopener\">son journal<\/a>,\u00a0son <a href=\"https:\/\/semawe.fr\/podcast\/semawe-laboratoire-d-innovations-manageriales\/\" target=\"_blank\" rel=\"noopener\">podcast<\/a>\u00a0et en a m\u00eame fait <a href=\"https:\/\/www.ledauphine.com\/economie\/2025\/05\/27\/de la Fabrique des Alpes\" target=\"_blank\" rel=\"noopener\">un \u00e9v\u00e8nement : La Fabrique des Alpes<\/a>.\u00a0Cette coop\u00e9rative grenobloise vient de rejoindre officiellement la communaut\u00e9 des entreprises certifi\u00e9es B Corp, collectif mondial d\u2019organisations qui s\u2019engagent \u00e0 utiliser leur activit\u00e9 comme force au service du bien commun. \u201cC&rsquo;est une \u00e9tape\u201d, promet-on chez S\u00e9maw\u00e9.<\/p>\n<p>  &#13;<br \/>\n      <a href=\"https:\/\/cdn-s-www.ledauphine.com\/images\/5854b4dd-a3bd-427f-adf2-da0130ffb177\/NW_raw\/photo-waga-energy-1618937285.jpg\" title=\"Photo Waga Energy\" class=\"chocolat-image GA-tracking\" data-ga_type=\"click\" data-ga_category=\"D\u00e9tail\" data-ga_action=\"zoomer\" data-ga_label=\"agrandir image\" target=\"_blank\" rel=\"noopener\">&#13;<br \/>\n          <img loading=\"lazy\" decoding=\"async\" src=\"https:\/\/www.europesays.com\/fr\/wp-content\/uploads\/2025\/05\/photo-waga-energy-1618937285.jpg\" data-mobile=\"NW_listC_M|1618937285\" data-base=\"NW_listC|1618937285\" alt=\"Photo Waga Energy\"\/>&#13;<br \/>\n      <\/a>&#13;<br \/>\n              Photo Waga Energy&#13;<\/p>\n<p>  Is\u00e8re : Waga Energy ouvre une\u00a0unit\u00e9 de biom\u00e9thane au Canada<\/p>\n<p>C&rsquo;est un projet qui germait <a href=\"https:\/\/www.ledauphine.com\/economie\/2022\/09\/14\/waga-energy-s-installe-sur-l-ile-de-vancouver\" target=\"_blank\" rel=\"noopener\">depuis\u00a0plusieurs ann\u00e9es<\/a>\u00a0:\u00a0le site de stockage de d\u00e9chets d\u2019Hartland, sur l\u2019Ile de Vancouver au Canada,\u00a0est d\u00e9sormais dot\u00e9 de la technologie\u00a0de Waga Energy.\u00a0<\/p>\n<p>Une Wagabox con\u00e7ue pour produire jusqu\u2019\u00e0 100\u202fgigawatt-heure (GWh) de biom\u00e9thane par an, r\u00e9duisant ainsi les \u00e9missions de gaz \u00e0 effet de serre (GES) de la r\u00e9gion de la capitale de pr\u00e8s de 475\u202f000\u202ftonnes de dioxyde de carbone au cours des 25\u202fprochaines ann\u00e9es, soit l\u2019\u00e9quivalent des \u00e9missions de 105\u202f000\u202ffoyers canadiens pendant la dur\u00e9e de vie de l\u2019installation.<\/p>\n<p>Waga Energy, bas\u00e9e \u00e0 Eybens et\u00a0<a href=\"https:\/\/www.ledauphine.com\/economie\/2024\/12\/20\/nouveaux-contrats-pour-waga-energy-aux-etats-unis\" target=\"_blank\" rel=\"noopener\">solidement implant\u00e9e \u00e0 l&rsquo;international<\/a>, exploitera et entretiendra l\u2019installation pour le compte du district de Vancouver pendant 25\u202fans.<\/p>\n<p>\u00ab\u202fCe projet repr\u00e9sente une \u00e9tape importante dans la lutte contre le changement climatique et pour faire progresser la transition \u00e9nerg\u00e9tique. Nous sommes ravis d\u2019y participer en fournissant une technologie de pointe et \u00e0 bas carbone, au service de la population locale\u202f\u00bb, s&rsquo;est exprim\u00e9\u00a0Julie Flynn, directrice g\u00e9n\u00e9rale de Waga Energy Canada.<\/p>\n<p>  &#13;<br \/>\n      <a href=\"https:\/\/cdn-s-www.ledauphine.com\/images\/b435bfcb-6430-45a9-9f8b-073a2f4ce78a\/NW_raw\/pierre-et-johan-renaud-(a-gauche-et-a-droite)-directeurs-de-gpa-avec-charlotte-thomas-responsable-actuariat-et-rentabilite-et-rejane-pepek-directrice-indemnisation-et-service-aux-clients-chez-foyer-assurances-1748268952.jpg\" title=\"Pierre et Johan Renaud (\u00e0 gauche et \u00e0 droite), directeurs de GPA, avec Charlotte Thomas, responsable Actuariat et Rentabilit\u00e9 et R\u00e9jane Pepek, directrice Indemnisation et Service aux Clients\u00a0chez Foyer Assurances.\" class=\"chocolat-image GA-tracking\" data-ga_type=\"click\" data-ga_category=\"D\u00e9tail\" data-ga_action=\"zoomer\" data-ga_label=\"agrandir image\" target=\"_blank\" rel=\"noopener\">&#13;<br \/>\n          <img loading=\"lazy\" decoding=\"async\" src=\"https:\/\/www.europesays.com\/fr\/wp-content\/uploads\/2025\/05\/pierre-et-johan-renaud-(a-gauche-et-a-droite)-directeurs-de-gpa-avec-charlotte-thomas-responsable-ac.jpeg\" data-mobile=\"NW_listC_M|1748268952\" data-base=\"NW_listC|1748268952\" alt=\"Pierre et Johan Renaud (\u00e0 gauche et \u00e0 droite), directeurs de GPA, avec Charlotte Thomas, responsable Actuariat et Rentabilit\u00e9 et R\u00e9jane Pepek, directrice Indemnisation et Service aux Clients\u00a0chez Foyer Assurances.\"\/>&#13;<br \/>\n      <\/a>&#13;<br \/>\n              Pierre et Johan Renaud (\u00e0 gauche et \u00e0 droite), directeurs de GPA, avec Charlotte Thomas, responsable Actuariat et Rentabilit\u00e9 et R\u00e9jane Pepek, directrice Indemnisation et Service aux Clients\u00a0chez Foyer Assurances.&#13;<\/p>\n<p>  Dr\u00f4me : le recycleur automobile GPA partenaire s&rsquo;exporte au Luxembourg<\/p>\n<p>La (super) casse GPA vient de nouer un partenariat avec Frier, premier assureur du Luxembourg \u00e0 proposer \u00e0 ses clients des pi\u00e8ces de r\u00e9emploi pour la r\u00e9paration de v\u00e9hicules accident\u00e9s.<\/p>\n<p>Concr\u00e8tement,\u00a0Gr\u00e2ce \u00e0 cet accord, les v\u00e9hicules accident\u00e9s et d\u00e9clar\u00e9s en perte totale au Luxembourg\u00a0pourront \u00eatre r\u00e9cup\u00e9r\u00e9s\u00a0revaloris\u00e9s par le site de GPA \u00e0 Livron-sur-Dr\u00f4me, et bient\u00f4t dans <a href=\"https:\/\/www.ledauphine.com\/economie\/2024\/10\/08\/decouvrez-pourquoi-le-dromois-gpa-construit-une-nouvelle-usine-de-recyclage-automobile-dans-l-oise\" target=\"_blank\" rel=\"noopener\">sa nouvelle usine de Pont-Sainte-Maxence<\/a>, plus proche du Luxembourg. Inversement, Foyer pourra \u00e9galement acc\u00e9der \u00e0 l\u2019ensemble du stock des pi\u00e8ces du catalogue GPA.<\/p>\n<p>\u00ab\u00a0GPA est particuli\u00e8rement fier de ce partenariat (&#8230;) Cette collaboration marque \u00e9galement notre premier d\u00e9veloppement hors du territoire fran\u00e7ais. Nous sommes heureux de concr\u00e9tiser cette d\u00e9marche avec Foyer, car il existe entre nos deux entreprises beaucoup de valeurs communes et en partage, une vision du d\u00e9veloppement \u00bb, partage\u00a0Johan Renaud, PDG du Groupe GPA.<\/p>\n<p>Une premi\u00e8re \u00e9tape \u00e0 l&rsquo;international pour l&rsquo;entreprise dr\u00f4moise, d\u00e9j\u00e0 parti \u00e0 la conqu\u00eate de <a href=\"https:\/\/www.ledauphine.com\/economie\/2024\/06\/13\/le-groupe-gpa-specialise-dans-le-recyclage-automobile-part-a-la-conquete-du-grand-ouest\" target=\"_blank\" rel=\"noopener\">l&rsquo;ouest de la France ces derniers mois<\/a>.<\/p>\n<p>  Rh\u00f4ne :\u00a0Normal ouvre un nouveau magasin au sud de Lyon<\/p>\n<p>L\u2019enseigne danoise Normal, qui poss\u00e8de d\u00e9j\u00e0 trois magasins \u00e0 Lyon, vient de confirmer son installation au centre commercial Givors 2 Vall\u00e9es. L\u2019ouverture est pr\u00e9vue pour ce mardi 27 mai. Roue des cadeaux et goodies offerts sont pr\u00e9vus pour l\u2019occasion.<\/p>\n<p>La nouvelle boutique aura une surface de vente de 563 m 2 , g\u00e9n\u00e9rant la cr\u00e9ation d\u2019une dizaine d\u2019emplois.<\/p>\n<p>\u00ab Avec cette nouvelle ouverture, qui sera notre\u00a017e de l\u2019ann\u00e9e 2025, nous continuons \u00e0 renforcer notre pr\u00e9sence en France et \u00e0 d\u00e9ployer notre concept sur tout le territoire \u00bb, d\u00e9clare dans un communiqu\u00e9 Torben Mouritsen, PDG de Normal.<\/p>\n<p>  &#13;<br \/>\n      <a href=\"https:\/\/cdn-s-www.ledauphine.com\/images\/a62e931e-d58a-4743-8b57-3ef0f31b54ca\/NW_raw\/l-entreprise-de-l-economie-sociale-et-solidaire-basee-a-alixan-a-cote-de-valence-dans-la-drome-s-emploie-a-accelerer-la-renovation-energetique-des-maisons-individuelles-photo-aurelie-moris-1666082104.jpg\" title=\"L\u2019entreprise de l\u2019\u00e9conomie sociale et solidaire, bas\u00e9e \u00e0 Alixan \u00e0 c\u00f4t\u00e9 de Valence dans la Dr\u00f4me, s\u2019emploie \u00e0 acc\u00e9l\u00e9rer la r\u00e9novation \u00e9nerg\u00e9tique des maisons individuelles.\u00a0Photo\u00a0Aur\u00e9lie Moris\" class=\"chocolat-image GA-tracking\" data-ga_type=\"click\" data-ga_category=\"D\u00e9tail\" data-ga_action=\"zoomer\" data-ga_label=\"agrandir image\" target=\"_blank\" rel=\"noopener\">&#13;<br \/>\n          <img loading=\"lazy\" decoding=\"async\" src=\"https:\/\/www.europesays.com\/fr\/wp-content\/uploads\/2025\/05\/l-entreprise-de-l-economie-sociale-et-solidaire-basee-a-alixan-a-cote-de-valence-dans-la-drome-s-emp.jpeg\" data-mobile=\"NW_listC_M|1666082104\" data-base=\"NW_listC|1666082104\" alt=\"L\u2019entreprise de l\u2019\u00e9conomie sociale et solidaire, bas\u00e9e \u00e0 Alixan \u00e0 c\u00f4t\u00e9 de Valence dans la Dr\u00f4me, s\u2019emploie \u00e0 acc\u00e9l\u00e9rer la r\u00e9novation \u00e9nerg\u00e9tique des maisons individuelles.\u00a0Photo\u00a0Aur\u00e9lie Moris\"\/>&#13;<br \/>\n      <\/a>&#13;<\/p>\n<p>L\u2019entreprise de l\u2019\u00e9conomie sociale et solidaire, bas\u00e9e \u00e0 Alixan \u00e0 c\u00f4t\u00e9 de Valence dans la Dr\u00f4me, s\u2019emploie \u00e0 acc\u00e9l\u00e9rer la r\u00e9novation \u00e9nerg\u00e9tique des maisons individuelles.\u00a0Photo\u00a0Aur\u00e9lie Moris<\/p>\n<p>&#13;<\/p>\n<p>  Dr\u00f4me :\u00a0Dor\u00e9mi au forum R\u00e9nodays 2025<\/p>\n<p style=\"text-align: justify;\">Dor\u00e9mi, entreprise de l\u2019\u00e9conomie sociale et solidaire de la r\u00e9novation \u00e9nerg\u00e9tique, participera au salon R\u00e9nodays 2025,\u00a0les 7 et 8 octobre 2025\u00a0\u00e0\u00a0Paris Expo.\u00a0Lors de cette \u00e9dition, l&rsquo;\u00e9quipe Dor\u00e9mi proposera 20 ateliers et sessions d&rsquo;expert pour favoriser les \u00e9changes autour des bonnes pratiques de la r\u00e9novation performante.<\/p>\n","protected":false},"excerpt":{"rendered":"&#13; &#13; &#13; &#13; Aliocha Iordanoff, pr\u00e9sident de S\u00e9maw\u00e9 et coach en holacratie. Photo Le DL &#13; Is\u00e8re&hellip;\n","protected":false},"author":2,"featured_media":132079,"comment_status":"","ping_status":"","sticky":false,"template":"","format":"standard","meta":{"footnotes":""},"categories":[9566],"tags":[1111,11,2738,4646,2430,9810,2730,33,1777,674,1011,27,2731,4638,693,5015,108,3367,12,25,2429,5508,216],"class_list":{"0":"post-132078","1":"post","2":"type-post","3":"status-publish","4":"format-standard","5":"has-post-thumbnail","7":"category-grenoble","8":"tag-actu","9":"tag-actualites","10":"tag-ain","11":"tag-ardeche","12":"tag-auvergne-rhone-alpes","13":"tag-direct-entreprises","14":"tag-drome","15":"tag-economie","16":"tag-eu","17":"tag-europe","18":"tag-fr","19":"tag-france","20":"tag-grenoble","21":"tag-haute-savoie","22":"tag-industrie","23":"tag-innovation-et-start-up","24":"tag-isere","25":"tag-loire","26":"tag-news","27":"tag-republique-francaise","28":"tag-rhone","29":"tag-savoie","30":"tag-vie-des-entreprises"},"share_on_mastodon":{"url":"https:\/\/pubeurope.com\/@fr\/114580515996507665","error":""},"_links":{"self":[{"href":"https:\/\/www.europesays.com\/fr\/wp-json\/wp\/v2\/posts\/132078","targetHints":{"allow":["GET"]}}],"collection":[{"href":"https:\/\/www.europesays.com\/fr\/wp-json\/wp\/v2\/posts"}],"about":[{"href":"https:\/\/www.europesays.com\/fr\/wp-json\/wp\/v2\/types\/post"}],"author":[{"embeddable":true,"href":"https:\/\/www.europesays.com\/fr\/wp-json\/wp\/v2\/users\/2"}],"replies":[{"embeddable":true,"href":"https:\/\/www.europesays.com\/fr\/wp-json\/wp\/v2\/comments?post=132078"}],"version-history":[{"count":0,"href":"https:\/\/www.europesays.com\/fr\/wp-json\/wp\/v2\/posts\/132078\/revisions"}],"wp:featuredmedia":[{"embeddable":true,"href":"https:\/\/www.europesays.com\/fr\/wp-json\/wp\/v2\/media\/132079"}],"wp:attachment":[{"href":"https:\/\/www.europesays.com\/fr\/wp-json\/wp\/v2\/media?parent=132078"}],"wp:term":[{"taxonomy":"category","embeddable":true,"href":"https:\/\/www.europesays.com\/fr\/wp-json\/wp\/v2\/categories?post=132078"},{"taxonomy":"post_tag","embeddable":true,"href":"https:\/\/www.europesays.com\/fr\/wp-json\/wp\/v2\/tags?post=132078"}],"curies":[{"name":"wp","href":"https:\/\/api.w.org\/{rel}","templated":true}]}}