{"id":132094,"date":"2025-05-27T15:38:17","date_gmt":"2025-05-27T15:38:17","guid":{"rendered":"https:\/\/www.europesays.com\/fr\/132094\/"},"modified":"2025-05-27T15:38:17","modified_gmt":"2025-05-27T15:38:17","slug":"pourquoi-un-hibou-siberien-se-balade-t-il-en-loire-atlantique-entre-nantes-et-saint-nazaire","status":"publish","type":"post","link":"https:\/\/www.europesays.com\/fr\/132094\/","title":{"rendered":"Pourquoi un hibou sib\u00e9rien se balade-t-il en Loire-Atlantique, entre Nantes et Saint-Nazaire ?"},"content":{"rendered":"<p>Un rapace nocturne, disparu lors d\u2019un spectacle donn\u00e9 vendredi dernier au Legendia Parc, \u00e0 Frossay, se baladerait pr\u00e8s de l\u2019estuaire de la Loire. Un appel \u00e0 t\u00e9moins a \u00e9t\u00e9 diffus\u00e9 par les fauconniers du site.<\/p>\n<p class=\"fig-paragraph\">Des plumes de neige et des yeux pamplemousse. Un\u00a0<a href=\"http:\/\/www.lefigaro.fr\/animaux\/le-hibou-ce-mysterieux-rapace-qui-vit-la-nuit-20220531\" target=\"_blank\" data-fig-type=\"Article\" rel=\"noopener\" data-gtm-custom-categorie=\"navigation\" data-gtm-custom-action=\"crossclick\" data-gtm-custom-label=\"Contextuel\" data-gtm-event=\"customEventSPE\" data-fig-domain=\"LEFIGARO\">hibou grand-duc<\/a>\u00a0de Sib\u00e9rie s\u2019est volatilis\u00e9, vendredi 23 mai, de l\u2019enceinte d\u2019un parc animalier de Loire-Atlantique, \u00e0 Frossay, entre\u00a0<a href=\"https:\/\/www.lefigaro.fr\/nantes\" target=\"_blank\" data-fig-type=\"Section\" rel=\"noopener\" data-gtm-custom-categorie=\"navigation\" data-gtm-custom-action=\"crossclick\" data-gtm-custom-label=\"Contextuel\" data-gtm-event=\"customEventSPE\" data-fig-domain=\"LEFIGARO\">Nantes<\/a>\u00a0et Saint-Nazaire. Reconnaissable \u00ab\u00e0 son plumage clair et \u00e0 ses jets en cuir fix\u00e9s aux pattes\u00bb, \u00c9os &#8211; le nom de ce hibou m\u00e2le, \u00e2g\u00e9 d\u2019un an &#8211; mesure pr\u00e8s de deux m\u00e8tres d\u2019envergure, avec les ailes d\u00e9ploy\u00e9es, selon la description partag\u00e9e par Legendia Parc. Le site propri\u00e9taire de l\u2019animal a diffus\u00e9 dimanche un appel \u00e0 t\u00e9moins afin de retrouver au plus vite la trace du hibou.<\/p>\n<p class=\"fig-paragraph\">Le rapace s\u2019est envol\u00e9 lors d\u2019un spectacle \u00e0 th\u00e8me en plein air. Il a quitt\u00e9 son parcours vers 16h45 avant de se poser un peu plus loin dans le parc, plut\u00f4t qu\u2019\u00e0 l\u2019avant-bras d\u2019un fauconnier. Vers 22 heures, les \u00e9quipes l\u2019avaient rep\u00e9r\u00e9 en haut d\u2019un sapin. Le grand-duc a finalement pris cong\u00e9 du site dans la nuit de vendredi \u00e0 samedi. \u00ab\u00c9os a paniqu\u00e9 et, \u00e0 la mani\u00e8re d\u2019un enfant perdu, a empir\u00e9 la situation et perdu son chemin en essayant de retrouver son orientation\u00bb, indique au Figaro Kevin Anjard, responsable animalier de Legendia Parc.<\/p>\n<p>Un hibou physionomiste<\/p>\n<p class=\"fig-paragraph\">Depuis, \u00c9os pourrait encore se trouver dans le secteur imm\u00e9diat du parc. Les responsables du site ont re\u00e7u une quinzaine de signalements encourageants depuis dimanche. La zone de recherche se concentrait mardi apr\u00e8s-midi sur un secteur situ\u00e9 entre Legendia Parc et la Loire, \u00e0 cinq kilom\u00e8tres au nord. En th\u00e9orie, le hibou pourrait cependant s\u2019\u00eatre envol\u00e9 jusqu\u2019\u00e0 30 kilom\u00e8tres du parc, depuis le week-end dernier.<\/p>\n<p class=\"fig-paragraph\">Plus grand rapace nocturne du monde, le grand-duc de Sib\u00e9rie est facilement reconnaissable par ses grandes dimensions, son pelage clair et ses aigrettes, ainsi que par son hululement dynamique. Les fauconniers du parc lig\u00e9rien demandent de ne pas chercher \u00e0 capturer soi-m\u00eame le hibou. S\u2019il ne pr\u00e9sente aucun danger pour la population, l\u2019animal pourrait cependant \u00eatre mal manipul\u00e9 voire prendre peur et s\u2019envoler encore plus loin. \u00abDans la mesure du possible, il faut nous appeler au plus vite, sans perdre \u00c9os de vue\u00bb, pr\u00e9cise Kevin Anjard. Fin physionomiste, le rapace reconna\u00eetra et sera rassur\u00e9 par la pr\u00e9sence de l\u2019un des six fauconniers qui l\u2019entourent depuis son plus jeune \u00e2ge, assure le responsable animalier. Les signalements sont \u00e0 adresser au 02.40.39.75.06.<\/p>\n","protected":false},"excerpt":{"rendered":"Un rapace nocturne, disparu lors d\u2019un spectacle donn\u00e9 vendredi dernier au Legendia Parc, \u00e0 Frossay, se baladerait pr\u00e8s&hellip;\n","protected":false},"author":2,"featured_media":132095,"comment_status":"","ping_status":"","sticky":false,"template":"","format":"standard","meta":{"footnotes":""},"categories":[2818],"tags":[1111,11,18732,1777,674,462,1011,27,7066,2640,2642,766,2638,2643,2637,2639,2646,2645,2641,2635,2644,2647,12,2636,25],"class_list":{"0":"post-132094","1":"post","2":"type-post","3":"status-publish","4":"format-standard","5":"has-post-thumbnail","7":"category-nantes","8":"tag-actu","9":"tag-actualites","10":"tag-animal","11":"tag-eu","12":"tag-europe","13":"tag-fc-nantes","14":"tag-fr","15":"tag-france","16":"tag-fuite","17":"tag-hauts-paves-saint-felix","18":"tag-ile-de-nantes","19":"tag-nantes","20":"tag-nantes-bellevue-chantenay-sainte-anne","21":"tag-nantes-breil-barberie","22":"tag-nantes-centre-ville","23":"tag-nantes-dervallieres-zola","24":"tag-nantes-doulon-bottiere","25":"tag-nantes-erdre","26":"tag-nantes-malakoff-saint-donatien","27":"tag-nantes-metropole","28":"tag-nantes-nord","29":"tag-nantes-sud","30":"tag-news","31":"tag-pays-de-la-loire","32":"tag-republique-francaise"},"share_on_mastodon":{"url":"https:\/\/pubeurope.com\/@fr\/114580547646132284","error":""},"_links":{"self":[{"href":"https:\/\/www.europesays.com\/fr\/wp-json\/wp\/v2\/posts\/132094","targetHints":{"allow":["GET"]}}],"collection":[{"href":"https:\/\/www.europesays.com\/fr\/wp-json\/wp\/v2\/posts"}],"about":[{"href":"https:\/\/www.europesays.com\/fr\/wp-json\/wp\/v2\/types\/post"}],"author":[{"embeddable":true,"href":"https:\/\/www.europesays.com\/fr\/wp-json\/wp\/v2\/users\/2"}],"replies":[{"embeddable":true,"href":"https:\/\/www.europesays.com\/fr\/wp-json\/wp\/v2\/comments?post=132094"}],"version-history":[{"count":0,"href":"https:\/\/www.europesays.com\/fr\/wp-json\/wp\/v2\/posts\/132094\/revisions"}],"wp:featuredmedia":[{"embeddable":true,"href":"https:\/\/www.europesays.com\/fr\/wp-json\/wp\/v2\/media\/132095"}],"wp:attachment":[{"href":"https:\/\/www.europesays.com\/fr\/wp-json\/wp\/v2\/media?parent=132094"}],"wp:term":[{"taxonomy":"category","embeddable":true,"href":"https:\/\/www.europesays.com\/fr\/wp-json\/wp\/v2\/categories?post=132094"},{"taxonomy":"post_tag","embeddable":true,"href":"https:\/\/www.europesays.com\/fr\/wp-json\/wp\/v2\/tags?post=132094"}],"curies":[{"name":"wp","href":"https:\/\/api.w.org\/{rel}","templated":true}]}}