{"id":132100,"date":"2025-05-27T15:41:09","date_gmt":"2025-05-27T15:41:09","guid":{"rendered":"https:\/\/www.europesays.com\/fr\/132100\/"},"modified":"2025-05-27T15:41:09","modified_gmt":"2025-05-27T15:41:09","slug":"tout-prevoir-pour-le-pont-de-lascension-a-bordeaux","status":"publish","type":"post","link":"https:\/\/www.europesays.com\/fr\/132100\/","title":{"rendered":"tout pr\u00e9voir pour le pont de l&rsquo;Ascension \u00e0 Bordeaux"},"content":{"rendered":"<p>            Par<br \/>\n        <strong><br \/>\n            <a href=\"https:\/\/actu.fr\/auteur\/redaction-bordeaux\" title=\"Consulter tous les articles de R\u00e9daction Bordeaux\" target=\"_blank\" rel=\"noopener\">R\u00e9daction Bordeaux<\/a><br \/>\n        <\/strong><\/p>\n<p>        Publi\u00e9 le<\/p>\n<p>            27 mai 2025 \u00e0 17h32        <\/p>\n<p>Ce jeudi 29\u00a0mai 2025 est f\u00e9ri\u00e9, car c\u2019est le <strong>jeudi de l\u2019Ascension.<\/strong> On fait le point sur l\u2019impact du jour f\u00e9ri\u00e9 sur la collecte des d\u00e9chets, les ouvertures des piscines, des services publics et les transports en commun <a href=\"https:\/\/actu.fr\/bordeaux\/\" target=\"_blank\" rel=\"noopener\">de Bordeaux<\/a> et sa m\u00e9tropole.<\/p>\n<p>La collecte des d\u00e9chets<\/p>\n<p class=\" wall-content\">Dans l\u2019hypercentre de Bordeaux, la collecte de nuit est assur\u00e9e<strong> comme d\u2019habitude. <\/strong>Dans l\u2019intra-boulevards de Bordeaux, <strong>rive gauche,<\/strong> les bacs de tri sont collect\u00e9s mais pas les bacs noirs.<\/p>\n<p class=\" wall-content\">Dans les autres communes et en extra-boulevards de Bordeaux, c\u2019est l\u2019inverse\u2009: <strong>les bacs noirs sont collect\u00e9s,<\/strong> les bacs de tri ne le sont pas.<\/p>\n<p class=\" wall-content\">Attention, <strong>toutes les d\u00e9chetteries<\/strong> de la M\u00e9tropole seront ferm\u00e9es.<\/p>\n<p>Les transports, piscines et services publics<\/p>\n<p class=\" wall-content\">Le jeudi de l\u2019Ascension, les tramways, bus et le service Bato <a href=\"https:\/\/actu.fr\/tag\/tbm\" target=\"_blank\" rel=\"noopener\">de TBM<\/a> circuleront en <strong>horaires de dimanche.<\/strong> La veille, les lianes et Flexo circuleront jusqu\u2019\u00e0 1h du matin.<\/p>\n<p>Vid\u00e9os : en ce moment sur Actu<\/p>\n<p class=\" wall-content\">Pour \u00e9viter les d\u00e9sagr\u00e9ments, TBM rappelle que <strong>186 stations V\u00e9lo<\/strong> sont accessibles 24h\/24, 7\u00a0jours sur 7.<\/p>\n<p class=\" wall-content\">\n<p class=\" wall-content\">Il devrait faire <a href=\"https:\/\/actu.fr\/nouvelle-aquitaine\/bordeaux_33063\/meteo-en-gironde-une-chaleur-largement-au-dessus-des-normales-attendue-pour-le-week-end-de-l-ascension_62689869.html#:~:text=En%20ce%20jeudi%20de%20l,Lacanau%20ou%20dans%20le%20Libournais.\" target=\"_blank\" rel=\"noopener\">tr\u00e8s chaud pour ce jeudi de l\u2019Ascension.<\/a> Malheureusement, les piscines municipales seront <strong>ferm\u00e9es en ce jour f\u00e9ri\u00e9.\u00a0<\/strong>Les Bordelais pourront n\u00e9anmoins trouver de l\u2019ombre dans <strong>les parcs et jardins<\/strong> de la ville, tous ouverts aux horaires habituels.<\/p>\n<p class=\" wall-content\">Du c\u00f4t\u00e9 des services publics, les services et \u00e9tablissements qui sont habituellement <strong>ferm\u00e9s les jours f\u00e9ri\u00e9s,<\/strong> seront ferm\u00e9s ce jeudi : h\u00f4tel de ville, cit\u00e9 municipale, mairies de quartier, \u00e9tablissements culturels et sportifs\u2026\u00a0<\/p>\n<p class=\" wall-content\">Attention, les accueils municipaux de l\u2019h\u00f4tel de ville, de la cit\u00e9 municipale, des mairies de quartier, des services de la ville de Bordeaux et du CCAS, de <a href=\"https:\/\/actu.fr\/tag\/bordeaux-metropole\" target=\"_blank\" rel=\"noopener\">Bordeaux M\u00e9tropole<\/a> seront <strong>\u00e9galement ferm\u00e9s vendredi.\u00a0<\/strong>Le service des formalit\u00e9s et de l\u2019\u00e9tat civil est ouvert de 9h \u00e0 12h30 et de 13h30 \u00e0 16h uniquement pour la r\u00e9ception des d\u00e9clarations de naissance et de d\u00e9c\u00e8s.<\/p>\n<p class=\" wall-content\">Suivez toute l\u2019actualit\u00e9 de vos villes et m\u00e9dias favoris en vous inscrivant \u00e0 <a href=\"https:\/\/moncompte.actu.fr\" title=\"D\u00e9couvez Mon Actu\" rel=\"nofollow noopener\" data-trk=\"{&quot;cta&quot;:{&quot;action&quot;:&quot;https:\\\/\\\/moncompte.actu.fr&quot;,&quot;category&quot;:&quot;mon compte&quot;,&quot;from&quot;:&quot;article footer&quot;,&quot;name&quot;:&quot;Mon actu&quot;,&quot;type&quot;:&quot;cta&quot;}}\" target=\"_blank\">Mon Actu<\/a>.<\/p>\n","protected":false},"excerpt":{"rendered":"Par R\u00e9daction Bordeaux Publi\u00e9 le 27 mai 2025 \u00e0 17h32 Ce jeudi 29\u00a0mai 2025 est f\u00e9ri\u00e9, car c\u2019est&hellip;\n","protected":false},"author":2,"featured_media":132101,"comment_status":"","ping_status":"","sticky":false,"template":"","format":"standard","meta":{"footnotes":""},"categories":[2817],"tags":[1111,11,1997,3008,1777,674,1011,27,12,2219,25,104,7952,2803],"class_list":{"0":"post-132100","1":"post","2":"type-post","3":"status-publish","4":"format-standard","5":"has-post-thumbnail","7":"category-bordeaux","8":"tag-actu","9":"tag-actualites","10":"tag-bordeaux","11":"tag-dechets","12":"tag-eu","13":"tag-europe","14":"tag-fr","15":"tag-france","16":"tag-news","17":"tag-nouvelle-aquitaine","18":"tag-republique-francaise","19":"tag-societe","20":"tag-tbm","21":"tag-transport"},"share_on_mastodon":{"url":"https:\/\/pubeurope.com\/@fr\/114580559157532872","error":""},"_links":{"self":[{"href":"https:\/\/www.europesays.com\/fr\/wp-json\/wp\/v2\/posts\/132100","targetHints":{"allow":["GET"]}}],"collection":[{"href":"https:\/\/www.europesays.com\/fr\/wp-json\/wp\/v2\/posts"}],"about":[{"href":"https:\/\/www.europesays.com\/fr\/wp-json\/wp\/v2\/types\/post"}],"author":[{"embeddable":true,"href":"https:\/\/www.europesays.com\/fr\/wp-json\/wp\/v2\/users\/2"}],"replies":[{"embeddable":true,"href":"https:\/\/www.europesays.com\/fr\/wp-json\/wp\/v2\/comments?post=132100"}],"version-history":[{"count":0,"href":"https:\/\/www.europesays.com\/fr\/wp-json\/wp\/v2\/posts\/132100\/revisions"}],"wp:featuredmedia":[{"embeddable":true,"href":"https:\/\/www.europesays.com\/fr\/wp-json\/wp\/v2\/media\/132101"}],"wp:attachment":[{"href":"https:\/\/www.europesays.com\/fr\/wp-json\/wp\/v2\/media?parent=132100"}],"wp:term":[{"taxonomy":"category","embeddable":true,"href":"https:\/\/www.europesays.com\/fr\/wp-json\/wp\/v2\/categories?post=132100"},{"taxonomy":"post_tag","embeddable":true,"href":"https:\/\/www.europesays.com\/fr\/wp-json\/wp\/v2\/tags?post=132100"}],"curies":[{"name":"wp","href":"https:\/\/api.w.org\/{rel}","templated":true}]}}