{"id":132104,"date":"2025-05-27T15:43:09","date_gmt":"2025-05-27T15:43:09","guid":{"rendered":"https:\/\/www.europesays.com\/fr\/132104\/"},"modified":"2025-05-27T15:43:09","modified_gmt":"2025-05-27T15:43:09","slug":"toulouse-pourquoi-le-stade-toulousain-et-sa-mascotte-ont-envahi-la-place-du-capitole","status":"publish","type":"post","link":"https:\/\/www.europesays.com\/fr\/132104\/","title":{"rendered":"Toulouse. Pourquoi le Stade Toulousain et sa mascotte ont envahi la place du Capitole\u00a0?"},"content":{"rendered":"<p>            Par<br \/>\n        <strong><br \/>\n            <a href=\"https:\/\/actu.fr\/auteur\/lea-afonso\" title=\"Consulter tous les articles de L\u00e9a Afonso\" rel=\"nofollow noopener\" target=\"_blank\">L\u00e9a Afonso<\/a><br \/>\n        <\/strong><\/p>\n<p>        Publi\u00e9 le<\/p>\n<p>            27 mai 2025 \u00e0 17h17        <\/p>\n<p>La chaleur de ce d\u00e9but de semaine n\u2019aura pas eu raison <strong>d\u2019Ovalion<\/strong> et de sa fourrure ce mardi 27 mai 2025. Ce dernier se dandinait en musique sur la place du Capitole \u00e0 <a href=\"https:\/\/actu.fr\/toulouse\/\" rel=\"nofollow noopener\" target=\"_blank\">Toulouse<\/a>. Mais alors pourquoi <strong>la mascotte du Stade Toulousain<\/strong> \u00e9tait-elle en plein c\u0153ur du centre-ville\u2009?<\/p>\n<p>Des animations qui plaisent<\/p>\n<p class=\" wall-content\"><strong>Musique<\/strong> et \u00e9quipes mettent l\u2019ambiance place du Capitole. Une file de <strong>plusieurs dizaines de personnes<\/strong> s\u2019\u00e9tend. Toutes sont venues pour <strong>d\u00e9fier Ovalion<\/strong>\u2009! Les joueurs tournent la roue et ont un gage\u2009: certains doivent danser avec la mascotte, d\u2019autres prendre une photo avec elle. Les plus courageux repartent avec des goodies.<\/p>\n<p>    <img   decoding=\"async\" loading=\"lazy\" src=\"https:\/\/www.europesays.com\/fr\/wp-content\/uploads\/2025\/05\/img-2813-960x640.jpeg\" alt=\"D\u00e9fier Ovalion au travers de jeux \" width=\"960\" height=\"640\"\/><br \/>\n    D\u00e9fier Ovalion au travers de jeux (\u00a9L\u00e9a Afonso \/ Actu Toulouse)<\/p>\n<p class=\" wall-content\">\u00ab\u2009Je d\u00e9couvrais Toulouse et je suis tomb\u00e9e sur le stand. En tant que fan de rugby, j\u2019ai voulu tenter ma chance\u2009\u00bb, raconte \u00c9velyne, touriste venue de Bretagne. D\u2019autres joueurs viennent entre amis comme Emma et Eva\u2009: \u00ab\u2009on y avait d\u00e9j\u00e0 particip\u00e9 l\u2019ann\u00e9e derni\u00e8re et quand on a vu que cette ann\u00e9e, le stade remontait son stand, on s\u2019est approch\u00e9s. C\u2019est assez rigolo\u2009\u00bb, s\u2019amusent les deux comp\u00e8res.<\/p>\n<p>Une semaine de f\u00eate<\/p>\n<p class=\" wall-content\">C\u2019est \u00e0 l\u2019occasion de la <strong>semaine du rugby<\/strong>, du 27 au 31 mai, que le staff de la c\u00e9l\u00e8bre \u00e9quipe en <strong>rouge et noir<\/strong>, et sa mascotte, <strong>s\u2019emparent de la Ville rose.<\/strong><\/p>\n<p>Vid\u00e9os : en ce moment sur Actu<\/p>\n<p class=\" wall-content\">Durant cinq jours, des <strong>animations<\/strong> \u00ab\u2009enti\u00e8rement <strong>gratuites aux couleurs du club<\/strong>\u2009\u00bb sont organis\u00e9es. \u00ab\u2009Immortalisez votre passage \u00e0 la borne photo, laissez un message sur le mur d\u2019encouragement, tentez votre chance \u00e0 la roue \u00e0 goodies et affrontez vos amis \u00e0 l\u2019Oval P\u00e9tanque, au mini drop-out sur la cible g\u00e9ante\u2009! Les plus jeunes pourront aussi s\u2019essayer aux poteaux de rugby gonflables, pendant que les commer\u00e7ants de Toulouse participent au concours de la plus belle vitrine rouge et noire\u2009\u00bb, annoncent-ils.<\/p>\n<p>    <img   decoding=\"async\" loading=\"lazy\" src=\"https:\/\/www.europesays.com\/fr\/wp-content\/uploads\/2025\/05\/img-2811-960x640.jpeg\" alt=\"Des jeux face au Capitole\" width=\"960\" height=\"640\"\/><br \/>\n    Des jeux face au Capitole ce mardi 27\u00a0mai (\u00a9L\u00e9a Afonso \/ Actu Toulouse)Le programme<\/p>\n<p class=\" wall-content\">Ovalion ne s\u2019arr\u00eate pas \u00e0 la place du Capitole. La mascotte compte bien se d\u00e9hancher et amuser petits et grands dans la ville enti\u00e8re. Si ce mardi les festivit\u00e9s se d\u00e9roulaient place du Capitole, rendez-vous au<strong> port de la Daurade ce mercredi<\/strong> 28\u00a0mai (de 14h \u00e0 18h), place <strong>Saint-Georges jeudi<\/strong> 29\u00a0mai dans l\u2019apr\u00e8s-midi et \u00e0<strong> Saint-Pierre<\/strong> \u00e0 partir de 18h.<\/p>\n<p class=\" wall-content\"><strong>Vendredi<\/strong>\u00a030 dans l\u2019apr\u00e8s-midi, place \u00e0 la<strong> rue de Metz<\/strong>. Et pour cl\u00f4turer cette semaine de f\u00eate, quoi de mieux que le march\u00e9 <strong>Victor-Hugo, samedi<\/strong>\u00a031 de 14h \u00e0 18h.<\/p>\n<p class=\" wall-content\">Suivez toute l\u2019actualit\u00e9 de vos villes et m\u00e9dias favoris en vous inscrivant \u00e0 <a href=\"https:\/\/moncompte.actu.fr\" title=\"D\u00e9couvez Mon Actu\" rel=\"nofollow noopener\" data-trk=\"{&quot;cta&quot;:{&quot;action&quot;:&quot;https:\\\/\\\/moncompte.actu.fr&quot;,&quot;category&quot;:&quot;mon compte&quot;,&quot;from&quot;:&quot;article footer&quot;,&quot;name&quot;:&quot;Mon actu&quot;,&quot;type&quot;:&quot;cta&quot;}}\" target=\"_blank\">Mon Actu<\/a>.<\/p>\n<ul class=\"ac-article-tag wall-content\">\n<li><a href=\"https:\/\/actu.fr\/tag\/sortir-a-toulouse\" data-trk=\"{&quot;cta&quot;:{&quot;action&quot;:&quot;Sortir \\u00e0 Toulouse&quot;,&quot;category&quot;:&quot;tag&quot;,&quot;from&quot;:&quot;article footer&quot;,&quot;name&quot;:&quot;Sortir \\u00e0 Toulouse&quot;,&quot;type&quot;:&quot;cta&quot;}}\" rel=\"nofollow noopener\" target=\"_blank\">#Sortir \u00e0 Toulouse<\/a><\/li>\n<li><a href=\"https:\/\/actu.fr\/tag\/stade-toulousain\" data-trk=\"{&quot;cta&quot;:{&quot;action&quot;:&quot;Stade toulousain&quot;,&quot;category&quot;:&quot;tag&quot;,&quot;from&quot;:&quot;article footer&quot;,&quot;name&quot;:&quot;Stade toulousain&quot;,&quot;type&quot;:&quot;cta&quot;}}\" rel=\"nofollow noopener\" target=\"_blank\">#Stade toulousain<\/a><\/li>\n<\/ul>\n","protected":false},"excerpt":{"rendered":"Par L\u00e9a Afonso Publi\u00e9 le 27 mai 2025 \u00e0 17h17 La chaleur de ce d\u00e9but de semaine n\u2019aura&hellip;\n","protected":false},"author":2,"featured_media":132105,"comment_status":"","ping_status":"","sticky":false,"template":"","format":"standard","meta":{"footnotes":""},"categories":[2816],"tags":[1111,11,1777,674,1011,27,1652,12,2680,25,1341,476,2312],"class_list":{"0":"post-132104","1":"post","2":"type-post","3":"status-publish","4":"format-standard","5":"has-post-thumbnail","7":"category-toulouse","8":"tag-actu","9":"tag-actualites","10":"tag-eu","11":"tag-europe","12":"tag-fr","13":"tag-france","14":"tag-loisirs-culture","15":"tag-news","16":"tag-occitanie","17":"tag-republique-francaise","18":"tag-sortir-a-toulouse","19":"tag-stade-toulousain","20":"tag-toulouse"},"share_on_mastodon":{"url":"https:\/\/pubeurope.com\/@fr\/114580567188499275","error":""},"_links":{"self":[{"href":"https:\/\/www.europesays.com\/fr\/wp-json\/wp\/v2\/posts\/132104","targetHints":{"allow":["GET"]}}],"collection":[{"href":"https:\/\/www.europesays.com\/fr\/wp-json\/wp\/v2\/posts"}],"about":[{"href":"https:\/\/www.europesays.com\/fr\/wp-json\/wp\/v2\/types\/post"}],"author":[{"embeddable":true,"href":"https:\/\/www.europesays.com\/fr\/wp-json\/wp\/v2\/users\/2"}],"replies":[{"embeddable":true,"href":"https:\/\/www.europesays.com\/fr\/wp-json\/wp\/v2\/comments?post=132104"}],"version-history":[{"count":0,"href":"https:\/\/www.europesays.com\/fr\/wp-json\/wp\/v2\/posts\/132104\/revisions"}],"wp:featuredmedia":[{"embeddable":true,"href":"https:\/\/www.europesays.com\/fr\/wp-json\/wp\/v2\/media\/132105"}],"wp:attachment":[{"href":"https:\/\/www.europesays.com\/fr\/wp-json\/wp\/v2\/media?parent=132104"}],"wp:term":[{"taxonomy":"category","embeddable":true,"href":"https:\/\/www.europesays.com\/fr\/wp-json\/wp\/v2\/categories?post=132104"},{"taxonomy":"post_tag","embeddable":true,"href":"https:\/\/www.europesays.com\/fr\/wp-json\/wp\/v2\/tags?post=132104"}],"curies":[{"name":"wp","href":"https:\/\/api.w.org\/{rel}","templated":true}]}}