{"id":132110,"date":"2025-05-27T15:46:08","date_gmt":"2025-05-27T15:46:08","guid":{"rendered":"https:\/\/www.europesays.com\/fr\/132110\/"},"modified":"2025-05-27T15:46:08","modified_gmt":"2025-05-27T15:46:08","slug":"le-premier-festival-drag-du-sud-de-la-france-se-tiendra-a-marseille-du-30-mai-au-1er-juin-2025","status":"publish","type":"post","link":"https:\/\/www.europesays.com\/fr\/132110\/","title":{"rendered":"Le premier festival drag du sud de la France se tiendra \u00e0 Marseille du 30 mai au 1er juin 2025"},"content":{"rendered":"<p>Trois jours consacr\u00e9s au drag et \u00e0 la culture queer, rassembl\u00e9s pour la premi\u00e8re fois dans un festival, \u00ab\u00a0c\u2019est une premi\u00e8re dans le sud de la France\u00a0\u00bb, affiche fi\u00e8rement l\u2019\u00e9quipe des \u00c9toiles du drag. Ces deux derni\u00e8res ann\u00e9es, l\u2019\u00e9v\u00e9nement s\u2019articulait le temps d\u2019une journ\u00e9e intimiste. Mais d\u00e8s ce vendredi 30 mai, et ce jusqu\u2019au dimanche 1er\u00a0juin, le rendez-vous festif et color\u00e9 basculera dans une autre dimension avec des spectacles pr\u00e9vus au cabaret L\u2019\u00c9toile Bleue et \u00e0 la guinguette Chez Mano (5e arrondissement de <a href=\"https:\/\/www.laprovence.com\/bouches-du-rhone\/marseille-13055\" target=\"_blank\" rel=\"noopener\">Marseille<\/a>).<\/p>\n<p>D\u00e8s le vendredi 30 mai, le festival entrera dans le vif du sujet avec la Revue drag men\u00e9e par <a href=\"https:\/\/www.laprovence.com\/article\/sports\/29214417248193\/miss-martini-cette-marseillaise-sera-la-premiere-drag-queen-a-porter-la-flamme-olympique\" target=\"_blank\" rel=\"noopener\">la drag-queen marseillaise Miss Martini<\/a>, qui coproduit les \u00c9toiles du drag avec le cabaret L\u2019\u00c9toile Bleue. Un premier temps festif et artistique auquel seront associ\u00e9s les membres de la M.S.T., la Maison des soins transgressifs, une association qui regroupe six queens. Mais aussi deux vedettes du drag fran\u00e7ais, \u00e0 commencer par Icee Drag On, que le grand public a d\u00e9couvert jusqu\u2019en finale de La France a un incroyable talent en\u00a02021. Mais aussi <a href=\"https:\/\/www.laprovence.com\/article\/culture-loisirs\/1093221225203915\/ruby-on-the-nail-le-drag-marseillais-facon-ancien-hollywood\" target=\"_blank\" rel=\"noopener\">Ruby on the Nail<\/a>, la diva marseillaise qui s\u2019est hiss\u00e9e l\u2019an dernier en finale du concours t\u00e9l\u00e9vis\u00e9 Drag Race France, en signant notamment une parodie d\u00e9licieuse de <a href=\"https:\/\/www.laprovence.com\/article\/culture-loisirs\/5018650361080614\/jul-au-velodrome-un-concert-sans-fin-150-000-spectateurs-en-deux-jours-nouveau-record-pour-le-j\" target=\"_blank\" rel=\"noopener\">Jul<\/a>.<\/p>\n<p>Le samedi 31 mai se poursuivront les festivit\u00e9s avec l\u2019ouverture pour deux jours d\u2019un march\u00e9 de cr\u00e9ateurs. Suivront des classiques de la culture drag, avec un bingo, puis un atelier burlesque qui, dans un registre cabaret sensuel, transgressera les genres. Le talent show, autre incontournable d\u2019un concours drag, sera ouvert aux queens, kings, cr\u00e9atures et performeurs. Chaque participant devra faire d\u00e9monstration de son savoir-faire artistique libre de choix, face \u00e0 un jury qui comptera Icee Drag On et Ruby on the Nail. Mais aussi le mannequin Raphael Say, la cofondatrice du collectif Cagole Nomade Lisa Billard ou encore Madame Wasabi, ambassadrice du drag japonais.<\/p>\n<p>Pour terminer le festival, la journ\u00e9e de dimanche s\u2019ouvrira avec un brunch drag, l\u00e0 encore un classique de cet univers. Une masterclass make up avec Raphael Say et une table ronde autour des identit\u00e9s LGBTQIA +\u00a0seront \u00e9galement au programme, apportant au festival une dimension militante.<\/p>\n<p>\u00ab\u00a0Amener le drag au-del\u00e0 du monde de la nuit, c\u2019est mon premier combat\u00a0\u00bb<\/p>\n<p>Ce dernier aspect, Miss Martini l\u2019a int\u00e9gr\u00e9 tr\u00e8s rapidement dans son parcours de drag-queen, commenc\u00e9 il y a dix ans. L\u2019artiste, Martin de son pr\u00e9nom \u00e0 l\u2019\u00e9tat civil, se bat au quotidien pour sensibiliser la soci\u00e9t\u00e9 \u00e0 l\u2019art du drag et aux messages qu\u2019il porte en faveur du vivre ensemble. L\u2019un des enjeux \u00e9tant de donner \u00e0 cet art une visibilit\u00e9 grand public, qu\u2019il commence \u00e0 acqu\u00e9rir depuis quelques ann\u00e9es. \u00ab\u00a0Avant, le drag se d\u00e9roulait seulement dans des lieux confidentiels et \u00e0 partir d\u2019une certaine heure. Amener le drag au-del\u00e0 du monde de la nuit, c\u2019est mon premier combat\u00a0\u00bb, porte la Marseillaise. Qui n\u2019est pas peu fi\u00e8re de voir les \u00c9toiles du drag prendre ses quartiers en journ\u00e9e. Ou encore le show <a href=\"https:\/\/www.laprovence.com\/article\/sortie-loisirs\/1278214603628715\/nicky-doll-ruby-on-the-nail-lula-strega-au-cepac-silo-les-drag-queens-marseillaises-ont-fait-le-show\" target=\"_blank\" rel=\"noopener\">Drag Race France<\/a> investir des plages horaires grand public \u00e0 la t\u00e9l\u00e9vision.<\/p>\n<p>Une vision que d\u00e9fend Miss Martini avec son troisi\u00e8me spectacle, En coulisse\u00a0!, jou\u00e9 chaque premier vendredi du mois \u00e0 L\u2019\u00c9toile Bleue. \u00ab\u00a0Notre principal probl\u00e8me, c\u2019est que le drag n\u2019est pas rentr\u00e9 dans les institutions et ne b\u00e9n\u00e9ficie donc pas de subventions, qui nous permettraient d\u2019\u00e9voluer comme d\u2019autres artistes. Alors que c\u2019est la quintessence du chant, de la danse, du th\u00e9\u00e2tre, du stand-up\u2026\u00a0\u00bb, pointe l\u2019artiste. Elle avait marqu\u00e9 l\u2019Histoire l\u2019an dernier en devenant la premi\u00e8re drag-queen \u00e0 <a href=\"https:\/\/www.laprovence.com\/videos\/miss-martini-marseillaise-et-premire-drag-queen-porter-la-flamme-olympique\/12706390\" target=\"_blank\" rel=\"noopener\">porter la flamme olympique<\/a>, et fait la fiert\u00e9 de toute une communaut\u00e9.<\/p>\n<p>Du 30 mai au 1er juin 2025 au cabaret L&rsquo;\u00c9toile Bleue et \u00e0 la guinguette Chez Mano (5e). Pass 3 jours 85\u20ac ou \u00e0 partir de 14\u20ac pour assister \u00e0 un \u00e9v\u00e9nement. Retrouvez tous les tarifs et le programme d\u00e9taill\u00e9 sur www.cabaretletoilebleue.fr<\/p>\n","protected":false},"excerpt":{"rendered":"Trois jours consacr\u00e9s au drag et \u00e0 la culture queer, rassembl\u00e9s pour la premi\u00e8re fois dans un festival,&hellip;\n","protected":false},"author":2,"featured_media":132111,"comment_status":"","ping_status":"","sticky":false,"template":"","format":"standard","meta":{"footnotes":""},"categories":[2814],"tags":[17,1111,11,251,25682,1777,674,849,1011,27,884,12,7910,882,25,7053,18282],"class_list":{"0":"post-132110","1":"post","2":"type-post","3":"status-publish","4":"format-standard","5":"has-post-thumbnail","7":"category-marseille","8":"tag-17","9":"tag-actu","10":"tag-actualites","11":"tag-culture","12":"tag-drag","13":"tag-eu","14":"tag-europe","15":"tag-festival","16":"tag-fr","17":"tag-france","18":"tag-marseille","19":"tag-news","20":"tag-premier","21":"tag-provence-alpes-cote-dazur","22":"tag-republique-francaise","23":"tag-sud","24":"tag-tiendra"},"share_on_mastodon":{"url":"https:\/\/pubeurope.com\/@fr\/114580578914588755","error":""},"_links":{"self":[{"href":"https:\/\/www.europesays.com\/fr\/wp-json\/wp\/v2\/posts\/132110","targetHints":{"allow":["GET"]}}],"collection":[{"href":"https:\/\/www.europesays.com\/fr\/wp-json\/wp\/v2\/posts"}],"about":[{"href":"https:\/\/www.europesays.com\/fr\/wp-json\/wp\/v2\/types\/post"}],"author":[{"embeddable":true,"href":"https:\/\/www.europesays.com\/fr\/wp-json\/wp\/v2\/users\/2"}],"replies":[{"embeddable":true,"href":"https:\/\/www.europesays.com\/fr\/wp-json\/wp\/v2\/comments?post=132110"}],"version-history":[{"count":0,"href":"https:\/\/www.europesays.com\/fr\/wp-json\/wp\/v2\/posts\/132110\/revisions"}],"wp:featuredmedia":[{"embeddable":true,"href":"https:\/\/www.europesays.com\/fr\/wp-json\/wp\/v2\/media\/132111"}],"wp:attachment":[{"href":"https:\/\/www.europesays.com\/fr\/wp-json\/wp\/v2\/media?parent=132110"}],"wp:term":[{"taxonomy":"category","embeddable":true,"href":"https:\/\/www.europesays.com\/fr\/wp-json\/wp\/v2\/categories?post=132110"},{"taxonomy":"post_tag","embeddable":true,"href":"https:\/\/www.europesays.com\/fr\/wp-json\/wp\/v2\/tags?post=132110"}],"curies":[{"name":"wp","href":"https:\/\/api.w.org\/{rel}","templated":true}]}}