{"id":132112,"date":"2025-05-27T15:47:08","date_gmt":"2025-05-27T15:47:08","guid":{"rendered":"https:\/\/www.europesays.com\/fr\/132112\/"},"modified":"2025-05-27T15:47:08","modified_gmt":"2025-05-27T15:47:08","slug":"marseille-sur-cette-avenue-dangereuse-un-accident-entre-deux-roues-fait-plusieurs-blesses","status":"publish","type":"post","link":"https:\/\/www.europesays.com\/fr\/132112\/","title":{"rendered":"Marseille. Sur cette avenue \u00ab\u00a0dangereuse\u00a0\u00bb, un accident entre deux-roues fait plusieurs bless\u00e9s"},"content":{"rendered":"<p>            Par<br \/>\n        <strong><br \/>\n            <a href=\"https:\/\/actu.fr\/auteur\/thibault-nadal-actu-fr\" title=\"Consulter tous les articles de Thibault Nadal\" target=\"_blank\" rel=\"noopener\">Thibault Nadal<\/a><br \/>\n        <\/strong><\/p>\n<p>        Publi\u00e9 le<\/p>\n<p>            27 mai 2025 \u00e0 17h33        <\/p>\n<p>Un choc qui aurait pu avoir de lourdes cons\u00e9quences. Ce lundi 26\u00a0mai 2025, <a href=\"https:\/\/actu.fr\/tag\/accident\" target=\"_blank\" rel=\"noopener\">un accident<\/a> entre deux v\u00e9hicules deux-roues a fait plusieurs bless\u00e9s, avenue d\u2019Hambourg, dans le 8e arrondissement de <a href=\"https:\/\/actu.fr\/marseille\/\" target=\"_blank\" rel=\"noopener\">Marseille<\/a>, a appris actu Marseille, aupr\u00e8s des <a href=\"https:\/\/actu.fr\/tag\/marin-pompier\" target=\"_blank\" rel=\"noopener\">marins-pompiers<\/a>.<\/p>\n<p class=\" wall-content\">Sur le premier deux-roues, un homme de 21\u00a0ans a \u00e9t\u00e9 <strong>transport\u00e9\u00a0polytraumatis\u00e9<\/strong> \u00e0 l\u2019h\u00f4pital de La Timone (5e). Sa passag\u00e8re, \u00e2g\u00e9e de 19, a, elle aussi, \u00e9t\u00e9 transport\u00e9e \u00e0 l\u2019h\u00f4pital du 5e arrondissement pour <strong>un traumatisme cr\u00e2nien<\/strong>.<\/p>\n<p class=\" wall-content\">Les passagers du deuxi\u00e8me v\u00e9hicule, \u00e2g\u00e9s de 21 et 23\u00a0ans, sont sortis <strong>indemnes<\/strong> du choc.<\/p>\n<p>Une avenue dangereuse\u2009?<\/p>\n<p class=\" wall-content\">Selon les premiers \u00e9l\u00e9ments, l\u2019incident se serait produit aux alentours de 18h ce lundi. Mais pour le moment, les circonstances de cet accident ne sont pas connues.<\/p>\n<p class=\" wall-content\">Sur <a href=\"https:\/\/www.facebook.com\/groups\/1650707931943988\/posts\/2569736123374493\" target=\"_blank\" rel=\"noopener\">Facebook<\/a>, ce travailleur estime que \u00ab\u2009la dangerosit\u00e9 de l\u2019avenue de Hambourg a fait parler d\u2019elle\u2009\u00bb.<\/p>\n<p>Vid\u00e9os : en ce moment sur Actu<\/p>\n<p class=\" wall-content\">Install\u00e9 au 33 de l\u2019avenue, il constate depuis un an et demi <strong>les \u00ab\u2009exc\u00e8s de vitesse et de la dangerosit\u00e9 de cette avenue<\/strong> dans les deux sens au quotidien\u2009\u00bb.<\/p>\n<p class=\" wall-content\">Suivez toute l\u2019actualit\u00e9 de vos villes et m\u00e9dias favoris en vous inscrivant \u00e0 <a href=\"https:\/\/moncompte.actu.fr\" title=\"D\u00e9couvez Mon Actu\" rel=\"nofollow noopener\" data-trk=\"{&quot;cta&quot;:{&quot;action&quot;:&quot;https:\\\/\\\/moncompte.actu.fr&quot;,&quot;category&quot;:&quot;mon compte&quot;,&quot;from&quot;:&quot;article footer&quot;,&quot;name&quot;:&quot;Mon actu&quot;,&quot;type&quot;:&quot;cta&quot;}}\" target=\"_blank\">Mon Actu<\/a>.<\/p>\n","protected":false},"excerpt":{"rendered":"Par Thibault Nadal Publi\u00e9 le 27 mai 2025 \u00e0 17h33 Un choc qui aurait pu avoir de lourdes&hellip;\n","protected":false},"author":2,"featured_media":132113,"comment_status":"","ping_status":"","sticky":false,"template":"","format":"standard","meta":{"footnotes":""},"categories":[2814],"tags":[119,1111,11,1777,674,118,1011,27,17289,884,12,882,25],"class_list":{"0":"post-132112","1":"post","2":"type-post","3":"status-publish","4":"format-standard","5":"has-post-thumbnail","7":"category-marseille","8":"tag-accident","9":"tag-actu","10":"tag-actualites","11":"tag-eu","12":"tag-europe","13":"tag-faits-divers","14":"tag-fr","15":"tag-france","16":"tag-marin-pompier","17":"tag-marseille","18":"tag-news","19":"tag-provence-alpes-cote-dazur","20":"tag-republique-francaise"},"share_on_mastodon":{"url":"https:\/\/pubeurope.com\/@fr\/114580583020404489","error":""},"_links":{"self":[{"href":"https:\/\/www.europesays.com\/fr\/wp-json\/wp\/v2\/posts\/132112","targetHints":{"allow":["GET"]}}],"collection":[{"href":"https:\/\/www.europesays.com\/fr\/wp-json\/wp\/v2\/posts"}],"about":[{"href":"https:\/\/www.europesays.com\/fr\/wp-json\/wp\/v2\/types\/post"}],"author":[{"embeddable":true,"href":"https:\/\/www.europesays.com\/fr\/wp-json\/wp\/v2\/users\/2"}],"replies":[{"embeddable":true,"href":"https:\/\/www.europesays.com\/fr\/wp-json\/wp\/v2\/comments?post=132112"}],"version-history":[{"count":0,"href":"https:\/\/www.europesays.com\/fr\/wp-json\/wp\/v2\/posts\/132112\/revisions"}],"wp:featuredmedia":[{"embeddable":true,"href":"https:\/\/www.europesays.com\/fr\/wp-json\/wp\/v2\/media\/132113"}],"wp:attachment":[{"href":"https:\/\/www.europesays.com\/fr\/wp-json\/wp\/v2\/media?parent=132112"}],"wp:term":[{"taxonomy":"category","embeddable":true,"href":"https:\/\/www.europesays.com\/fr\/wp-json\/wp\/v2\/categories?post=132112"},{"taxonomy":"post_tag","embeddable":true,"href":"https:\/\/www.europesays.com\/fr\/wp-json\/wp\/v2\/tags?post=132112"}],"curies":[{"name":"wp","href":"https:\/\/api.w.org\/{rel}","templated":true}]}}