{"id":132128,"date":"2025-05-27T15:57:08","date_gmt":"2025-05-27T15:57:08","guid":{"rendered":"https:\/\/www.europesays.com\/fr\/132128\/"},"modified":"2025-05-27T15:57:08","modified_gmt":"2025-05-27T15:57:08","slug":"a-paris-une-elue-ecologiste-cite-mal-de-gaulle-et-fait-une-sortie-antisemite","status":"publish","type":"post","link":"https:\/\/www.europesays.com\/fr\/132128\/","title":{"rendered":"\u00e0 Paris, une \u00e9lue \u00e9cologiste cite (mal) de Gaulle et fait une sortie antis\u00e9mite"},"content":{"rendered":"<p>            Par<br \/>\n        <strong><br \/>\n            <a href=\"https:\/\/actu.fr\/auteur\/sarah-coulet\" title=\"Consulter tous les articles de Sarah Coulet\" target=\"_blank\" rel=\"noopener\">Sarah Coulet<\/a><br \/>\n        <\/strong><\/p>\n<p>        Publi\u00e9 le<\/p>\n<p>            27 mai 2025 \u00e0 17h21        <\/p>\n<p>\u00ab\u2009L\u2019<a href=\"https:\/\/actu.fr\/tag\/antisemitisme\" target=\"_blank\" rel=\"noopener\">antis\u00e9mitisme<\/a> et le racisme n\u2019auront jamais leur place chez <a href=\"https:\/\/actu.fr\/tag\/europe-ecologie-les-verts-eelv\" target=\"_blank\" rel=\"noopener\">Les \u00c9cologistes<\/a>\u2009\u00bb. Un rappel sign\u00e9 <a href=\"https:\/\/actu.fr\/ile-de-france\/paris_75056\/municipales-2026-a-paris-david-belliard-une-personnalite-complexe-passee-d-outsider-a-champion-des-verts_62381904.html\" target=\"_blank\" rel=\"noopener\">David Belliard<\/a>, candidat \u00e9cologiste \u00e0 la <a href=\"https:\/\/actu.fr\/tag\/mairie-de-paris\" target=\"_blank\" rel=\"noopener\">Mairie de Paris<\/a> au lendemain de la d\u00e9claration empreinte d\u2019antis\u00e9mitisme de <strong>Lila Djellali<\/strong>, membre du parti et adjointe \u00e0 la mairie du 20e, lors d\u2019un conseil d\u2019arrondissement, lundi 26 mai 2025.<\/p>\n<p>\u00ab\u00a0Je n\u2019aurais pas d\u00fb reprendre cette citation\u00a0\u00bb<\/p>\n<p class=\" wall-content\">Alors que le d\u00e9bat portait \u00ab\u2009<a href=\"https:\/\/actu.fr\/monde\/israel-va-prendre-le-controle-de-tout-le-territoire-de-gaza-annonce-benjamin-netanyahu_62654506.html\" target=\"_blank\" rel=\"noopener\">sur la guerre \u00e0 Gaza<\/a>\u2009\u00bb, l\u2019\u00e9lue \u00ab\u2009a tenu des propos inadmissibles, utilisant une <strong>citation<\/strong> relayant des pr\u00e9jug\u00e9s antis\u00e9mites\u2009\u00bb, retrace David Belliard rappelant que le parti condamnait \u00ab\u2009avec la plus grande fermet\u00e9\u2009\u00bb.<\/p>\n<p class=\" wall-content\">\n<p class=\" wall-content\">\u00ab\u2009Le jour o\u00f9 on rassemblera au m\u00eame endroit les Juifs, nous avons peur aujourd\u2019hui qu\u2019ils puissent devenir des dominateurs, qu\u2019ils puissent faire l\u2019impensable\u2009\u00bb, a ainsi d\u00e9clar\u00e9 <strong>Lila Djellali<\/strong>, expliquant citer le G\u00e9n\u00e9ral de Gaulle.\u00a0<\/p>\n<p class=\" wall-content\">Une citation pas vraiment exacte. L\u2019<a href=\"https:\/\/mediaclip.ina.fr\/fr\/i19073226-charles-de-gaulle-les-juifs-un-peuple-d-elite-sur-de-lui-meme-et-dominateur.html\" target=\"_blank\" rel=\"noopener\">INA<\/a> a retrouv\u00e9 le discours auquel fait r\u00e9f\u00e9rence l\u2019\u00e9lue. En 1967, en pleine <strong>guerre des Six Jours<\/strong>, l\u2019ancien pr\u00e9sident avait prononc\u00e9 le discours suivant : \u00ab\u00a0Certains m\u00eame redoutaient que les Juifs, jusqu\u2019alors dispers\u00e9s, mais qui \u00e9taient rest\u00e9s ce qu\u2019ils avaient \u00e9t\u00e9 de tout temps, c\u2019est \u00e0 dire un peuple d\u2019\u00e9lite, s\u00fbr de lui-m\u00eame et dominateur, n\u2019en viennent, une fois rassembl\u00e9s dans le site de leur ancienne grandeur, \u00e0 changer en ambition ardente et conqu\u00e9rante les souhaits tr\u00e8s \u00e9mouvants qu\u2019ils formaient depuis 19 si\u00e8cles : l\u2019an prochain \u00e0 J\u00e9rusalem\u00a0\u00bb.<\/p>\n<p class=\" wall-content\">\n<p class=\" wall-content\">Quelques heures apr\u00e8s les faits, elle a tenu \u00e0 \u00ab\u2009sinc\u00e8rement s\u2019excuser\u2009\u00bb par voie de communiqu\u00e9 aupr\u00e8s de \u00ab\u2009celles et ceux que mes propos ont bless\u00e9s et assure mon engagement plein et entier \u00e0 la lutte contre l\u2019antis\u00e9mitisme. Je n\u2019aurais <strong>pas d\u00fb reprendre cette citation<\/strong> qui rev\u00eat tous les poncifs de l\u2019antis\u00e9mitisme, essentialisant les Juifs.\u2009\u00bb Et d\u2019ajouter\u2009: \u00ab\u2009Je m\u2019engage \u00e0 me former pour ne plus commettre cette erreur.\u2009\u00bb<\/p>\n<p>Vid\u00e9os : en ce moment sur Actu<\/p>\n<p class=\" wall-content\">Suivez toute l\u2019actualit\u00e9 de vos villes et m\u00e9dias favoris en vous inscrivant \u00e0 <a href=\"https:\/\/moncompte.actu.fr\" title=\"D\u00e9couvez Mon Actu\" rel=\"nofollow noopener\" data-trk=\"{&quot;cta&quot;:{&quot;action&quot;:&quot;https:\\\/\\\/moncompte.actu.fr&quot;,&quot;category&quot;:&quot;mon compte&quot;,&quot;from&quot;:&quot;article footer&quot;,&quot;name&quot;:&quot;Mon actu&quot;,&quot;type&quot;:&quot;cta&quot;}}\" target=\"_blank\">Mon Actu<\/a>.<\/p>\n<ul class=\"ac-article-tag wall-content\">\n<li><a href=\"https:\/\/actu.fr\/tag\/antisemitisme\" data-trk=\"{&quot;cta&quot;:{&quot;action&quot;:&quot;Antis\\u00e9mitisme&quot;,&quot;category&quot;:&quot;tag&quot;,&quot;from&quot;:&quot;article footer&quot;,&quot;name&quot;:&quot;Antis\\u00e9mitisme&quot;,&quot;type&quot;:&quot;cta&quot;}}\" target=\"_blank\" rel=\"noopener\">#Antis\u00e9mitisme<\/a><\/li>\n<li><a href=\"https:\/\/actu.fr\/tag\/europe-ecologie-les-verts-eelv\" data-trk=\"{&quot;cta&quot;:{&quot;action&quot;:&quot;Europe Ecologie Les Verts (EELV)&quot;,&quot;category&quot;:&quot;tag&quot;,&quot;from&quot;:&quot;article footer&quot;,&quot;name&quot;:&quot;Europe Ecologie Les Verts (EELV)&quot;,&quot;type&quot;:&quot;cta&quot;}}\" target=\"_blank\" rel=\"noopener\">#Europe Ecologie Les Verts (EELV)<\/a><\/li>\n<\/ul>\n","protected":false},"excerpt":{"rendered":"Par Sarah Coulet Publi\u00e9 le 27 mai 2025 \u00e0 17h21 \u00ab\u2009L\u2019antis\u00e9mitisme et le racisme n\u2019auront jamais leur place&hellip;\n","protected":false},"author":2,"featured_media":132129,"comment_status":"","ping_status":"","sticky":false,"template":"","format":"standard","meta":{"footnotes":""},"categories":[1888],"tags":[11,6155,1777,674,7430,1011,27,12,626,25,104],"class_list":{"0":"post-132128","1":"post","2":"type-post","3":"status-publish","4":"format-standard","5":"has-post-thumbnail","7":"category-paris","8":"tag-actualites","9":"tag-antisemitisme","10":"tag-eu","11":"tag-europe","12":"tag-europe-ecologie-les-verts-eelv","13":"tag-fr","14":"tag-france","15":"tag-news","16":"tag-paris","17":"tag-republique-francaise","18":"tag-societe"},"share_on_mastodon":{"url":"https:\/\/pubeurope.com\/@fr\/114580622482046596","error":""},"_links":{"self":[{"href":"https:\/\/www.europesays.com\/fr\/wp-json\/wp\/v2\/posts\/132128","targetHints":{"allow":["GET"]}}],"collection":[{"href":"https:\/\/www.europesays.com\/fr\/wp-json\/wp\/v2\/posts"}],"about":[{"href":"https:\/\/www.europesays.com\/fr\/wp-json\/wp\/v2\/types\/post"}],"author":[{"embeddable":true,"href":"https:\/\/www.europesays.com\/fr\/wp-json\/wp\/v2\/users\/2"}],"replies":[{"embeddable":true,"href":"https:\/\/www.europesays.com\/fr\/wp-json\/wp\/v2\/comments?post=132128"}],"version-history":[{"count":0,"href":"https:\/\/www.europesays.com\/fr\/wp-json\/wp\/v2\/posts\/132128\/revisions"}],"wp:featuredmedia":[{"embeddable":true,"href":"https:\/\/www.europesays.com\/fr\/wp-json\/wp\/v2\/media\/132129"}],"wp:attachment":[{"href":"https:\/\/www.europesays.com\/fr\/wp-json\/wp\/v2\/media?parent=132128"}],"wp:term":[{"taxonomy":"category","embeddable":true,"href":"https:\/\/www.europesays.com\/fr\/wp-json\/wp\/v2\/categories?post=132128"},{"taxonomy":"post_tag","embeddable":true,"href":"https:\/\/www.europesays.com\/fr\/wp-json\/wp\/v2\/tags?post=132128"}],"curies":[{"name":"wp","href":"https:\/\/api.w.org\/{rel}","templated":true}]}}